{"id":312277,"date":"2023-03-04T17:33:05","date_gmt":"2023-03-04T20:33:05","guid":{"rendered":"https:\/\/jundiai.sp.gov.br\/noticias\/?p=312277"},"modified":"2023-03-06T09:24:05","modified_gmt":"2023-03-06T12:24:05","slug":"unidades-de-saude-registram-grande-movimento-para-vacinacao-contra-covid-19","status":"publish","type":"post","link":"https:\/\/jundiai.sp.gov.br\/noticias\/2023\/03\/04\/unidades-de-saude-registram-grande-movimento-para-vacinacao-contra-covid-19\/","title":{"rendered":"Unidades de sa\u00fade registram grande movimento para vacina\u00e7\u00e3o contra COVID-19"},"content":{"rendered":"\n<p>As Unidades de Sa\u00fade de Jundia\u00ed registraram uma grande movimenta\u00e7\u00e3o para aplica\u00e7\u00e3o da dose bivalente do imunizante da Pfizer. Ao todo, 7158 pessoas compareceram para receber o refor\u00e7o, sendo a maioria o p\u00fablico com mais de 60 anos.<\/p>\n\n\n\n<p>O casal Nelson Bercelli e Leonor Bercelli n\u00e3o perderam tempo e foram \u00e0 Cl\u00ednica da Fam\u00edlia da Vila Hortol\u00e2ndia, ainda pela manh\u00e3, para receber o imunizante. &#8220;Acreditamos na ci\u00eancia e sa\u00edmos da situa\u00e7\u00e3o mais cr\u00edtica da pandemia por causa da vacina. At\u00e9 hoje fomos vacinados com todas as doses necess\u00e1rias&#8221;, afirmou Nelson.<\/p>\n\n\n\n<figure class=\"wp-block-gallery has-nested-images columns-default is-cropped wp-block-gallery-1 is-layout-flex wp-block-gallery-is-layout-flex\">\n<figure class=\"wp-block-image size-large\"><img loading=\"lazy\" decoding=\"async\" width=\"1280\" height=\"854\" data-id=\"312278\" src=\"https:\/\/jundiai.sp.gov.br\/noticias\/wp-content\/uploads\/sites\/32\/2023\/03\/clinica-da-familia-hortolandia-vacinacao-covid19-bivalente_fm_-12-1280x854.jpg\" alt=\"\" class=\"wp-image-312278\" srcset=\"https:\/\/jundiai.sp.gov.br\/noticias\/wp-content\/uploads\/sites\/32\/2023\/03\/clinica-da-familia-hortolandia-vacinacao-covid19-bivalente_fm_-12-1280x854.jpg 1280w, https:\/\/jundiai.sp.gov.br\/noticias\/wp-content\/uploads\/sites\/32\/2023\/03\/clinica-da-familia-hortolandia-vacinacao-covid19-bivalente_fm_-12-300x200.jpg 300w, https:\/\/jundiai.sp.gov.br\/noticias\/wp-content\/uploads\/sites\/32\/2023\/03\/clinica-da-familia-hortolandia-vacinacao-covid19-bivalente_fm_-12-768x512.jpg 768w, https:\/\/jundiai.sp.gov.br\/noticias\/wp-content\/uploads\/sites\/32\/2023\/03\/clinica-da-familia-hortolandia-vacinacao-covid19-bivalente_fm_-12-1536x1024.jpg 1536w, https:\/\/jundiai.sp.gov.br\/noticias\/wp-content\/uploads\/sites\/32\/2023\/03\/clinica-da-familia-hortolandia-vacinacao-covid19-bivalente_fm_-12-450x300.jpg 450w, https:\/\/jundiai.sp.gov.br\/noticias\/wp-content\/uploads\/sites\/32\/2023\/03\/clinica-da-familia-hortolandia-vacinacao-covid19-bivalente_fm_-12.jpg 1900w\" sizes=\"auto, (max-width: 1280px) 100vw, 1280px\" \/><figcaption class=\"wp-element-caption\">Nelson e Leonor Bercelli receberam o imunizante neste s\u00e1bado (04)<\/figcaption><\/figure>\n\n\n\n<figure class=\"wp-block-image size-large\"><img loading=\"lazy\" decoding=\"async\" width=\"1280\" height=\"854\" data-id=\"312279\" src=\"https:\/\/jundiai.sp.gov.br\/noticias\/wp-content\/uploads\/sites\/32\/2023\/03\/clinica-da-familia-hortolandia-vacinacao-covid19-bivalente_fm_-8-1280x854.jpg\" alt=\"\" class=\"wp-image-312279\" srcset=\"https:\/\/jundiai.sp.gov.br\/noticias\/wp-content\/uploads\/sites\/32\/2023\/03\/clinica-da-familia-hortolandia-vacinacao-covid19-bivalente_fm_-8-1280x854.jpg 1280w, https:\/\/jundiai.sp.gov.br\/noticias\/wp-content\/uploads\/sites\/32\/2023\/03\/clinica-da-familia-hortolandia-vacinacao-covid19-bivalente_fm_-8-300x200.jpg 300w, https:\/\/jundiai.sp.gov.br\/noticias\/wp-content\/uploads\/sites\/32\/2023\/03\/clinica-da-familia-hortolandia-vacinacao-covid19-bivalente_fm_-8-768x512.jpg 768w, https:\/\/jundiai.sp.gov.br\/noticias\/wp-content\/uploads\/sites\/32\/2023\/03\/clinica-da-familia-hortolandia-vacinacao-covid19-bivalente_fm_-8-1536x1024.jpg 1536w, https:\/\/jundiai.sp.gov.br\/noticias\/wp-content\/uploads\/sites\/32\/2023\/03\/clinica-da-familia-hortolandia-vacinacao-covid19-bivalente_fm_-8-450x300.jpg 450w, https:\/\/jundiai.sp.gov.br\/noticias\/wp-content\/uploads\/sites\/32\/2023\/03\/clinica-da-familia-hortolandia-vacinacao-covid19-bivalente_fm_-8.jpg 1900w\" sizes=\"auto, (max-width: 1280px) 100vw, 1280px\" \/><figcaption class=\"wp-element-caption\">Nelson ressaltou a import\u00e2ncia da vacina<\/figcaption><\/figure>\n<\/figure>\n\n\n\n<p>Nesta primeira fase, o p\u00fablico apto \u00e0 vacina\u00e7\u00e3o com a dose de refor\u00e7o bivalente s\u00e3o as pessoas com 60 anos ou mais e imunossuprimidos a partir de 12 anos. Al\u00e9m disso, devem ter recebido, no m\u00ednimo, duas doses da vacina monovalente (Janssen, Pfizer, CoronaVac ou AstraZeneca) com um intervalo da \u00faltima aplica\u00e7\u00e3o de, pelo menos, quatro meses.<\/p>\n\n\n\n<p>&#8220;A vacina bivalente \u00e9 um imunizante atualizado que protege contra a cepa original do v\u00edrus e tamb\u00e9m contra a variante \u00f4micron, que \u00e9 a que tem registrado um maior n\u00famero de casos. A imuniza\u00e7\u00e3o segue sendo fundamental para controlarmos a doen\u00e7a e evitarmos que ela volte a atingir a popula\u00e7\u00e3o em grande escala&#8221;, avalia a enfermeira e coordenadora da Vigil\u00e2ncia Epidemiol\u00f3gica (VE), Maria do Carmo Possidente.<\/p>\n\n\n\n<figure class=\"wp-block-image size-large\"><img loading=\"lazy\" decoding=\"async\" width=\"1280\" height=\"854\" src=\"https:\/\/jundiai.sp.gov.br\/noticias\/wp-content\/uploads\/sites\/32\/2023\/03\/clinica-da-familia-hortolandia-vacinacao-covid19-bivalente_fm_-46-1280x854.jpg\" alt=\"\" class=\"wp-image-312280\" srcset=\"https:\/\/jundiai.sp.gov.br\/noticias\/wp-content\/uploads\/sites\/32\/2023\/03\/clinica-da-familia-hortolandia-vacinacao-covid19-bivalente_fm_-46-1280x854.jpg 1280w, https:\/\/jundiai.sp.gov.br\/noticias\/wp-content\/uploads\/sites\/32\/2023\/03\/clinica-da-familia-hortolandia-vacinacao-covid19-bivalente_fm_-46-300x200.jpg 300w, https:\/\/jundiai.sp.gov.br\/noticias\/wp-content\/uploads\/sites\/32\/2023\/03\/clinica-da-familia-hortolandia-vacinacao-covid19-bivalente_fm_-46-768x512.jpg 768w, https:\/\/jundiai.sp.gov.br\/noticias\/wp-content\/uploads\/sites\/32\/2023\/03\/clinica-da-familia-hortolandia-vacinacao-covid19-bivalente_fm_-46-1536x1024.jpg 1536w, https:\/\/jundiai.sp.gov.br\/noticias\/wp-content\/uploads\/sites\/32\/2023\/03\/clinica-da-familia-hortolandia-vacinacao-covid19-bivalente_fm_-46-450x300.jpg 450w, https:\/\/jundiai.sp.gov.br\/noticias\/wp-content\/uploads\/sites\/32\/2023\/03\/clinica-da-familia-hortolandia-vacinacao-covid19-bivalente_fm_-46.jpg 1900w\" sizes=\"auto, (max-width: 1280px) 100vw, 1280px\" \/><figcaption class=\"wp-element-caption\">Movimento na Cl\u00ednica da Fam\u00edlia da Vila Hortol\u00e2ndia foi bastante intenso<\/figcaption><\/figure>\n\n\n\n<p><strong>Aplica\u00e7\u00e3o continua<br><\/strong>A vacina\u00e7\u00e3o continua em todas as Unidades B\u00e1sicas de Sa\u00fade e Cl\u00ednicas da Fam\u00edlia da cidade, ao longo de toda essa semana, no per\u00edodo da manh\u00e3, com distribui\u00e7\u00e3o de senha. <\/p>\n\n\n\n<p>Al\u00e9m disso, as demais doses Pfizer Baby (6 meses a 4 anos \u2013 D1, D2 e D3), Pfizer Pedi\u00e1trica (5 a 11 anos \u2013 D1, D2 e Dose de Refor\u00e7o) e doses para pessoas com 12 anos ou mais contra COVID-19 ser\u00e3o disponibilizadas, assim como a atualiza\u00e7\u00e3o da carteira de vacina\u00e7\u00e3o, infantil e adulta, com doses de rotina dispon\u00edveis nas Unidades de Sa\u00fade.<\/p>\n\n\n\n<p><strong>Assessoria de Imprensa<br>Foto: Fot\u00f3grafo PMJ<\/strong><\/p>\n","protected":false},"excerpt":{"rendered":"<p>As Unidades de Sa\u00fade de Jundia\u00ed registraram uma grande movimenta\u00e7\u00e3o para aplica\u00e7\u00e3o da dose bivalente do imunizante da Pfizer. Ao todo, 7158 pessoas compareceram para receber o refor\u00e7o, sendo a maioria o p\u00fablico com mais de 60 anos. O casal Nelson Bercelli e Leonor Bercelli n\u00e3o perderam tempo e foram \u00e0 Cl\u00ednica da Fam\u00edlia da [&hellip;]<\/p>\n","protected":false},"author":90,"featured_media":312279,"comment_status":"closed","ping_status":"0","sticky":false,"template":"","format":"standard","meta":{"footnotes":""},"categories":[2],"tags":[1607,2686,421],"ods":[],"class_list":["post-312277","post","type-post","status-publish","format-standard","has-post-thumbnail","hentry","category-noticias","tag-covid-19","tag-unidade-de-gestao-de-promocao-da-saude-ugps","tag-vacinacao"],"_links":{"self":[{"href":"https:\/\/jundiai.sp.gov.br\/noticias\/wp-json\/wp\/v2\/posts\/312277","targetHints":{"allow":["GET"]}}],"collection":[{"href":"https:\/\/jundiai.sp.gov.br\/noticias\/wp-json\/wp\/v2\/posts"}],"about":[{"href":"https:\/\/jundiai.sp.gov.br\/noticias\/wp-json\/wp\/v2\/types\/post"}],"author":[{"embeddable":true,"href":"https:\/\/jundiai.sp.gov.br\/noticias\/wp-json\/wp\/v2\/users\/90"}],"replies":[{"embeddable":true,"href":"https:\/\/jundiai.sp.gov.br\/noticias\/wp-json\/wp\/v2\/comments?post=312277"}],"version-history":[{"count":4,"href":"https:\/\/jundiai.sp.gov.br\/noticias\/wp-json\/wp\/v2\/posts\/312277\/revisions"}],"predecessor-version":[{"id":312298,"href":"https:\/\/jundiai.sp.gov.br\/noticias\/wp-json\/wp\/v2\/posts\/312277\/revisions\/312298"}],"wp:featuredmedia":[{"embeddable":true,"href":"https:\/\/jundiai.sp.gov.br\/noticias\/wp-json\/wp\/v2\/media\/312279"}],"wp:attachment":[{"href":"https:\/\/jundiai.sp.gov.br\/noticias\/wp-json\/wp\/v2\/media?parent=312277"}],"wp:term":[{"taxonomy":"category","embeddable":true,"href":"https:\/\/jundiai.sp.gov.br\/noticias\/wp-json\/wp\/v2\/categories?post=312277"},{"taxonomy":"post_tag","embeddable":true,"href":"https:\/\/jundiai.sp.gov.br\/noticias\/wp-json\/wp\/v2\/tags?post=312277"},{"taxonomy":"ods","embeddable":true,"href":"https:\/\/jundiai.sp.gov.br\/noticias\/wp-json\/wp\/v2\/ods?post=312277"}],"curies":[{"name":"wp","href":"https:\/\/api.w.org\/{rel}","templated":true}]}}