{"id":312515,"date":"2023-03-08T17:12:50","date_gmt":"2023-03-08T20:12:50","guid":{"rendered":"https:\/\/jundiai.sp.gov.br\/noticias\/?p=312515"},"modified":"2023-03-09T11:17:11","modified_gmt":"2023-03-09T14:17:11","slug":"muita-musica-e-animacao-no-segundo-final-de-semana-da-fens","status":"publish","type":"post","link":"https:\/\/jundiai.sp.gov.br\/noticias\/2023\/03\/08\/muita-musica-e-animacao-no-segundo-final-de-semana-da-fens\/","title":{"rendered":"Muita m\u00fasica e anima\u00e7\u00e3o no segundo final de semana da FENS"},"content":{"rendered":"\n<p>O segundo final de semana da FENS 2023 &#8211; Feira do Empreendedor, Neg\u00f3cios e Servi\u00e7os reserva m\u00fasica boa, atra\u00e7\u00f5es e muita anima\u00e7\u00e3o. Assim como na semana passada, as bandas sobem ao palco do coreto, no Parque Comendador Ant\u00f4nio Carbonari (Parque da Uva), para apresentar o melhor do rock, pop, MPB e sertanejo. A entrada e o estacionamento s\u00e3o gratuitos. <\/p>\n\n\n\n<figure class=\"wp-block-image size-large\"><img loading=\"lazy\" decoding=\"async\" width=\"1280\" height=\"854\" src=\"https:\/\/jundiai.sp.gov.br\/noticias\/wp-content\/uploads\/sites\/32\/2023\/03\/2-fens-feira-do-empreendedor-negocios-e-servicos_fm_-107-1280x854.jpg\" alt=\"IMAGEM COLORIDA MOSTRA UM DOS PAVILH\u00d5ES DO PARQUE DA UVA, COM OS ESTANDES DA FEIRA. H\u00c1 PESSOAS CIRCULANDO PELOS CORREDORES, OBSERVANDO OS PRODUTOS E SERVI\u00c7OS\" class=\"wp-image-312517\" srcset=\"https:\/\/jundiai.sp.gov.br\/noticias\/wp-content\/uploads\/sites\/32\/2023\/03\/2-fens-feira-do-empreendedor-negocios-e-servicos_fm_-107-1280x854.jpg 1280w, https:\/\/jundiai.sp.gov.br\/noticias\/wp-content\/uploads\/sites\/32\/2023\/03\/2-fens-feira-do-empreendedor-negocios-e-servicos_fm_-107-300x200.jpg 300w, https:\/\/jundiai.sp.gov.br\/noticias\/wp-content\/uploads\/sites\/32\/2023\/03\/2-fens-feira-do-empreendedor-negocios-e-servicos_fm_-107-768x512.jpg 768w, https:\/\/jundiai.sp.gov.br\/noticias\/wp-content\/uploads\/sites\/32\/2023\/03\/2-fens-feira-do-empreendedor-negocios-e-servicos_fm_-107-1536x1024.jpg 1536w, https:\/\/jundiai.sp.gov.br\/noticias\/wp-content\/uploads\/sites\/32\/2023\/03\/2-fens-feira-do-empreendedor-negocios-e-servicos_fm_-107-450x300.jpg 450w, https:\/\/jundiai.sp.gov.br\/noticias\/wp-content\/uploads\/sites\/32\/2023\/03\/2-fens-feira-do-empreendedor-negocios-e-servicos_fm_-107.jpg 1900w\" sizes=\"auto, (max-width: 1280px) 100vw, 1280px\" \/><figcaption class=\"wp-element-caption\">Diversas op\u00e7\u00f5es de produtos e servi\u00e7os \u00e0 disposi\u00e7\u00e3o na FENS: 220 estandes<\/figcaption><\/figure>\n\n\n\n<p>&#8220;A FENS \u00e9 um evento de neg\u00f3cios, mas pensado para atender todas as fam\u00edlias. Temos in\u00fameras atividades e atra\u00e7\u00f5es culturais \u00e0 disposi\u00e7\u00e3o, al\u00e9m de um espa\u00e7o gastron\u00f4mico com 25 food trucks, \u00e1rea exclusiva para as crian\u00e7as e at\u00e9 um trenzinho para passeio no parque\u201d, comentou Cristiano Lopes, gestor de Desenvolvimento Econ\u00f4mico, Ci\u00eancia e Tecnologia. A parceria \u00e9 com a Unidade de Gest\u00e3o de Cultura.<\/p>\n\n\n\n<p><\/p>\n\n\n\n<figure class=\"wp-block-gallery has-nested-images columns-default is-cropped wp-block-gallery-1 is-layout-flex wp-block-gallery-is-layout-flex\">\n<figure class=\"wp-block-image size-large\"><img loading=\"lazy\" decoding=\"async\" width=\"960\" height=\"960\" data-id=\"312519\" src=\"https:\/\/jundiai.sp.gov.br\/noticias\/wp-content\/uploads\/sites\/32\/2023\/03\/karla_mantovani-1-960x960.jpg\" alt=\"\" class=\"wp-image-312519\" srcset=\"https:\/\/jundiai.sp.gov.br\/noticias\/wp-content\/uploads\/sites\/32\/2023\/03\/karla_mantovani-1-960x960.jpg 960w, https:\/\/jundiai.sp.gov.br\/noticias\/wp-content\/uploads\/sites\/32\/2023\/03\/karla_mantovani-1-300x300.jpg 300w, https:\/\/jundiai.sp.gov.br\/noticias\/wp-content\/uploads\/sites\/32\/2023\/03\/karla_mantovani-1-100x100.jpg 100w, https:\/\/jundiai.sp.gov.br\/noticias\/wp-content\/uploads\/sites\/32\/2023\/03\/karla_mantovani-1-768x768.jpg 768w, https:\/\/jundiai.sp.gov.br\/noticias\/wp-content\/uploads\/sites\/32\/2023\/03\/karla_mantovani-1.jpg 1008w\" sizes=\"auto, (max-width: 960px) 100vw, 960px\" \/><figcaption class=\"wp-element-caption\">Karla Mantovani leva ao palco do Parque da Uva o melhor do sertanejo<\/figcaption><\/figure>\n\n\n\n<figure class=\"wp-block-image size-large\"><img loading=\"lazy\" decoding=\"async\" width=\"1024\" height=\"685\" data-id=\"312522\" src=\"https:\/\/jundiai.sp.gov.br\/noticias\/wp-content\/uploads\/sites\/32\/2023\/03\/the_fers-1.jpg\" alt=\"\" class=\"wp-image-312522\" srcset=\"https:\/\/jundiai.sp.gov.br\/noticias\/wp-content\/uploads\/sites\/32\/2023\/03\/the_fers-1.jpg 1024w, https:\/\/jundiai.sp.gov.br\/noticias\/wp-content\/uploads\/sites\/32\/2023\/03\/the_fers-1-300x201.jpg 300w, https:\/\/jundiai.sp.gov.br\/noticias\/wp-content\/uploads\/sites\/32\/2023\/03\/the_fers-1-768x514.jpg 768w, https:\/\/jundiai.sp.gov.br\/noticias\/wp-content\/uploads\/sites\/32\/2023\/03\/the_fers-1-450x300.jpg 450w\" sizes=\"auto, (max-width: 1024px) 100vw, 1024px\" \/><figcaption class=\"wp-element-caption\">The Fers: rock para fechar a segunda edi\u00e7\u00e3o da FENS, no domingo (12) \u00e0 tarde<\/figcaption><\/figure>\n\n\n\n<figure class=\"wp-block-image size-large\"><img loading=\"lazy\" decoding=\"async\" width=\"828\" height=\"884\" data-id=\"312521\" src=\"https:\/\/jundiai.sp.gov.br\/noticias\/wp-content\/uploads\/sites\/32\/2023\/03\/shelly_simon-1.jpg\" alt=\"\" class=\"wp-image-312521\" srcset=\"https:\/\/jundiai.sp.gov.br\/noticias\/wp-content\/uploads\/sites\/32\/2023\/03\/shelly_simon-1.jpg 828w, https:\/\/jundiai.sp.gov.br\/noticias\/wp-content\/uploads\/sites\/32\/2023\/03\/shelly_simon-1-300x320.jpg 300w, https:\/\/jundiai.sp.gov.br\/noticias\/wp-content\/uploads\/sites\/32\/2023\/03\/shelly_simon-1-768x820.jpg 768w\" sizes=\"auto, (max-width: 828px) 100vw, 828px\" \/><figcaption class=\"wp-element-caption\">  Shelly Simon estar\u00e1 na FENS dia 11, s\u00e1bado, \u00e0s 20h: Pop, Rock e MPB<\/figcaption><\/figure>\n<\/figure>\n\n\n\n<p>\u201cJundia\u00ed se destaca nacionalmente por sua economia, que \u00e9 hoje a 15\u00aa melhor do Brasil. Com essa vis\u00e3o, temos trabalhado para dar mecanismos e abrir portas para que haja mais desenvolvimento do setor, com mais oportunidades para as pessoas\u201d, destacou o gestor de Governo e Finan\u00e7as, Jos\u00e9 Antonio Parimoschi. <\/p>\n\n\n\n<p><strong>Programa\u00e7\u00e3o<\/strong><\/p>\n\n\n\n<p>Na sexta (10), \u00e0s 20h, se apresenta no coreto a banda \u201cTed Nicotina e os Alcatr\u00f5es\u201d, no melhor estilo Rockabilly. S\u00e1bado (11) sobem ao palco a cantora de sertanejo Karla Mantovani, \u00e0s 17h, e a talentosa Shelly Simon (cover de Amy Winehouse), com muito Pop, Rock e MPB, \u00e0s 20h.<\/p>\n\n\n\n<p>J\u00e1 no domingo (12), fecha o evento \u00e0s 16h30 a banda \u201cThe Fers Rock Band\u201d.<\/p>\n\n\n\n<figure class=\"wp-block-image size-large\"><img loading=\"lazy\" decoding=\"async\" width=\"960\" height=\"960\" src=\"https:\/\/jundiai.sp.gov.br\/noticias\/wp-content\/uploads\/sites\/32\/2023\/03\/ted_nicotina-1-960x960.jpg\" alt=\"\" class=\"wp-image-312518\" srcset=\"https:\/\/jundiai.sp.gov.br\/noticias\/wp-content\/uploads\/sites\/32\/2023\/03\/ted_nicotina-1-960x960.jpg 960w, https:\/\/jundiai.sp.gov.br\/noticias\/wp-content\/uploads\/sites\/32\/2023\/03\/ted_nicotina-1-300x300.jpg 300w, https:\/\/jundiai.sp.gov.br\/noticias\/wp-content\/uploads\/sites\/32\/2023\/03\/ted_nicotina-1-100x100.jpg 100w, https:\/\/jundiai.sp.gov.br\/noticias\/wp-content\/uploads\/sites\/32\/2023\/03\/ted_nicotina-1-768x768.jpg 768w, https:\/\/jundiai.sp.gov.br\/noticias\/wp-content\/uploads\/sites\/32\/2023\/03\/ted_nicotina-1.jpg 1200w\" sizes=\"auto, (max-width: 960px) 100vw, 960px\" \/><figcaption class=\"wp-element-caption\">Ted Nicotina e os Alcatr\u00f5es abrem o segundo final de semana da feira: show na sexta, \u00e0s 20h<\/figcaption><\/figure>\n\n\n\n<p><strong>Servi\u00e7o<\/strong><\/p>\n\n\n\n<p><strong>FENS 2023<br>Dias:<\/strong>&nbsp;10, 11 e 12 de mar\u00e7o<br><strong>Hor\u00e1rio:<\/strong>&nbsp;sexta, das 12h \u00e0s 22h; s\u00e1bado, das 9h \u00e0s 22h; domingo, das 9h \u00e0s 18h<br><strong>Local:<\/strong>&nbsp;Parque Comendador Ant\u00f4nio Carbonari (avenida Jundia\u00ed, s\/n, Anhangaba\u00fa)<br><strong>Atra\u00e7\u00f5es:<\/strong>&nbsp;Espa\u00e7o gastron\u00f4mico, atra\u00e7\u00f5es culturais, m\u00fasica ao vivo, \u00e1rea exclusiva para crian\u00e7as<\/p>\n\n\n\n<p>Entrada e estacionamento gratuitos<br>Mais informa\u00e7\u00f5es e descontos exclusivos:&nbsp;<a rel=\"noreferrer noopener\" href=\"https:\/\/jundiai.sp.gov.br\/fens\/\" target=\"_blank\">https:\/\/jundiai.sp.gov.br\/fens\/<\/a><br>Confira mais fotos do evento no&nbsp;<a href=\"https:\/\/flic.kr\/s\/aHBqjAutvx\">Flickr da Prefeitura de Jundia\u00ed.<\/a><\/p>\n\n\n\n<p><strong>Assessoria de Imprensa<br>Fotos: Fot\u00f3grafo PMJ<\/strong><\/p>\n","protected":false},"excerpt":{"rendered":"<p>O segundo final de semana da FENS 2023 &#8211; Feira do Empreendedor, Neg\u00f3cios e Servi\u00e7os reserva m\u00fasica boa, atra\u00e7\u00f5es e muita anima\u00e7\u00e3o. Assim como na semana passada, as bandas sobem ao palco do coreto, no Parque Comendador Ant\u00f4nio Carbonari (Parque da Uva), para apresentar o melhor do rock, pop, MPB e sertanejo. A entrada e [&hellip;]<\/p>\n","protected":false},"author":97,"featured_media":312517,"comment_status":"closed","ping_status":"0","sticky":false,"template":"","format":"standard","meta":{"footnotes":""},"categories":[2],"tags":[365,3163,3784,1527],"ods":[],"class_list":["post-312515","post","type-post","status-publish","format-standard","has-post-thumbnail","hentry","category-noticias","tag-desenvolvimento-economico-ciencia-e-tecnologia","tag-fens","tag-fens-2023","tag-jundiai-empreendedora"],"_links":{"self":[{"href":"https:\/\/jundiai.sp.gov.br\/noticias\/wp-json\/wp\/v2\/posts\/312515","targetHints":{"allow":["GET"]}}],"collection":[{"href":"https:\/\/jundiai.sp.gov.br\/noticias\/wp-json\/wp\/v2\/posts"}],"about":[{"href":"https:\/\/jundiai.sp.gov.br\/noticias\/wp-json\/wp\/v2\/types\/post"}],"author":[{"embeddable":true,"href":"https:\/\/jundiai.sp.gov.br\/noticias\/wp-json\/wp\/v2\/users\/97"}],"replies":[{"embeddable":true,"href":"https:\/\/jundiai.sp.gov.br\/noticias\/wp-json\/wp\/v2\/comments?post=312515"}],"version-history":[{"count":6,"href":"https:\/\/jundiai.sp.gov.br\/noticias\/wp-json\/wp\/v2\/posts\/312515\/revisions"}],"predecessor-version":[{"id":312556,"href":"https:\/\/jundiai.sp.gov.br\/noticias\/wp-json\/wp\/v2\/posts\/312515\/revisions\/312556"}],"wp:featuredmedia":[{"embeddable":true,"href":"https:\/\/jundiai.sp.gov.br\/noticias\/wp-json\/wp\/v2\/media\/312517"}],"wp:attachment":[{"href":"https:\/\/jundiai.sp.gov.br\/noticias\/wp-json\/wp\/v2\/media?parent=312515"}],"wp:term":[{"taxonomy":"category","embeddable":true,"href":"https:\/\/jundiai.sp.gov.br\/noticias\/wp-json\/wp\/v2\/categories?post=312515"},{"taxonomy":"post_tag","embeddable":true,"href":"https:\/\/jundiai.sp.gov.br\/noticias\/wp-json\/wp\/v2\/tags?post=312515"},{"taxonomy":"ods","embeddable":true,"href":"https:\/\/jundiai.sp.gov.br\/noticias\/wp-json\/wp\/v2\/ods?post=312515"}],"curies":[{"name":"wp","href":"https:\/\/api.w.org\/{rel}","templated":true}]}}