{"id":312969,"date":"2023-03-16T15:36:00","date_gmt":"2023-03-16T18:36:00","guid":{"rendered":"https:\/\/jundiai.sp.gov.br\/noticias\/?p=312969"},"modified":"2023-03-16T12:36:54","modified_gmt":"2023-03-16T15:36:54","slug":"procon-leva-atendimentos-ao-centro-de-jundiai","status":"publish","type":"post","link":"https:\/\/jundiai.sp.gov.br\/noticias\/2023\/03\/16\/procon-leva-atendimentos-ao-centro-de-jundiai\/","title":{"rendered":"Procon leva atendimentos ao Centro de Jundia\u00ed"},"content":{"rendered":"\n<p>O Dia Internacional do Consumidor foi celebrado na quarta-feira (15), e o Procon de Jundia\u00ed levou a Unidade do Procon M\u00f3vel para o atendimento ao p\u00fablico na pra\u00e7a Governador Pedro de Toledo (pra\u00e7a da Matriz), no Centro da cidade. A a\u00e7\u00e3o foi realizada em parceria com a Funda\u00e7\u00e3o Procon, por meio da coordenadoria Regional do \u00d3rg\u00e3o, com sede em Campinas. A van voltar\u00e1 \u00e0 pra\u00e7a da Matriz, para atendimento ao consumidor, nesta sexta-feira (17), das 9h \u00e0s 15h. <\/p>\n\n\n\n<p>O coordenador regional do Procon, Alahyr Cruz Jr. esteve presente durante a realiza\u00e7\u00e3o. &#8220;Alguns dos casos que recebemos aqui s\u00e3o em rela\u00e7\u00e3o a produtos vencidos, amostras vencidas, como no caso das perfumarias, falta de fixa\u00e7\u00e3o de pre\u00e7os e placas de pagamento parcelado que levam o consumidor a crer que o valor do produto \u00e9 menor do que ele realmente custa, e fizemos as devidas orienta\u00e7\u00f5es&#8221;, relata. <\/p>\n\n\n\n<figure class=\"wp-block-image size-large\"><img loading=\"lazy\" decoding=\"async\" width=\"1280\" height=\"854\" src=\"https:\/\/jundiai.sp.gov.br\/noticias\/wp-content\/uploads\/sites\/32\/2023\/03\/dia-do-consumidor_procon-no-centro_m_-47-1280x854.jpg\" alt=\"\" class=\"wp-image-313016\" srcset=\"https:\/\/jundiai.sp.gov.br\/noticias\/wp-content\/uploads\/sites\/32\/2023\/03\/dia-do-consumidor_procon-no-centro_m_-47-1280x854.jpg 1280w, https:\/\/jundiai.sp.gov.br\/noticias\/wp-content\/uploads\/sites\/32\/2023\/03\/dia-do-consumidor_procon-no-centro_m_-47-300x200.jpg 300w, https:\/\/jundiai.sp.gov.br\/noticias\/wp-content\/uploads\/sites\/32\/2023\/03\/dia-do-consumidor_procon-no-centro_m_-47-768x512.jpg 768w, https:\/\/jundiai.sp.gov.br\/noticias\/wp-content\/uploads\/sites\/32\/2023\/03\/dia-do-consumidor_procon-no-centro_m_-47-1536x1024.jpg 1536w, https:\/\/jundiai.sp.gov.br\/noticias\/wp-content\/uploads\/sites\/32\/2023\/03\/dia-do-consumidor_procon-no-centro_m_-47-450x300.jpg 450w, https:\/\/jundiai.sp.gov.br\/noticias\/wp-content\/uploads\/sites\/32\/2023\/03\/dia-do-consumidor_procon-no-centro_m_-47.jpg 1900w\" sizes=\"auto, (max-width: 1280px) 100vw, 1280px\" \/><figcaption class=\"wp-element-caption\">Unidade do Procon M\u00f3vel realiza atendimentos na regi\u00e3o do Centro<\/figcaption><\/figure>\n\n\n\n<p>Entre os atendidos est\u00e3o consumidores que relataram problemas com a presta\u00e7\u00e3o de servi\u00e7o de uma operadora de TV por assinatura, e aux\u00edlio para um caso envolvendo uma loja de cal\u00e7ados. Ao todo, foram registradas 230 orienta\u00e7\u00f5es.  <\/p>\n\n\n\n<p>&#8220;Nesta data comemorativa, ratificamos o trabalho que \u00e9 realizado todos os dias na unidade do Procon de Jundia\u00ed, em aux\u00edlio e defesa do consumidor. Neste evento, levamos o Procon at\u00e9 pr\u00f3ximo do consumidor para aux\u00edlio nas quest\u00f5es antes e depois do momento da compra&#8221;, afirma o gestor da Unidade de Gest\u00e3o de Neg\u00f3cios Jur\u00eddicos e Cidadania, Fernando de Souza.<\/p>\n\n\n\n<p>A Prefeitura de Jundia\u00ed divulgou na manh\u00e3 desta quarta (15) o ranking de empresas com mais reclama\u00e7\u00f5es em 2022. <a href=\"https:\/\/jundiai.sp.gov.br\/noticias\/2023\/03\/15\/procon-jundiai-divulga-ranking-de-empresas-com-mais-reclamacoes-em-2022\/\">Clique aqui e confira.<\/a><\/p>\n\n\n\n<p>&#8220;O intuito desta data comemorativa \u00e9 lembrar que os consumidores t\u00eam direito \u00e0 informa\u00e7\u00e3o clara e precisa sobre produtos e servi\u00e7os, \u00e0 prote\u00e7\u00e3o contra pr\u00e1ticas abusivas e enganosas e ao respeito de seus direitos estabelecidos pelo C\u00f3digo de Defesa do Consumidor. Assim, levamos o Procon M\u00f3vel at\u00e9 o Centro, que \u00e9 um dos principais pontos de com\u00e9rcio da cidade&#8221;, comenta a chefe do Procon &#8211; Jundia\u00ed, Val\u00e9ria Tavares Alc\u00e2ntara. <\/p>\n\n\n\n<p><a href=\"https:\/\/jundiai.sp.gov.br\/noticias\/2023\/03\/09\/procon-prepara-acoes-para-a-quinzena-do-consumidor\/\" data-type=\"URL\" data-id=\"https:\/\/jundiai.sp.gov.br\/noticias\/2023\/03\/09\/procon-prepara-acoes-para-a-quinzena-do-consumidor\/\">Clique aqui<\/a> e confira a programa\u00e7\u00e3o completa da Quinzena do Consumidor.<\/p>\n\n\n\n<p><strong>Assessoria de Imprensa<\/strong><\/p>\n","protected":false},"excerpt":{"rendered":"<p>O Dia Internacional do Consumidor foi celebrado na quarta-feira (15), e o Procon de Jundia\u00ed levou a Unidade do Procon M\u00f3vel para o atendimento ao p\u00fablico na pra\u00e7a Governador Pedro de Toledo (pra\u00e7a da Matriz), no Centro da cidade. A a\u00e7\u00e3o foi realizada em parceria com a Funda\u00e7\u00e3o Procon, por meio da coordenadoria Regional do [&hellip;]<\/p>\n","protected":false},"author":79,"featured_media":313016,"comment_status":"closed","ping_status":"0","sticky":false,"template":"","format":"standard","meta":{"footnotes":""},"categories":[2],"tags":[2489,3845,33,1034],"ods":[],"class_list":["post-312969","post","type-post","status-publish","format-standard","has-post-thumbnail","hentry","category-noticias","tag-centro","tag-dia-do-consumidor","tag-procon","tag-procon-movel"],"_links":{"self":[{"href":"https:\/\/jundiai.sp.gov.br\/noticias\/wp-json\/wp\/v2\/posts\/312969","targetHints":{"allow":["GET"]}}],"collection":[{"href":"https:\/\/jundiai.sp.gov.br\/noticias\/wp-json\/wp\/v2\/posts"}],"about":[{"href":"https:\/\/jundiai.sp.gov.br\/noticias\/wp-json\/wp\/v2\/types\/post"}],"author":[{"embeddable":true,"href":"https:\/\/jundiai.sp.gov.br\/noticias\/wp-json\/wp\/v2\/users\/79"}],"replies":[{"embeddable":true,"href":"https:\/\/jundiai.sp.gov.br\/noticias\/wp-json\/wp\/v2\/comments?post=312969"}],"version-history":[{"count":15,"href":"https:\/\/jundiai.sp.gov.br\/noticias\/wp-json\/wp\/v2\/posts\/312969\/revisions"}],"predecessor-version":[{"id":313077,"href":"https:\/\/jundiai.sp.gov.br\/noticias\/wp-json\/wp\/v2\/posts\/312969\/revisions\/313077"}],"wp:featuredmedia":[{"embeddable":true,"href":"https:\/\/jundiai.sp.gov.br\/noticias\/wp-json\/wp\/v2\/media\/313016"}],"wp:attachment":[{"href":"https:\/\/jundiai.sp.gov.br\/noticias\/wp-json\/wp\/v2\/media?parent=312969"}],"wp:term":[{"taxonomy":"category","embeddable":true,"href":"https:\/\/jundiai.sp.gov.br\/noticias\/wp-json\/wp\/v2\/categories?post=312969"},{"taxonomy":"post_tag","embeddable":true,"href":"https:\/\/jundiai.sp.gov.br\/noticias\/wp-json\/wp\/v2\/tags?post=312969"},{"taxonomy":"ods","embeddable":true,"href":"https:\/\/jundiai.sp.gov.br\/noticias\/wp-json\/wp\/v2\/ods?post=312969"}],"curies":[{"name":"wp","href":"https:\/\/api.w.org\/{rel}","templated":true}]}}