{"id":313057,"date":"2023-03-17T08:22:15","date_gmt":"2023-03-17T11:22:15","guid":{"rendered":"https:\/\/jundiai.sp.gov.br\/noticias\/?p=313057"},"modified":"2023-03-17T08:22:39","modified_gmt":"2023-03-17T11:22:39","slug":"educacao-e-destaque-no-1o-encontro-de-cidades-das-criancas","status":"publish","type":"post","link":"https:\/\/jundiai.sp.gov.br\/noticias\/2023\/03\/17\/educacao-e-destaque-no-1o-encontro-de-cidades-das-criancas\/","title":{"rendered":"Educa\u00e7\u00e3o \u00e9 destaque no 1\u00ba Encontro de Cidades das Crian\u00e7as"},"content":{"rendered":"\n<p>A Prefeitura de Jundia\u00ed realiza, entre os dias 18 e 24 de mar\u00e7o, o<a href=\"https:\/\/cidadedascriancas.jundiai.sp.gov.br\/encontro-brasileiro-cidades-das-criancas-e-forum-internacional-das-infancias\/\"> 1\u00ba Encontro Brasileiro de Cidades das Crian\u00e7as e o F\u00f3rum Internacional das Inf\u00e2ncias<\/a>, evento que consolida ainda as pr\u00e1ticas de pol\u00edticas p\u00fablicas direcionadas para o desenvolvimento integral infantil. E, nesse contexto, a Educa\u00e7\u00e3o de Jundia\u00ed, tem destaque, balizando as iniciativas, alinhadas com o Direito \u00e0 Educa\u00e7\u00e3o &#8211; uma das diretrizes da Organiza\u00e7\u00e3o das  Na\u00e7\u00f5es Unidas (ONU). <\/p>\n\n\n\n<p>&#8220;\u00c9 muito significativo ver toda a cidade pensando e criando possibilidades para o protagonismo das inf\u00e2ncias. As crian\u00e7as precisam ser ouvidas, pois, muitas vezes, suas falas e sugest\u00f5es s\u00e3o mais ousadas e inovadoras do que as nossas&#8221;, comenta a gestora de educa\u00e7\u00e3o, professora Vast\u00ed Ferrari Marques. &#8220;Pensar a cidade a partir do olhar das crian\u00e7as e dar a elas o protagonismo para que a cidade avance \u00e9 uma a\u00e7\u00e3o fundamental dentro das perspectivas de pol\u00edticas p\u00fablicas do munic\u00edpio. O Programa Escola Inovadora traz toda a pot\u00eancia para aqueles que merecem nossa dedica\u00e7\u00e3o trabalho, que s\u00e3o os meninos e meninas de Jundia\u00ed&#8221;, completa.<\/p>\n\n\n\n<p>A proposta educacional de Jundia\u00ed, no Programa Escola Inovadora, baseado nos pilares ambi\u00eancia, forma\u00e7\u00e3o dos educadores e qualidade do ensino, \u00e9 um dos grandes destaques para o evento internacional que ser\u00e1 realizado pela Prefeitura de Jundia\u00ed, no munic\u00edpio, ao longo da semana de 18 a 24 de mar\u00e7o. &#8220;A Educa\u00e7\u00e3o de qualidade muda a realidade das fam\u00edlias, e s\u00e3o as crian\u00e7as as protagonistas dessas mudan\u00e7as. Investindo na inf\u00e2ncia, na qualidade educacional, na forma\u00e7\u00e3o dos servidores, na sa\u00fade e na cultura e proporcionando ferramentas para o desenvolvimento conectados em rede internacional \u00e9 poss\u00edvel romper a desigualdade social, e \u00e9 isso que estamos desenvolvendo em Jundia\u00ed&#8221;, comenta o prefeito Luiz Fernando Machado. <\/p>\n\n\n\n<figure class=\"wp-block-image size-large\"><img loading=\"lazy\" decoding=\"async\" width=\"1280\" height=\"854\" src=\"https:\/\/jundiai.sp.gov.br\/noticias\/wp-content\/uploads\/sites\/32\/2023\/03\/voa_pe_marcos_gasparian_pa-37-1280x854.jpg\" alt=\"\" class=\"wp-image-313118\" srcset=\"https:\/\/jundiai.sp.gov.br\/noticias\/wp-content\/uploads\/sites\/32\/2023\/03\/voa_pe_marcos_gasparian_pa-37-1280x854.jpg 1280w, https:\/\/jundiai.sp.gov.br\/noticias\/wp-content\/uploads\/sites\/32\/2023\/03\/voa_pe_marcos_gasparian_pa-37-300x200.jpg 300w, https:\/\/jundiai.sp.gov.br\/noticias\/wp-content\/uploads\/sites\/32\/2023\/03\/voa_pe_marcos_gasparian_pa-37-768x512.jpg 768w, https:\/\/jundiai.sp.gov.br\/noticias\/wp-content\/uploads\/sites\/32\/2023\/03\/voa_pe_marcos_gasparian_pa-37-1536x1024.jpg 1536w, https:\/\/jundiai.sp.gov.br\/noticias\/wp-content\/uploads\/sites\/32\/2023\/03\/voa_pe_marcos_gasparian_pa-37-450x300.jpg 450w, https:\/\/jundiai.sp.gov.br\/noticias\/wp-content\/uploads\/sites\/32\/2023\/03\/voa_pe_marcos_gasparian_pa-37.jpg 1900w\" sizes=\"auto, (max-width: 1280px) 100vw, 1280px\" \/><figcaption class=\"wp-element-caption\">Atividades ao ar livre s\u00e3o o foco do desemparedamento da inf\u00e2ncia<\/figcaption><\/figure>\n\n\n\n<p><strong>Educa\u00e7\u00e3o Inovadora<\/strong><\/p>\n\n\n\n<p>Entre as pol\u00edticas e programas que ser\u00e3o apresentados ao longo do encontro internacional, o desemparedamento da inf\u00e2ncia, o contato com a natureza, o investimento em novas tecnologias e a potencializa\u00e7\u00e3o da inf\u00e2ncia ser\u00e3o balizadores de atividade, que acontecer\u00e1 no Centro Internacional de Estudos, Mem\u00f3rias e Pesquisas da Inf\u00e2ncia (Ciempi). <\/p>\n\n\n\n<p>&#8220;Em Jundia\u00ed, intencionamos que todas as escolas municipais tenham propostas que utilizem diferentes materialidades, al\u00e9m de elementos naturais como \u00e1gua, areia, terra, brinquedos de ch\u00e3o e escalada e toda a ambi\u00eancia e est\u00e9tica preparada. Temos ainda o brincar heur\u00edstico, que trabalha com a construtividade e a imagina\u00e7\u00e3o das crian\u00e7as atrav\u00e9s da descoberta e da manipula\u00e7\u00e3o livre de objetos e materiais do cotidiano. Todas essas a\u00e7\u00f5es est\u00e3o diretamente ligadas ao direito fundamental \u00e0 educa\u00e7\u00e3o e \u00e0 intencionalidade&#8221;, explica a diretora do Departamento de Educa\u00e7\u00e3o Infantil (UGE), Tha\u00eds Silva Non\u00f4.<\/p>\n\n\n\n<p><\/p>\n\n\n\n<figure class=\"wp-block-image size-large\"><img loading=\"lazy\" decoding=\"async\" width=\"1280\" height=\"854\" src=\"https:\/\/jundiai.sp.gov.br\/noticias\/wp-content\/uploads\/sites\/32\/2023\/03\/parque_naturalizado_emeb_candelario_de_freitas_pa-3-1280x854.jpg\" alt=\"\" class=\"wp-image-313119\" srcset=\"https:\/\/jundiai.sp.gov.br\/noticias\/wp-content\/uploads\/sites\/32\/2023\/03\/parque_naturalizado_emeb_candelario_de_freitas_pa-3-1280x854.jpg 1280w, https:\/\/jundiai.sp.gov.br\/noticias\/wp-content\/uploads\/sites\/32\/2023\/03\/parque_naturalizado_emeb_candelario_de_freitas_pa-3-300x200.jpg 300w, https:\/\/jundiai.sp.gov.br\/noticias\/wp-content\/uploads\/sites\/32\/2023\/03\/parque_naturalizado_emeb_candelario_de_freitas_pa-3-768x512.jpg 768w, https:\/\/jundiai.sp.gov.br\/noticias\/wp-content\/uploads\/sites\/32\/2023\/03\/parque_naturalizado_emeb_candelario_de_freitas_pa-3-1536x1024.jpg 1536w, https:\/\/jundiai.sp.gov.br\/noticias\/wp-content\/uploads\/sites\/32\/2023\/03\/parque_naturalizado_emeb_candelario_de_freitas_pa-3-450x300.jpg 450w, https:\/\/jundiai.sp.gov.br\/noticias\/wp-content\/uploads\/sites\/32\/2023\/03\/parque_naturalizado_emeb_candelario_de_freitas_pa-3.jpg 1900w\" sizes=\"auto, (max-width: 1280px) 100vw, 1280px\" \/><figcaption class=\"wp-element-caption\">Parques naturalizados fazem parte da proposta do BrincAR Livre para os alunos da rede de ensino<\/figcaption><\/figure>\n\n\n\n<p><strong>Encontro e F\u00f3rum<\/strong><\/p>\n\n\n\n<p>At\u00e9 o momento, j\u00e1 est\u00e3o confirmadas as presen\u00e7as de autoridades e representantes de  mais de 60 munic\u00edpios brasileiros, al\u00e9m de cerca de 10 pa\u00edses. Com programa\u00e7\u00e3o gratuita, em diversos equipamentos p\u00fablicos, um dos pontos altos \u00e9 a participa\u00e7\u00e3o do pedagogo italiano Francesco Tonucci, fundador da Rede Mundial de Cidades das Crian\u00e7as, conhecido pelo nome art\u00edstico de Frato; al\u00e9m da coordenadora da latino-americana da Rede, Lorena Morachimo.<\/p>\n\n\n\n<p>O cinco F\u00f3runs das Inf\u00e2ncias, programados entre os dias 21 e 24 de mar\u00e7o, trar\u00e3o as tem\u00e1ticas: Promover a participa\u00e7\u00e3o, Garantir autonomia, Direito \u00e0 Cultura, Direito \u00e0 Sa\u00fade e Direito de Brincar, com as presen\u00e7as confirmadas de diversas autoridades e especialistas nos temas propostos.<\/p>\n\n\n\n<p><strong>Assessoria de Imprensa<\/strong><\/p>\n","protected":false},"excerpt":{"rendered":"<p>A Prefeitura de Jundia\u00ed realiza, entre os dias 18 e 24 de mar\u00e7o, o 1\u00ba Encontro Brasileiro de Cidades das Crian\u00e7as e o F\u00f3rum Internacional das Inf\u00e2ncias, evento que consolida ainda as pr\u00e1ticas de pol\u00edticas p\u00fablicas direcionadas para o desenvolvimento integral infantil. E, nesse contexto, a Educa\u00e7\u00e3o de Jundia\u00ed, tem destaque, balizando as iniciativas, alinhadas [&hellip;]<\/p>\n","protected":false},"author":79,"featured_media":313116,"comment_status":"closed","ping_status":"0","sticky":false,"template":"","format":"standard","meta":{"footnotes":""},"categories":[2],"tags":[3796,3339,6,1061,2688,2723],"ods":[],"class_list":["post-313057","post","type-post","status-publish","format-standard","has-post-thumbnail","hentry","category-noticias","tag-1o-encontro-brasileiro-de-cidades-das-criancas-e-o-forum-das-infancias","tag-brincar-livre","tag-educacao","tag-escola-inovadora","tag-unidade-de-gestao-de-educacao-uge","tag-voa-pe"],"_links":{"self":[{"href":"https:\/\/jundiai.sp.gov.br\/noticias\/wp-json\/wp\/v2\/posts\/313057","targetHints":{"allow":["GET"]}}],"collection":[{"href":"https:\/\/jundiai.sp.gov.br\/noticias\/wp-json\/wp\/v2\/posts"}],"about":[{"href":"https:\/\/jundiai.sp.gov.br\/noticias\/wp-json\/wp\/v2\/types\/post"}],"author":[{"embeddable":true,"href":"https:\/\/jundiai.sp.gov.br\/noticias\/wp-json\/wp\/v2\/users\/79"}],"replies":[{"embeddable":true,"href":"https:\/\/jundiai.sp.gov.br\/noticias\/wp-json\/wp\/v2\/comments?post=313057"}],"version-history":[{"count":13,"href":"https:\/\/jundiai.sp.gov.br\/noticias\/wp-json\/wp\/v2\/posts\/313057\/revisions"}],"predecessor-version":[{"id":313137,"href":"https:\/\/jundiai.sp.gov.br\/noticias\/wp-json\/wp\/v2\/posts\/313057\/revisions\/313137"}],"wp:featuredmedia":[{"embeddable":true,"href":"https:\/\/jundiai.sp.gov.br\/noticias\/wp-json\/wp\/v2\/media\/313116"}],"wp:attachment":[{"href":"https:\/\/jundiai.sp.gov.br\/noticias\/wp-json\/wp\/v2\/media?parent=313057"}],"wp:term":[{"taxonomy":"category","embeddable":true,"href":"https:\/\/jundiai.sp.gov.br\/noticias\/wp-json\/wp\/v2\/categories?post=313057"},{"taxonomy":"post_tag","embeddable":true,"href":"https:\/\/jundiai.sp.gov.br\/noticias\/wp-json\/wp\/v2\/tags?post=313057"},{"taxonomy":"ods","embeddable":true,"href":"https:\/\/jundiai.sp.gov.br\/noticias\/wp-json\/wp\/v2\/ods?post=313057"}],"curies":[{"name":"wp","href":"https:\/\/api.w.org\/{rel}","templated":true}]}}