{"id":313092,"date":"2023-03-17T10:00:00","date_gmt":"2023-03-17T13:00:00","guid":{"rendered":"https:\/\/jundiai.sp.gov.br\/noticias\/?p=313092"},"modified":"2023-03-16T16:42:40","modified_gmt":"2023-03-16T19:42:40","slug":"novas-turmas-estao-com-vagas-preenchidas-no-funss","status":"publish","type":"post","link":"https:\/\/jundiai.sp.gov.br\/noticias\/2023\/03\/17\/novas-turmas-estao-com-vagas-preenchidas-no-funss\/","title":{"rendered":"Novas turmas est\u00e3o com vagas preenchidas no Funss"},"content":{"rendered":"\n<p>Nesta sexta-feira (17), o Fundo Social de Solidariedade de Jundia\u00ed (Funss) divulga a lista com os nomes dos contemplados em tr\u00eas novas turmas: Limpeza Profissional, Alongamento de C\u00edlios e Depila\u00e7\u00e3o. A pr\u00e9-inscri\u00e7\u00e3o ocorreu pela internet e o crit\u00e9rio de sele\u00e7\u00e3o e forma\u00e7\u00e3o das turmas foi a ordem de envio do formul\u00e1rio Google, que considera hora, minuto e segundo. Confira a listagem, abaixo:<\/p>\n\n\n\n<p><strong>Curso de<\/strong> <strong>Limpeza profissional<\/strong><\/p>\n\n\n\n<p>1.&nbsp;&nbsp;&nbsp;&nbsp;&nbsp;&nbsp;&nbsp;Paulo Francisco De Lima<\/p>\n\n\n\n<p>2.&nbsp;&nbsp;&nbsp;&nbsp;&nbsp;&nbsp;&nbsp;Marlei Aparecida De Souza<\/p>\n\n\n\n<p>3.&nbsp;&nbsp;&nbsp;&nbsp;&nbsp;&nbsp;&nbsp;Eliana Aparecida Mello Trinca<\/p>\n\n\n\n<p>4.&nbsp;&nbsp;&nbsp;&nbsp;&nbsp;&nbsp;&nbsp;Mirian Oliveira Lima<\/p>\n\n\n\n<p>5.&nbsp;&nbsp;&nbsp;&nbsp;&nbsp;&nbsp;&nbsp;Ana Cl\u00e1udia Lopes Cardozo<\/p>\n\n\n\n<p>6.&nbsp;&nbsp;&nbsp;&nbsp;&nbsp;&nbsp;&nbsp;Gabriela Dos Santos Chavez<\/p>\n\n\n\n<p>7.&nbsp;&nbsp;&nbsp;&nbsp;&nbsp;&nbsp;&nbsp;Graziela Melo Andrade Ricardo<\/p>\n\n\n\n<p>8.&nbsp;&nbsp;&nbsp;&nbsp;&nbsp;&nbsp;&nbsp;Vanessa Cristina De Souza Ferreira<\/p>\n\n\n\n<p>9.&nbsp;&nbsp;&nbsp;&nbsp;&nbsp;&nbsp;&nbsp;Bruna Aparecida Marques Duarte<\/p>\n\n\n\n<p>10.&nbsp;&nbsp;&nbsp;Julieni Gomes Ferreira Bersi<\/p>\n\n\n\n<p>11.&nbsp;&nbsp;&nbsp;Josefa Carvalho Pinto<\/p>\n\n\n\n<p>12.&nbsp;&nbsp;&nbsp;Roneide Amorim Formiga De Lina<\/p>\n\n\n\n<p>13.&nbsp;&nbsp;&nbsp;Karem Silva De Souza<\/p>\n\n\n\n<p>14.&nbsp;&nbsp;&nbsp;Petrina Lepore<\/p>\n\n\n\n<p>15.&nbsp;&nbsp;&nbsp;Regina Cust\u00f3dio Do Carmo<\/p>\n\n\n\n<p>16.&nbsp;&nbsp;&nbsp;Luciana Maria Da Silva<\/p>\n\n\n\n<p>17.&nbsp;&nbsp;&nbsp;Katia Margarete Silv\u00e9rio Da Cunha<\/p>\n\n\n\n<p>18.&nbsp;&nbsp;&nbsp;Jeferson Bernardino De Sousa<\/p>\n\n\n\n<p>19.&nbsp;&nbsp;&nbsp;Lucin\u00e9a Jos\u00e9 Luiz<\/p>\n\n\n\n<p>20.&nbsp;&nbsp;&nbsp;Marildete Santos Rodrigues<\/p>\n\n\n\n<p>21.&nbsp;&nbsp;&nbsp;Rejane Gomes Da Silva<\/p>\n\n\n\n<p>22.&nbsp;&nbsp;&nbsp;Lucianabelarminodasneves<\/p>\n\n\n\n<p>23.&nbsp;&nbsp;&nbsp;Tatiana Rodrigues De Souza<\/p>\n\n\n\n<p>24.&nbsp;&nbsp;&nbsp;Janaina Prokopas<\/p>\n\n\n\n<p>25.&nbsp;&nbsp;&nbsp;Fabiana Cristina Niero<\/p>\n\n\n\n<p>26.&nbsp;&nbsp;&nbsp;Rossana De Moura Benatti<\/p>\n\n\n\n<p>27.&nbsp;&nbsp;&nbsp;Marcelo Jos\u00e9 Do Nascimento Silva<\/p>\n\n\n\n<p>28.&nbsp;&nbsp;&nbsp;Maria Lu\u00edsa Csizmadia Rodrigues<\/p>\n\n\n\n<p>29.&nbsp;&nbsp;&nbsp;Celeste Zanatta Ferrari Garcia<\/p>\n\n\n\n<p>30.&nbsp;&nbsp;&nbsp;Silvia Cardoso Sales<\/p>\n\n\n\n<p>31.&nbsp;&nbsp;&nbsp;Simone Pereira Dos Santos<\/p>\n\n\n\n<p>32.&nbsp;&nbsp;&nbsp;Tatiana Aparecida Martins<\/p>\n\n\n\n<p>33.&nbsp;&nbsp;&nbsp;Marinalva Rodrigues Carneiro<\/p>\n\n\n\n<p>34.&nbsp;&nbsp;&nbsp;Maria Aparecida Santos Da Silva<\/p>\n\n\n\n<p>35.&nbsp;&nbsp;&nbsp;Ivania Do Nascimento Lacerda<\/p>\n\n\n\n<p>36.&nbsp;&nbsp;&nbsp;Claudio Luiz De Oliveira<\/p>\n\n\n\n<p>37.&nbsp;&nbsp;&nbsp;Adrielly Catarina Pereira<\/p>\n\n\n\n<p>38.&nbsp;&nbsp;&nbsp;Felipe Imperato Vidal Rocha<\/p>\n\n\n\n<p>39.&nbsp;&nbsp;&nbsp;Monica Regina Cardoso Prado<\/p>\n\n\n\n<p>40.&nbsp;&nbsp;&nbsp;Maria Ivonete Rodrigues<\/p>\n\n\n\n<p>41.&nbsp;&nbsp;&nbsp;Carlos Alberto Segala<\/p>\n\n\n\n<p>42.&nbsp;&nbsp;&nbsp;Alana Mainara Ferreira Dos Santos<\/p>\n\n\n\n<p>43.&nbsp;&nbsp;&nbsp;Diomar Lopes Platener<\/p>\n\n\n\n<p><strong>Curso de Alongamento de C\u00edlios<\/strong><\/p>\n\n\n\n<p>1.&nbsp;&nbsp;&nbsp;&nbsp;&nbsp;&nbsp;&nbsp;Fabiana De Lima Fernandes<\/p>\n\n\n\n<p>2.&nbsp;&nbsp;&nbsp;&nbsp;&nbsp;&nbsp;&nbsp;Daiane Aparecida Rodrigues Dos Santos<\/p>\n\n\n\n<p>3.&nbsp;&nbsp;&nbsp;&nbsp;&nbsp;&nbsp;&nbsp;Let\u00edcia Ferreira Macedo<\/p>\n\n\n\n<p>4.&nbsp;&nbsp;&nbsp;&nbsp;&nbsp;&nbsp;&nbsp;Sandra Augusto De Almeida<\/p>\n\n\n\n<p>5.&nbsp;&nbsp;&nbsp;&nbsp;&nbsp;&nbsp;&nbsp;Giulia Leitr Casoti<\/p>\n\n\n\n<p>6.&nbsp;&nbsp;&nbsp;&nbsp;&nbsp;&nbsp;&nbsp;Aline Cristiane Silva Carlos<\/p>\n\n\n\n<p>7.&nbsp;&nbsp;&nbsp;&nbsp;&nbsp;&nbsp;&nbsp;Noely Benjamin Campos Gambini<\/p>\n\n\n\n<p>8.&nbsp;&nbsp;&nbsp;&nbsp;&nbsp;&nbsp;&nbsp;Paloma Mariano Natalino Mota<\/p>\n\n\n\n<p>9.&nbsp;&nbsp;&nbsp;&nbsp;&nbsp;&nbsp;&nbsp;Yasmin Cristina De Oliveira Cezario<\/p>\n\n\n\n<p>10.&nbsp;&nbsp;&nbsp;Adriana Regina Perugini Rodrigues Santos<\/p>\n\n\n\n<p>11.&nbsp;&nbsp;&nbsp;Jaqueline Fernanda De Lima<\/p>\n\n\n\n<p>12.&nbsp;&nbsp;&nbsp;Gisele Tonello Bomeisel<\/p>\n\n\n\n<p>13.&nbsp;&nbsp;&nbsp;Monique Evelin Zangeroli Marques<\/p>\n\n\n\n<p>14.&nbsp;&nbsp;&nbsp;Amanda Silva Bagne<\/p>\n\n\n\n<p>15.&nbsp;&nbsp;&nbsp;Nat\u00e1lia Da Cruz Brandino<\/p>\n\n\n\n<p>16.&nbsp;&nbsp;&nbsp;Gabriela Mayara Real Teixeira<\/p>\n\n\n\n<p>17.&nbsp;&nbsp;&nbsp;Eloisa Lima Dantas Munhoz<\/p>\n\n\n\n<p><strong>Curso de Depila\u00e7\u00e3o<\/strong><\/p>\n\n\n\n<p>1.&nbsp;&nbsp;&nbsp;&nbsp;&nbsp;&nbsp;&nbsp;Jana\u00edna Aparecida Da Silva<\/p>\n\n\n\n<p>2.&nbsp;&nbsp;&nbsp;&nbsp;&nbsp;&nbsp;&nbsp;Micheli Pallaro De Macedo<\/p>\n\n\n\n<p>3.&nbsp;&nbsp;&nbsp;&nbsp;&nbsp;&nbsp;&nbsp;Marilene Da Silva Dutra Barros<\/p>\n\n\n\n<p>4.&nbsp;&nbsp;&nbsp;&nbsp;&nbsp;&nbsp;&nbsp;Suzan Iara Scarpa Ribeiro<\/p>\n\n\n\n<p>5.&nbsp;&nbsp;&nbsp;&nbsp;&nbsp;&nbsp;&nbsp;Giovanna Thais Do Carmo Pereira<\/p>\n\n\n\n<p>6.&nbsp;&nbsp;&nbsp;&nbsp;&nbsp;&nbsp;&nbsp;Silvana Da Silva Pinheiro<\/p>\n\n\n\n<p>7.&nbsp;&nbsp;&nbsp;&nbsp;&nbsp;&nbsp;&nbsp;Carolina Dias Nishizaka<\/p>\n\n\n\n<p>8.&nbsp;&nbsp;&nbsp;&nbsp;&nbsp;&nbsp;&nbsp;Mylena Galeoti Neri<\/p>\n\n\n\n<p>9.&nbsp;&nbsp;&nbsp;&nbsp;&nbsp;&nbsp;&nbsp;Monica Regina Cardoso Prado<\/p>\n\n\n\n<p>10.&nbsp;&nbsp;&nbsp;Dirce Gabriel De Souza<\/p>\n\n\n\n<p>11.&nbsp;&nbsp;&nbsp;Gabriele Apolinario De Oliveira<\/p>\n\n\n\n<p>12.&nbsp;&nbsp;&nbsp;Roberta Ambrosio De Souza<\/p>\n\n\n\n<p>13.&nbsp;&nbsp;&nbsp;Larissa Da Costa Moreno<\/p>\n\n\n\n<p>14.&nbsp;&nbsp;&nbsp;Let\u00edcia Nayara Mariano De Sousa<\/p>\n\n\n\n<p>15.&nbsp;&nbsp;&nbsp;Adriana Alves Da Silva<\/p>\n\n\n\n<p>16.&nbsp;&nbsp;&nbsp;Ana Paula Ambrosio De Sousa Santos<\/p>\n\n\n\n<p>17.&nbsp;&nbsp;&nbsp;Lariciana Silva Sousa<\/p>\n\n\n\n<p>Com a defini\u00e7\u00e3o das turmas, dados detalhados ser\u00e3o repassados, pelo Funss, por meio do contato de WhatsApp informado no ato da pr\u00e9-inscri\u00e7\u00e3o, apenas aos alunos contemplados com a vaga. As fichas n\u00e3o contempladas est\u00e3o, automaticamente, na lista de espera e poder\u00e3o ser convocadas em caso de desist\u00eancia.<\/p>\n\n\n\n<p>O endere\u00e7o do Fundo Social \u00e9 o Parque da Uva. O acesso \u00e9 pela avenida Dona Manoela Lacerda de Vergueiro, s\/n, port\u00e3o 03, bairro Anhangaba\u00fa. O funcionamento da unidade \u00e9 de segunda a sexta-feira, das 8h \u00e0s 17h, exceto feriados. Informa\u00e7\u00f5es pelos telefones (11) 4589-6319 e 4589-6320.<\/p>\n\n\n\n<p><strong>Assessoria de Imprensa<\/strong><strong><\/strong><\/p>\n\n\n\n<p><strong>Foto: Divulga\u00e7\u00e3o<\/strong><\/p>\n","protected":false},"excerpt":{"rendered":"<p>Nesta sexta-feira (17), o Fundo Social de Solidariedade de Jundia\u00ed (Funss) divulga a lista com os nomes dos contemplados em tr\u00eas novas turmas: Limpeza Profissional, Alongamento de C\u00edlios e Depila\u00e7\u00e3o. A pr\u00e9-inscri\u00e7\u00e3o ocorreu pela internet e o crit\u00e9rio de sele\u00e7\u00e3o e forma\u00e7\u00e3o das turmas foi a ordem de envio do formul\u00e1rio Google, que considera hora, [&hellip;]<\/p>\n","protected":false},"author":49,"featured_media":313096,"comment_status":"closed","ping_status":"0","sticky":false,"template":"","format":"standard","meta":{"footnotes":""},"categories":[2],"tags":[1039,416],"ods":[],"class_list":["post-313092","post","type-post","status-publish","format-standard","has-post-thumbnail","hentry","category-noticias","tag-cursos-funss","tag-fundo-social-de-solidariedade-funss"],"_links":{"self":[{"href":"https:\/\/jundiai.sp.gov.br\/noticias\/wp-json\/wp\/v2\/posts\/313092","targetHints":{"allow":["GET"]}}],"collection":[{"href":"https:\/\/jundiai.sp.gov.br\/noticias\/wp-json\/wp\/v2\/posts"}],"about":[{"href":"https:\/\/jundiai.sp.gov.br\/noticias\/wp-json\/wp\/v2\/types\/post"}],"author":[{"embeddable":true,"href":"https:\/\/jundiai.sp.gov.br\/noticias\/wp-json\/wp\/v2\/users\/49"}],"replies":[{"embeddable":true,"href":"https:\/\/jundiai.sp.gov.br\/noticias\/wp-json\/wp\/v2\/comments?post=313092"}],"version-history":[{"count":3,"href":"https:\/\/jundiai.sp.gov.br\/noticias\/wp-json\/wp\/v2\/posts\/313092\/revisions"}],"predecessor-version":[{"id":313103,"href":"https:\/\/jundiai.sp.gov.br\/noticias\/wp-json\/wp\/v2\/posts\/313092\/revisions\/313103"}],"wp:featuredmedia":[{"embeddable":true,"href":"https:\/\/jundiai.sp.gov.br\/noticias\/wp-json\/wp\/v2\/media\/313096"}],"wp:attachment":[{"href":"https:\/\/jundiai.sp.gov.br\/noticias\/wp-json\/wp\/v2\/media?parent=313092"}],"wp:term":[{"taxonomy":"category","embeddable":true,"href":"https:\/\/jundiai.sp.gov.br\/noticias\/wp-json\/wp\/v2\/categories?post=313092"},{"taxonomy":"post_tag","embeddable":true,"href":"https:\/\/jundiai.sp.gov.br\/noticias\/wp-json\/wp\/v2\/tags?post=313092"},{"taxonomy":"ods","embeddable":true,"href":"https:\/\/jundiai.sp.gov.br\/noticias\/wp-json\/wp\/v2\/ods?post=313092"}],"curies":[{"name":"wp","href":"https:\/\/api.w.org\/{rel}","templated":true}]}}