{"id":313203,"date":"2023-03-17T18:35:41","date_gmt":"2023-03-17T21:35:41","guid":{"rendered":"https:\/\/jundiai.sp.gov.br\/noticias\/?p=313203"},"modified":"2023-03-17T18:35:41","modified_gmt":"2023-03-17T21:35:41","slug":"sexta-no-museu-de-marco-tambem-celebra-o-mes-da-mulher","status":"publish","type":"post","link":"https:\/\/jundiai.sp.gov.br\/noticias\/2023\/03\/17\/sexta-no-museu-de-marco-tambem-celebra-o-mes-da-mulher\/","title":{"rendered":"\u2018Sexta no Museu\u2019 de mar\u00e7o tamb\u00e9m celebra o M\u00eas da Mulher"},"content":{"rendered":"\n<p>Como mais uma atividade proposta pela Prefeitura para a comemora\u00e7\u00e3o do M\u00eas da Mulher, a Unidade de Gest\u00e3o de Cultura (UGC) trouxe o tema para a edi\u00e7\u00e3o especial de mar\u00e7o do \u201cSexta no Museu\u201d. Realizada nessa sexta-feira (17), no Museu Hist\u00f3rico e Cultural \u2013 Solar do Bar\u00e3o, esta edi\u00e7\u00e3o contou com a parceria da Assessoria de Pol\u00edticas P\u00fablicas para as Mulheres, da Unidade de Gest\u00e3o da Casa Civil (UGCC).<\/p>\n\n\n\n<p>Para marcar o tema, a programa\u00e7\u00e3o trouxe como atra\u00e7\u00f5es bandas marcadas pela presen\u00e7a e protagonismo de mulheres, que deram conta, ao encontro da proposta do \u201cSexta no Museu\u201d, de levar para a Sala Jahyr Accioly de Souza uma apresenta\u00e7\u00e3o intimista e com mistura de ritmos.<\/p>\n\n\n\n<p>\u201cHoje retomamos com a primeira edi\u00e7\u00e3o do ano do \u2018Sexta no Museu\u2019, este espa\u00e7o na programa\u00e7\u00e3o que visa proporcionar que as pessoas ocupem o Museu, localizado neste importante corredor cultural da cidade, a rua Bar\u00e3o de Jundia\u00ed. \u00c9 uma op\u00e7\u00e3o cultural para quem est\u00e1 passando pelo Centro, saindo do trabalho, e tamb\u00e9m uma op\u00e7\u00e3o para os artistas, de divulgarem seus trabalhos, a partir de editais e do Cadastro de Artistas municipal\u201d, comentou o diretor de Cultura da UGC, Jo\u00e3o Carlos De Luca.<\/p>\n\n\n\n<figure class=\"wp-block-image size-large\"><img loading=\"lazy\" decoding=\"async\" width=\"1280\" height=\"854\" src=\"https:\/\/jundiai.sp.gov.br\/noticias\/wp-content\/uploads\/sites\/32\/2023\/03\/sexta-no-museu-especial-mes-da-mulher-shirley-espindola_fm_-27-1280x854.jpg\" alt=\"\" class=\"wp-image-313209\" srcset=\"https:\/\/jundiai.sp.gov.br\/noticias\/wp-content\/uploads\/sites\/32\/2023\/03\/sexta-no-museu-especial-mes-da-mulher-shirley-espindola_fm_-27-1280x854.jpg 1280w, https:\/\/jundiai.sp.gov.br\/noticias\/wp-content\/uploads\/sites\/32\/2023\/03\/sexta-no-museu-especial-mes-da-mulher-shirley-espindola_fm_-27-300x200.jpg 300w, https:\/\/jundiai.sp.gov.br\/noticias\/wp-content\/uploads\/sites\/32\/2023\/03\/sexta-no-museu-especial-mes-da-mulher-shirley-espindola_fm_-27-768x512.jpg 768w, https:\/\/jundiai.sp.gov.br\/noticias\/wp-content\/uploads\/sites\/32\/2023\/03\/sexta-no-museu-especial-mes-da-mulher-shirley-espindola_fm_-27-1536x1024.jpg 1536w, https:\/\/jundiai.sp.gov.br\/noticias\/wp-content\/uploads\/sites\/32\/2023\/03\/sexta-no-museu-especial-mes-da-mulher-shirley-espindola_fm_-27-450x300.jpg 450w, https:\/\/jundiai.sp.gov.br\/noticias\/wp-content\/uploads\/sites\/32\/2023\/03\/sexta-no-museu-especial-mes-da-mulher-shirley-espindola_fm_-27.jpg 1900w\" sizes=\"auto, (max-width: 1280px) 100vw, 1280px\" \/><figcaption class=\"wp-element-caption\">\u201cSexta no Museu\u201d \u00e9 apresentado na Sala Jahyr Accioly de Souza do Solar <\/figcaption><\/figure>\n\n\n\n<p>A programa\u00e7\u00e3o no fim de tarde come\u00e7ou com o show de MPB \u201cConect Beat\u201d, com Shirley Esp\u00edndola e banda. Na sequ\u00eancia, o ritmo manteve-se na MPB do Trio Regra Tr\u00eas. E o encerramento ficou por conta de \u201cGlaucia Chignolli In Pop Concert\u201d, proposta de cl\u00e1ssicos do Pop com roupagem diferente, encabe\u00e7ado por Glaucia, que \u00e9 tamb\u00e9m integrante da Orquestra Sinf\u00f4nica Municipal de Jundia\u00ed (OSMJ).<\/p>\n\n\n\n<p>A professora aposentada Sueli Lanza foi ao Museu para assistir ao show do filho, Renato, baterista na primeira atra\u00e7\u00e3o da tarde. \u201cSempre prestigio as atra\u00e7\u00f5es culturais e frequento muito o Museu. Passo aqui toda vez que venho ao Centro. Mas hoje foi a vez de prestigiar o filho\u201d.<\/p>\n\n\n\n<p>Na plateia com Sueli, Catarina Pradella tamb\u00e9m foi prestigiar o trabalho do sobrinho-neto. \u201cHoje o destaque vai para a import\u00e2ncia do tema, a valoriza\u00e7\u00e3o da mulher, que, felizmente, tem tido cada vez mais espa\u00e7o\u201d, comentou, elogiando n\u00e3o s\u00f3 a atra\u00e7\u00e3o, como tamb\u00e9m os jardins do Museu.<\/p>\n\n\n\n<p>O Sexta no Museu \u00e9 realizado sempre que n\u00e3o h\u00e1 na agenda cultural municipal outros festivais realizados pela UGC. As pr\u00f3ximas edi\u00e7\u00f5es do Sexta no Museu deste ano est\u00e3o previstas para realiza\u00e7\u00e3o em 21 de julho, 18 de agosto e 20 de outubro.<\/p>\n\n\n\n<figure class=\"wp-block-image size-large\"><img loading=\"lazy\" decoding=\"async\" width=\"1280\" height=\"854\" src=\"https:\/\/jundiai.sp.gov.br\/noticias\/wp-content\/uploads\/sites\/32\/2023\/03\/sexta-no-museu-especial-mes-da-mulher-shirley-espindola_fm_-21-1280x854.jpg\" alt=\"\" class=\"wp-image-313205\" srcset=\"https:\/\/jundiai.sp.gov.br\/noticias\/wp-content\/uploads\/sites\/32\/2023\/03\/sexta-no-museu-especial-mes-da-mulher-shirley-espindola_fm_-21-1280x854.jpg 1280w, https:\/\/jundiai.sp.gov.br\/noticias\/wp-content\/uploads\/sites\/32\/2023\/03\/sexta-no-museu-especial-mes-da-mulher-shirley-espindola_fm_-21-300x200.jpg 300w, https:\/\/jundiai.sp.gov.br\/noticias\/wp-content\/uploads\/sites\/32\/2023\/03\/sexta-no-museu-especial-mes-da-mulher-shirley-espindola_fm_-21-768x512.jpg 768w, https:\/\/jundiai.sp.gov.br\/noticias\/wp-content\/uploads\/sites\/32\/2023\/03\/sexta-no-museu-especial-mes-da-mulher-shirley-espindola_fm_-21-1536x1024.jpg 1536w, https:\/\/jundiai.sp.gov.br\/noticias\/wp-content\/uploads\/sites\/32\/2023\/03\/sexta-no-museu-especial-mes-da-mulher-shirley-espindola_fm_-21-450x300.jpg 450w, https:\/\/jundiai.sp.gov.br\/noticias\/wp-content\/uploads\/sites\/32\/2023\/03\/sexta-no-museu-especial-mes-da-mulher-shirley-espindola_fm_-21.jpg 1900w\" sizes=\"auto, (max-width: 1280px) 100vw, 1280px\" \/><figcaption class=\"wp-element-caption\">Sueli e Catarina, moradoras da Ponte S\u00e3o Jo\u00e3o, fizeram parte do p\u00fablico da edi\u00e7\u00e3o tem\u00e1tica do M\u00eas das Mulheres<\/figcaption><\/figure>\n\n\n\n<p><strong>Assessoria de Imprensa<br>Fotos: Fot\u00f3grafos PMJ<\/strong><\/p>\n","protected":false},"excerpt":{"rendered":"<p>Como mais uma atividade proposta pela Prefeitura para a comemora\u00e7\u00e3o do M\u00eas da Mulher, a Unidade de Gest\u00e3o de Cultura (UGC) trouxe o tema para a edi\u00e7\u00e3o especial de mar\u00e7o do \u201cSexta no Museu\u201d. Realizada nessa sexta-feira (17), no Museu Hist\u00f3rico e Cultural \u2013 Solar do Bar\u00e3o, esta edi\u00e7\u00e3o contou com a parceria da Assessoria [&hellip;]<\/p>\n","protected":false},"author":14,"featured_media":313209,"comment_status":"closed","ping_status":"0","sticky":false,"template":"","format":"standard","meta":{"footnotes":""},"categories":[2],"tags":[990,62,2489,29,3819,290,2725],"ods":[],"class_list":["post-313203","post","type-post","status-publish","format-standard","has-post-thumbnail","hentry","category-noticias","tag-assessoria-de-politicas-para-as-mulheres","tag-casa-civil","tag-centro","tag-cultura","tag-mes-da-mulher-2023","tag-museu-historico-e-cultural-solar-do-barao","tag-sexta-no-museu"],"_links":{"self":[{"href":"https:\/\/jundiai.sp.gov.br\/noticias\/wp-json\/wp\/v2\/posts\/313203","targetHints":{"allow":["GET"]}}],"collection":[{"href":"https:\/\/jundiai.sp.gov.br\/noticias\/wp-json\/wp\/v2\/posts"}],"about":[{"href":"https:\/\/jundiai.sp.gov.br\/noticias\/wp-json\/wp\/v2\/types\/post"}],"author":[{"embeddable":true,"href":"https:\/\/jundiai.sp.gov.br\/noticias\/wp-json\/wp\/v2\/users\/14"}],"replies":[{"embeddable":true,"href":"https:\/\/jundiai.sp.gov.br\/noticias\/wp-json\/wp\/v2\/comments?post=313203"}],"version-history":[{"count":2,"href":"https:\/\/jundiai.sp.gov.br\/noticias\/wp-json\/wp\/v2\/posts\/313203\/revisions"}],"predecessor-version":[{"id":313211,"href":"https:\/\/jundiai.sp.gov.br\/noticias\/wp-json\/wp\/v2\/posts\/313203\/revisions\/313211"}],"wp:featuredmedia":[{"embeddable":true,"href":"https:\/\/jundiai.sp.gov.br\/noticias\/wp-json\/wp\/v2\/media\/313209"}],"wp:attachment":[{"href":"https:\/\/jundiai.sp.gov.br\/noticias\/wp-json\/wp\/v2\/media?parent=313203"}],"wp:term":[{"taxonomy":"category","embeddable":true,"href":"https:\/\/jundiai.sp.gov.br\/noticias\/wp-json\/wp\/v2\/categories?post=313203"},{"taxonomy":"post_tag","embeddable":true,"href":"https:\/\/jundiai.sp.gov.br\/noticias\/wp-json\/wp\/v2\/tags?post=313203"},{"taxonomy":"ods","embeddable":true,"href":"https:\/\/jundiai.sp.gov.br\/noticias\/wp-json\/wp\/v2\/ods?post=313203"}],"curies":[{"name":"wp","href":"https:\/\/api.w.org\/{rel}","templated":true}]}}