{"id":313853,"date":"2023-03-25T10:24:00","date_gmt":"2023-03-25T13:24:00","guid":{"rendered":"https:\/\/jundiai.sp.gov.br\/noticias\/?p=313853"},"modified":"2023-03-28T13:13:19","modified_gmt":"2023-03-28T16:13:19","slug":"tonucci-conclui-visita-oficial-a-jundiai-com-ida-a-uma-escola-municipal","status":"publish","type":"post","link":"https:\/\/jundiai.sp.gov.br\/noticias\/2023\/03\/25\/tonucci-conclui-visita-oficial-a-jundiai-com-ida-a-uma-escola-municipal\/","title":{"rendered":"Tonucci conclui visita oficial a Jundia\u00ed com ida a uma escola municipal"},"content":{"rendered":"\n<p>Pouco antes de concluir sua visita oficial a Jundia\u00ed, o pedagogo italiano Francesco Tonucci esteve na manh\u00e3 dessa sexta-feira (24) na Emeb Professora Brigida Gatto Rodrigues. Idealizador da Rede de Cidades das Crian\u00e7as, Tonucci estava h\u00e1 pouco mais de uma semana no Munic\u00edpio, onde participou do <a href=\"https:\/\/cidadedascriancas.jundiai.sp.gov.br\/encontro-brasileiro-cidades-das-criancas-e-forum-internacional-das-infancias\/\" target=\"_blank\" rel=\"noreferrer noopener\">1\u00ba Encontro Brasileiro de Cidades das Crian\u00e7as e o F\u00f3rum Internacional das Inf\u00e2ncias<\/a>, acompanhado de sua coordenadora de Redes, Lorena Morachimo.<\/p>\n\n\n\n<p>Localizada no Jardim Bonfiglioli, a unidade escolar tem pouco mais de cem alunos, de zero a tr\u00eas anos de idade (Educa\u00e7\u00e3o Infantil I). Durante a visita, Tonucci visitou as instala\u00e7\u00f5es da escola e, em sua horta, falou da import\u00e2ncia da iniciativa.<\/p>\n\n\n\n<p><a rel=\"noreferrer noopener\" href=\"https:\/\/www.flickr.com\/photos\/prefeituradejundiai\/albums\/72177720306970240\/page5\" target=\"_blank\">CONFIRA AS FOTOS<\/a> <\/p>\n\n\n\n<p>\u201cNa Europa, de onde venho, \u00e9 uma realidade que as crian\u00e7as n\u00e3o gostem muito das frutas e verduras. Mas quando s\u00e3o elas que as cultivam, \u00e9 muito mais prov\u00e1vel que as experimentem e apreciem. Por isso, ter uma horta como esta \u00e9 importante, pois tamb\u00e9m incentiva as atividades manuais e f\u00edsicas das crian\u00e7as e o contato ao ar livre\u201d, comentou. &nbsp;<\/p>\n\n\n\n<figure class=\"wp-block-image size-large\"><img loading=\"lazy\" decoding=\"async\" width=\"1280\" height=\"854\" src=\"https:\/\/jundiai.sp.gov.br\/noticias\/wp-content\/uploads\/sites\/32\/2023\/03\/evento_cidade_das_criancas_visita_tonucci_emeb_brigida_gatto_pa-8-1280x854.jpg\" alt=\"\" class=\"wp-image-313855\" srcset=\"https:\/\/jundiai.sp.gov.br\/noticias\/wp-content\/uploads\/sites\/32\/2023\/03\/evento_cidade_das_criancas_visita_tonucci_emeb_brigida_gatto_pa-8-1280x854.jpg 1280w, https:\/\/jundiai.sp.gov.br\/noticias\/wp-content\/uploads\/sites\/32\/2023\/03\/evento_cidade_das_criancas_visita_tonucci_emeb_brigida_gatto_pa-8-300x200.jpg 300w, https:\/\/jundiai.sp.gov.br\/noticias\/wp-content\/uploads\/sites\/32\/2023\/03\/evento_cidade_das_criancas_visita_tonucci_emeb_brigida_gatto_pa-8-768x512.jpg 768w, https:\/\/jundiai.sp.gov.br\/noticias\/wp-content\/uploads\/sites\/32\/2023\/03\/evento_cidade_das_criancas_visita_tonucci_emeb_brigida_gatto_pa-8-1536x1024.jpg 1536w, https:\/\/jundiai.sp.gov.br\/noticias\/wp-content\/uploads\/sites\/32\/2023\/03\/evento_cidade_das_criancas_visita_tonucci_emeb_brigida_gatto_pa-8-450x300.jpg 450w, https:\/\/jundiai.sp.gov.br\/noticias\/wp-content\/uploads\/sites\/32\/2023\/03\/evento_cidade_das_criancas_visita_tonucci_emeb_brigida_gatto_pa-8.jpg 1900w\" sizes=\"auto, (max-width: 1280px) 100vw, 1280px\" \/><figcaption class=\"wp-element-caption\">Na horta escolar, Tonucci conheceu tamb\u00e9m as plantas aliment\u00edcias n\u00e3o convencionais (PANC)<\/figcaption><\/figure>\n\n\n\n<p>&nbsp;A gestora de Educa\u00e7\u00e3o, Vast\u00ed Ferrari Marques, falou da alegria de poder receb\u00ea-lo nestes dias. \u201cCom grande honra recebemos o Tonucci e a Lorena a uma de nossas unidades escolares, atendendo tamb\u00e9m a um desejo expresso por eles de conhecer a ambi\u00eancia de nossos espa\u00e7os de aprendizagem, \u00e0 qual est\u00e1 muito atento o programa municipal Escola Inovadora. N\u00e3o poderia haver algo de mais inspirador para concluir esta semana rica de interc\u00e2mbios do que estar com os nossos alunos e educadores, fortemente ligados \u00e0s propostas de Jundia\u00ed, Cidade das Crian\u00e7as\u201d.<\/p>\n\n\n\n<p>A educadora Patr\u00edcia Lopes n\u00e3o escondeu a sua emo\u00e7\u00e3o ao encontrar Tonucci durante a visita. Al\u00e9m de trabalhar naquela unidade escolar, ali \u00e9 tamb\u00e9m onde estuda a sua filha Mariana, de um ano. \u201cO Tonucci sempre foi uma inspira\u00e7\u00e3o para n\u00f3s, tanto para nossa forma\u00e7\u00e3o profissional quanto para a constru\u00e7\u00e3o e modifica\u00e7\u00f5es da ambi\u00eancia da escola\u201d, comentou emocionada.<\/p>\n\n\n\n<p>O grupo tamb\u00e9m visitou o Bosque Hermindo Rossi, conhecido como Bosquinho, localizado ao lado da unidade escolar e que conta com instala\u00e7\u00f5es do programa municipal Cidade das Crian\u00e7as, como as pinturas da campanha P\u00e9 de Inf\u00e2ncia e brinquedos n\u00e3o estruturados.<\/p>\n\n\n\n<p>A visita foi acompanhada pelos gestores de Cultura, Marcelo Peroni, e de Governo e Finan\u00e7as, Jos\u00e9 Antonio Parimoschi.<\/p>\n\n\n\n<figure class=\"wp-block-image size-large\"><img loading=\"lazy\" decoding=\"async\" width=\"1280\" height=\"854\" src=\"https:\/\/jundiai.sp.gov.br\/noticias\/wp-content\/uploads\/sites\/32\/2023\/03\/evento_cidade_das_criancas_visita_tonucci_emeb_brigida_gatto_pa-47-1280x854.jpg\" alt=\"\" class=\"wp-image-313854\" srcset=\"https:\/\/jundiai.sp.gov.br\/noticias\/wp-content\/uploads\/sites\/32\/2023\/03\/evento_cidade_das_criancas_visita_tonucci_emeb_brigida_gatto_pa-47-1280x854.jpg 1280w, https:\/\/jundiai.sp.gov.br\/noticias\/wp-content\/uploads\/sites\/32\/2023\/03\/evento_cidade_das_criancas_visita_tonucci_emeb_brigida_gatto_pa-47-300x200.jpg 300w, https:\/\/jundiai.sp.gov.br\/noticias\/wp-content\/uploads\/sites\/32\/2023\/03\/evento_cidade_das_criancas_visita_tonucci_emeb_brigida_gatto_pa-47-768x512.jpg 768w, https:\/\/jundiai.sp.gov.br\/noticias\/wp-content\/uploads\/sites\/32\/2023\/03\/evento_cidade_das_criancas_visita_tonucci_emeb_brigida_gatto_pa-47-1536x1024.jpg 1536w, https:\/\/jundiai.sp.gov.br\/noticias\/wp-content\/uploads\/sites\/32\/2023\/03\/evento_cidade_das_criancas_visita_tonucci_emeb_brigida_gatto_pa-47-450x300.jpg 450w, https:\/\/jundiai.sp.gov.br\/noticias\/wp-content\/uploads\/sites\/32\/2023\/03\/evento_cidade_das_criancas_visita_tonucci_emeb_brigida_gatto_pa-47.jpg 1900w\" sizes=\"auto, (max-width: 1280px) 100vw, 1280px\" \/><figcaption class=\"wp-element-caption\"> Patr\u00edcia n\u00e3o escondeu a emo\u00e7\u00e3o ao encontrar Tonucci durante a visita<\/figcaption><\/figure>\n\n\n\n<p><strong>Assessoria de Imprensa<br>Fotos: Fot\u00f3grafos PMJ<\/strong><\/p>\n","protected":false},"excerpt":{"rendered":"<p>Pouco antes de concluir sua visita oficial a Jundia\u00ed, o pedagogo italiano Francesco Tonucci esteve na manh\u00e3 dessa sexta-feira (24) na Emeb Professora Brigida Gatto Rodrigues. Idealizador da Rede de Cidades das Crian\u00e7as, Tonucci estava h\u00e1 pouco mais de uma semana no Munic\u00edpio, onde participou do 1\u00ba Encontro Brasileiro de Cidades das Crian\u00e7as e o [&hellip;]<\/p>\n","protected":false},"author":14,"featured_media":313858,"comment_status":"closed","ping_status":"0","sticky":false,"template":"","format":"standard","meta":{"footnotes":""},"categories":[2],"tags":[3796,1599,1598,1154,29,6,3864,1061],"ods":[],"class_list":["post-313853","post","type-post","status-publish","format-standard","has-post-thumbnail","hentry","category-noticias","tag-1o-encontro-brasileiro-de-cidades-das-criancas-e-o-forum-das-infancias","tag-bonfiglioli","tag-bosquinho","tag-cidade-das-criancas","tag-cultura","tag-educacao","tag-emeb-professora-brigida-gatto-rodrigues","tag-escola-inovadora"],"_links":{"self":[{"href":"https:\/\/jundiai.sp.gov.br\/noticias\/wp-json\/wp\/v2\/posts\/313853","targetHints":{"allow":["GET"]}}],"collection":[{"href":"https:\/\/jundiai.sp.gov.br\/noticias\/wp-json\/wp\/v2\/posts"}],"about":[{"href":"https:\/\/jundiai.sp.gov.br\/noticias\/wp-json\/wp\/v2\/types\/post"}],"author":[{"embeddable":true,"href":"https:\/\/jundiai.sp.gov.br\/noticias\/wp-json\/wp\/v2\/users\/14"}],"replies":[{"embeddable":true,"href":"https:\/\/jundiai.sp.gov.br\/noticias\/wp-json\/wp\/v2\/comments?post=313853"}],"version-history":[{"count":3,"href":"https:\/\/jundiai.sp.gov.br\/noticias\/wp-json\/wp\/v2\/posts\/313853\/revisions"}],"predecessor-version":[{"id":313863,"href":"https:\/\/jundiai.sp.gov.br\/noticias\/wp-json\/wp\/v2\/posts\/313853\/revisions\/313863"}],"wp:featuredmedia":[{"embeddable":true,"href":"https:\/\/jundiai.sp.gov.br\/noticias\/wp-json\/wp\/v2\/media\/313858"}],"wp:attachment":[{"href":"https:\/\/jundiai.sp.gov.br\/noticias\/wp-json\/wp\/v2\/media?parent=313853"}],"wp:term":[{"taxonomy":"category","embeddable":true,"href":"https:\/\/jundiai.sp.gov.br\/noticias\/wp-json\/wp\/v2\/categories?post=313853"},{"taxonomy":"post_tag","embeddable":true,"href":"https:\/\/jundiai.sp.gov.br\/noticias\/wp-json\/wp\/v2\/tags?post=313853"},{"taxonomy":"ods","embeddable":true,"href":"https:\/\/jundiai.sp.gov.br\/noticias\/wp-json\/wp\/v2\/ods?post=313853"}],"curies":[{"name":"wp","href":"https:\/\/api.w.org\/{rel}","templated":true}]}}