{"id":314104,"date":"2023-03-30T12:02:45","date_gmt":"2023-03-30T15:02:45","guid":{"rendered":"https:\/\/jundiai.sp.gov.br\/noticias\/?p=314104"},"modified":"2023-04-12T15:34:25","modified_gmt":"2023-04-12T18:34:25","slug":"estacionamento-do-espaco-expressa-reabre-com-550-vagas-e-revitalizado","status":"publish","type":"post","link":"https:\/\/jundiai.sp.gov.br\/noticias\/2023\/03\/30\/estacionamento-do-espaco-expressa-reabre-com-550-vagas-e-revitalizado\/","title":{"rendered":"Estacionamento do Espa\u00e7o Expressa reabre com 550 vagas e revitalizado"},"content":{"rendered":"\n<p>A Prefeitura reabriu na \u00faltima semana o galp\u00e3o de estacionamento do Espa\u00e7o Expressa (antigo Complexo Fepasa), ap\u00f3s as obras de revitaliza\u00e7\u00e3o de sua cobertura. Com investimentos de cerca de R$ 3 milh\u00f5es, as interven\u00e7\u00f5es fazem parte das melhorias em andamento para a revitaliza\u00e7\u00e3o do local. \u00a0<\/p>\n\n\n\n<p><a href=\"https:\/\/www.flickr.com\/photos\/prefeituradejundiai\/albums\/72177720307390770\" target=\"_blank\" rel=\"noreferrer noopener\">CONFIRA AS FOTOS<\/a><\/p>\n\n\n\n<p>A \u00e1rea coberta tem 7,5 mil metros quadrados e ganhou nova cobertura, com telhas de zinco com isolamento ac\u00fastico e t\u00e9rmico, al\u00e9m de telhas transl\u00facidas, com o objetivo de melhorar o aproveitamento da luz do sol. A cobertura ganhou tamb\u00e9m novas calhas e condutores de \u00e1guas pluviais, e foi realizada ainda a pintura das tesouras met\u00e1licas, colunas de sustenta\u00e7\u00e3o e pontes rolantes.<\/p>\n\n\n\n<p>J\u00e1 o solo ganhou nova pintura vi\u00e1ria e demarca\u00e7\u00f5es \u2013 fazendo saltar de 300 para 550 o n\u00famero de vagas para ve\u00edculos -, al\u00e9m da implanta\u00e7\u00e3o de divisas.<\/p>\n\n\n\n<figure class=\"wp-block-image size-large\"><img loading=\"lazy\" decoding=\"async\" width=\"1280\" height=\"854\" src=\"https:\/\/jundiai.sp.gov.br\/noticias\/wp-content\/uploads\/sites\/32\/2023\/03\/novo_telhado_estacionamento_expressa_personagens_pa-26-1280x854.jpg\" alt=\"\" class=\"wp-image-314109\" srcset=\"https:\/\/jundiai.sp.gov.br\/noticias\/wp-content\/uploads\/sites\/32\/2023\/03\/novo_telhado_estacionamento_expressa_personagens_pa-26-1280x854.jpg 1280w, https:\/\/jundiai.sp.gov.br\/noticias\/wp-content\/uploads\/sites\/32\/2023\/03\/novo_telhado_estacionamento_expressa_personagens_pa-26-300x200.jpg 300w, https:\/\/jundiai.sp.gov.br\/noticias\/wp-content\/uploads\/sites\/32\/2023\/03\/novo_telhado_estacionamento_expressa_personagens_pa-26-768x512.jpg 768w, https:\/\/jundiai.sp.gov.br\/noticias\/wp-content\/uploads\/sites\/32\/2023\/03\/novo_telhado_estacionamento_expressa_personagens_pa-26-1536x1024.jpg 1536w, https:\/\/jundiai.sp.gov.br\/noticias\/wp-content\/uploads\/sites\/32\/2023\/03\/novo_telhado_estacionamento_expressa_personagens_pa-26-450x300.jpg 450w, https:\/\/jundiai.sp.gov.br\/noticias\/wp-content\/uploads\/sites\/32\/2023\/03\/novo_telhado_estacionamento_expressa_personagens_pa-26.jpg 1900w\" sizes=\"auto, (max-width: 1280px) 100vw, 1280px\" \/><figcaption class=\"wp-element-caption\">Nova cobertura garante isolamento ac\u00fastico e t\u00e9rmico, al\u00e9m do aproveitamento da luz do sol<\/figcaption><\/figure>\n\n\n\n<p>\u201cO Expressa \u00e9 um espa\u00e7o em transforma\u00e7\u00e3o e isso passa, n\u00e3o s\u00f3 pela sua voca\u00e7\u00e3o enquanto equipamento cultural, como tamb\u00e9m pela regularidade com que s\u00e3o entregues as melhorias de suas instala\u00e7\u00f5es. Isso traz n\u00e3o s\u00f3 a melhoria da experi\u00eancia das pessoas que frequentam o local, como tamb\u00e9m a preserva\u00e7\u00e3o deste importante patrim\u00f4nio da cidade\u201d, comentou o gestor de Cultura, Marcelo Peroni.<\/p>\n\n\n\n<p>J\u00e1 o diretor de Gest\u00e3o do Expressa, William Paix\u00e3o, refor\u00e7ou que ainda est\u00e3o previstas novas frentes de trabalho. \u201cO estacionamento foi reaberto para os usu\u00e1rios, mas as interven\u00e7\u00f5es no local continuam, com a pintura das paredes, nova ilumina\u00e7\u00e3o e troca de vidros. Entendemos que estas novas etapas s\u00e3o compat\u00edveis com o uso do local e, por isso, optou-se j\u00e1 por sua abertura, pensando na comodidade dos usu\u00e1rios\u201d.<\/p>\n\n\n\n<p>A professora municipal aposentada Roseli Chareli foi uma das visitantes do local, na manh\u00e3 desta quarta-feira (29). \u201cVim aqui para renovar meu RG e fui surpreendida com a novidade. Achei excelente, pois \u00e9 um estacionamento gratuito e coberto. Da outra vez que vim, estacionei l\u00e1 fora. Quando estava sol pegava poeira. Quando chovia pegava lama. Acabei comentar com outra pessoa que encontrei no caminho\u201d, comentou a moradora do jardim Boa Vista.<\/p>\n\n\n\n<p>Morador da Agapeama, o empres\u00e1rio Alexandre Lupinacci foi ao Expressa renovar sua habilita\u00e7\u00e3o. \u201cFazia tempo que eu n\u00e3o vinha aqui e est\u00e1 bem diferente. Isso traz muita comodidade para quem vem. Inclusive a temperatura do galp\u00e3o \u00e9 agrad\u00e1vel\u201d.<\/p>\n\n\n\n<figure class=\"wp-block-gallery has-nested-images columns-default is-cropped wp-block-gallery-1 is-layout-flex wp-block-gallery-is-layout-flex\">\n<figure class=\"wp-block-image size-large\"><img loading=\"lazy\" decoding=\"async\" width=\"1280\" height=\"854\" data-id=\"314106\" src=\"https:\/\/jundiai.sp.gov.br\/noticias\/wp-content\/uploads\/sites\/32\/2023\/03\/novo_telhado_estacionamento_expressa_personagens_pa-2-1280x854.jpg\" alt=\"\" class=\"wp-image-314106\" srcset=\"https:\/\/jundiai.sp.gov.br\/noticias\/wp-content\/uploads\/sites\/32\/2023\/03\/novo_telhado_estacionamento_expressa_personagens_pa-2-1280x854.jpg 1280w, https:\/\/jundiai.sp.gov.br\/noticias\/wp-content\/uploads\/sites\/32\/2023\/03\/novo_telhado_estacionamento_expressa_personagens_pa-2-300x200.jpg 300w, https:\/\/jundiai.sp.gov.br\/noticias\/wp-content\/uploads\/sites\/32\/2023\/03\/novo_telhado_estacionamento_expressa_personagens_pa-2-768x512.jpg 768w, https:\/\/jundiai.sp.gov.br\/noticias\/wp-content\/uploads\/sites\/32\/2023\/03\/novo_telhado_estacionamento_expressa_personagens_pa-2-1536x1024.jpg 1536w, https:\/\/jundiai.sp.gov.br\/noticias\/wp-content\/uploads\/sites\/32\/2023\/03\/novo_telhado_estacionamento_expressa_personagens_pa-2-450x300.jpg 450w, https:\/\/jundiai.sp.gov.br\/noticias\/wp-content\/uploads\/sites\/32\/2023\/03\/novo_telhado_estacionamento_expressa_personagens_pa-2.jpg 1900w\" sizes=\"auto, (max-width: 1280px) 100vw, 1280px\" \/><\/figure>\n\n\n\n<figure class=\"wp-block-image size-large\"><img loading=\"lazy\" decoding=\"async\" width=\"1280\" height=\"854\" data-id=\"314107\" src=\"https:\/\/jundiai.sp.gov.br\/noticias\/wp-content\/uploads\/sites\/32\/2023\/03\/novo_telhado_estacionamento_expressa_personagens_pa-8-1280x854.jpg\" alt=\"\" class=\"wp-image-314107\" srcset=\"https:\/\/jundiai.sp.gov.br\/noticias\/wp-content\/uploads\/sites\/32\/2023\/03\/novo_telhado_estacionamento_expressa_personagens_pa-8-1280x854.jpg 1280w, https:\/\/jundiai.sp.gov.br\/noticias\/wp-content\/uploads\/sites\/32\/2023\/03\/novo_telhado_estacionamento_expressa_personagens_pa-8-300x200.jpg 300w, https:\/\/jundiai.sp.gov.br\/noticias\/wp-content\/uploads\/sites\/32\/2023\/03\/novo_telhado_estacionamento_expressa_personagens_pa-8-768x512.jpg 768w, https:\/\/jundiai.sp.gov.br\/noticias\/wp-content\/uploads\/sites\/32\/2023\/03\/novo_telhado_estacionamento_expressa_personagens_pa-8-1536x1024.jpg 1536w, https:\/\/jundiai.sp.gov.br\/noticias\/wp-content\/uploads\/sites\/32\/2023\/03\/novo_telhado_estacionamento_expressa_personagens_pa-8-450x300.jpg 450w, https:\/\/jundiai.sp.gov.br\/noticias\/wp-content\/uploads\/sites\/32\/2023\/03\/novo_telhado_estacionamento_expressa_personagens_pa-8.jpg 1900w\" sizes=\"auto, (max-width: 1280px) 100vw, 1280px\" \/><\/figure>\n<figcaption class=\"blocks-gallery-caption wp-element-caption\">Roseli e Alexandre conferiram a novidade nessa quarta (29), quando foram ao Expressa para resolver documenta\u00e7\u00e3o no Poupatempo<\/figcaption><\/figure>\n\n\n\n<p>&nbsp;<strong>Mais melhorias<\/strong><br>Outra novidade que tem agradado aos usu\u00e1rios \u00e9 a <a href=\"https:\/\/jundiai.sp.gov.br\/noticias\/2023\/02\/13\/mudanca-no-transito-rua-abolicao-tera-sentido-unico\/\">mudan\u00e7a vi\u00e1ria implementada, em fevereiro deste ano, na rua Aboli\u00e7\u00e3o<\/a>, que passou a ser m\u00e3o \u00fanica no sentido Centro. A mudan\u00e7a, logo na sa\u00edda do estacionamento, trouxe mais organiza\u00e7\u00e3o e seguran\u00e7a aos usu\u00e1rios, bem como facilitou o acesso \u00e0 regi\u00e3o Central sem a necessidade do retorno na rotat\u00f3ria depois do complexo esportivo Jos\u00e9 Brenna (Sororoca).<\/p>\n\n\n\n<p>A mudan\u00e7a facilitou muito a vida do Danilo Oliveira, que \u00e9 motorista de aplicativo. \u201cEu passo o meu dia aqui. Acabei de deixar um passageiro no Poupatempo. Foi uma mudan\u00e7a muito importante, pois facilitou muito o meu trajeto at\u00e9 o Centro e hospitais, para onde levo muita gente, sem ter que fazer o retorno l\u00e1 na frente. Sem contar quando o aplicativo aciona e estou aqui por perto, j\u00e1 que ficou tamb\u00e9m mais f\u00e1cil para chegar\u201d, elogiou.<\/p>\n\n\n\n<figure class=\"wp-block-image size-large\"><img loading=\"lazy\" decoding=\"async\" width=\"1280\" height=\"854\" src=\"https:\/\/jundiai.sp.gov.br\/noticias\/wp-content\/uploads\/sites\/32\/2023\/03\/novo_telhado_estacionamento_expressa_personagens_pa-18-1280x854.jpg\" alt=\"\" class=\"wp-image-314108\" srcset=\"https:\/\/jundiai.sp.gov.br\/noticias\/wp-content\/uploads\/sites\/32\/2023\/03\/novo_telhado_estacionamento_expressa_personagens_pa-18-1280x854.jpg 1280w, https:\/\/jundiai.sp.gov.br\/noticias\/wp-content\/uploads\/sites\/32\/2023\/03\/novo_telhado_estacionamento_expressa_personagens_pa-18-300x200.jpg 300w, https:\/\/jundiai.sp.gov.br\/noticias\/wp-content\/uploads\/sites\/32\/2023\/03\/novo_telhado_estacionamento_expressa_personagens_pa-18-768x512.jpg 768w, https:\/\/jundiai.sp.gov.br\/noticias\/wp-content\/uploads\/sites\/32\/2023\/03\/novo_telhado_estacionamento_expressa_personagens_pa-18-1536x1024.jpg 1536w, https:\/\/jundiai.sp.gov.br\/noticias\/wp-content\/uploads\/sites\/32\/2023\/03\/novo_telhado_estacionamento_expressa_personagens_pa-18-450x300.jpg 450w, https:\/\/jundiai.sp.gov.br\/noticias\/wp-content\/uploads\/sites\/32\/2023\/03\/novo_telhado_estacionamento_expressa_personagens_pa-18.jpg 1900w\" sizes=\"auto, (max-width: 1280px) 100vw, 1280px\" \/><figcaption class=\"wp-element-caption\">Para Danilo, que trabalha como motorista de aplicativo, novidade impactou positivamente<\/figcaption><\/figure>\n\n\n\n<p><strong>Assessoria de Imprensa<br>Fotos: Fot\u00f3grafos PMJ<\/strong><\/p>\n","protected":false},"excerpt":{"rendered":"<p>A Prefeitura reabriu na \u00faltima semana o galp\u00e3o de estacionamento do Espa\u00e7o Expressa (antigo Complexo Fepasa), ap\u00f3s as obras de revitaliza\u00e7\u00e3o de sua cobertura. Com investimentos de cerca de R$ 3 milh\u00f5es, as interven\u00e7\u00f5es fazem parte das melhorias em andamento para a revitaliza\u00e7\u00e3o do local. \u00a0 CONFIRA AS FOTOS A \u00e1rea coberta tem 7,5 mil [&hellip;]<\/p>\n","protected":false},"author":14,"featured_media":314109,"comment_status":"closed","ping_status":"0","sticky":false,"template":"","format":"standard","meta":{"footnotes":""},"categories":[2],"tags":[29,449,982],"ods":[],"class_list":["post-314104","post","type-post","status-publish","format-standard","has-post-thumbnail","hentry","category-noticias","tag-cultura","tag-espaco-expressa","tag-mobilidade-e-transporte"],"_links":{"self":[{"href":"https:\/\/jundiai.sp.gov.br\/noticias\/wp-json\/wp\/v2\/posts\/314104","targetHints":{"allow":["GET"]}}],"collection":[{"href":"https:\/\/jundiai.sp.gov.br\/noticias\/wp-json\/wp\/v2\/posts"}],"about":[{"href":"https:\/\/jundiai.sp.gov.br\/noticias\/wp-json\/wp\/v2\/types\/post"}],"author":[{"embeddable":true,"href":"https:\/\/jundiai.sp.gov.br\/noticias\/wp-json\/wp\/v2\/users\/14"}],"replies":[{"embeddable":true,"href":"https:\/\/jundiai.sp.gov.br\/noticias\/wp-json\/wp\/v2\/comments?post=314104"}],"version-history":[{"count":4,"href":"https:\/\/jundiai.sp.gov.br\/noticias\/wp-json\/wp\/v2\/posts\/314104\/revisions"}],"predecessor-version":[{"id":315072,"href":"https:\/\/jundiai.sp.gov.br\/noticias\/wp-json\/wp\/v2\/posts\/314104\/revisions\/315072"}],"wp:featuredmedia":[{"embeddable":true,"href":"https:\/\/jundiai.sp.gov.br\/noticias\/wp-json\/wp\/v2\/media\/314109"}],"wp:attachment":[{"href":"https:\/\/jundiai.sp.gov.br\/noticias\/wp-json\/wp\/v2\/media?parent=314104"}],"wp:term":[{"taxonomy":"category","embeddable":true,"href":"https:\/\/jundiai.sp.gov.br\/noticias\/wp-json\/wp\/v2\/categories?post=314104"},{"taxonomy":"post_tag","embeddable":true,"href":"https:\/\/jundiai.sp.gov.br\/noticias\/wp-json\/wp\/v2\/tags?post=314104"},{"taxonomy":"ods","embeddable":true,"href":"https:\/\/jundiai.sp.gov.br\/noticias\/wp-json\/wp\/v2\/ods?post=314104"}],"curies":[{"name":"wp","href":"https:\/\/api.w.org\/{rel}","templated":true}]}}