{"id":314361,"date":"2023-04-03T16:08:47","date_gmt":"2023-04-03T19:08:47","guid":{"rendered":"https:\/\/jundiai.sp.gov.br\/noticias\/?p=314361"},"modified":"2023-04-03T16:08:47","modified_gmt":"2023-04-03T19:08:47","slug":"cultura-abre-inscricoes-para-o-festival-de-musica-de-jundiai","status":"publish","type":"post","link":"https:\/\/jundiai.sp.gov.br\/noticias\/2023\/04\/03\/cultura-abre-inscricoes-para-o-festival-de-musica-de-jundiai\/","title":{"rendered":"Cultura abre inscri\u00e7\u00f5es para o Festival de M\u00fasica de Jundia\u00ed"},"content":{"rendered":"\n<p>A Unidade de Gest\u00e3o de Cultura (UGC) recebe at\u00e9 o dia 9 de junho as inscri\u00e7\u00f5es dos interessados em participar do 2\u00ba Festival de M\u00fasica de Jundia\u00ed 2023, uma a\u00e7\u00e3o aberta n\u00e3o s\u00f3 para compositores, cantores, grupos, bandas e instrumentistas de Jundia\u00ed e regi\u00e3o, mas para artistas de todo o pa\u00eds.<\/p>\n\n\n\n<p>De acordo com o diretor de Cultura, Jo\u00e3o Carlos De Luca, a proposta do festival \u00e9 fomentar e fortalecer as rela\u00e7\u00f5es entre a comunidade art\u00edstica local e, ao mesmo tempo, proporcionar o interc\u00e2mbio com artistas de outros estados brasileiros, de diferentes sonoridades, g\u00eaneros, estilos e gera\u00e7\u00f5es, retratando assim a cena da m\u00fasica autoral na atualidade, n\u00e3o havendo nenhuma restri\u00e7\u00e3o de estilo musical.<\/p>\n\n\n\n<figure class=\"wp-block-image size-full is-resized\"><img loading=\"lazy\" decoding=\"async\" src=\"https:\/\/jundiai.sp.gov.br\/noticias\/wp-content\/uploads\/sites\/32\/2022\/07\/1-festival-de-musica-de-jundiai-grupo-anelo-6teto_fm_-57.jpg\" alt=\"\" class=\"wp-image-297902\" width=\"840\" height=\"560\" srcset=\"https:\/\/jundiai.sp.gov.br\/noticias\/wp-content\/uploads\/sites\/32\/2022\/07\/1-festival-de-musica-de-jundiai-grupo-anelo-6teto_fm_-57.jpg 1280w, https:\/\/jundiai.sp.gov.br\/noticias\/wp-content\/uploads\/sites\/32\/2022\/07\/1-festival-de-musica-de-jundiai-grupo-anelo-6teto_fm_-57-300x200.jpg 300w, https:\/\/jundiai.sp.gov.br\/noticias\/wp-content\/uploads\/sites\/32\/2022\/07\/1-festival-de-musica-de-jundiai-grupo-anelo-6teto_fm_-57-768x512.jpg 768w, https:\/\/jundiai.sp.gov.br\/noticias\/wp-content\/uploads\/sites\/32\/2022\/07\/1-festival-de-musica-de-jundiai-grupo-anelo-6teto_fm_-57-450x300.jpg 450w\" sizes=\"auto, (max-width: 840px) 100vw, 840px\" \/><\/figure>\n\n\n\n<p>Cada proponente poder\u00e1 inscrever at\u00e9 duas composi\u00e7\u00f5es, mas somente uma poder\u00e1 ser classificada e premiada. Ser\u00e3o selecionadas 30 (trinta) composi\u00e7\u00f5es atrav\u00e9s do \u00e1udio enviado nas inscri\u00e7\u00f5es e para garantir um festival heterog\u00eaneo dessas 30, seis(06) ser\u00e3o no estilo eletr\u00f4nico, seis (06) no estilo instrumental e as 18 restantes, estilos variados.<\/p>\n\n\n\n<p>&nbsp;A fase eliminat\u00f3ria acontecer\u00e1 com apresenta\u00e7\u00f5es ao vivo nos dias 28 e 29 de julho, das 30 m\u00fasicas escolhidas na sele\u00e7\u00e3o. A final acontecer\u00e1 ao vivo no dia 30 de julho, com 12 m\u00fasicas selecionadas sendo 6 premiadas \u2013 melhor m\u00fasica do festival, melhor eletr\u00f4nica, melhor instrumental, melhor de Jundia\u00ed, melhor int\u00e9rprete e melhor pelo voto popular.<\/p>\n\n\n\n<p>Durante o 2\u00ba Festival de M\u00fasica de Jundia\u00ed 2023 haver\u00e1 ainda a Mostra Paralela onde, depois de selecionadas as 30 m\u00fasicas do Festival, as pr\u00f3ximas 12 m\u00fasicas de proponentes de Jundia\u00ed n\u00e3o selecionadas, se apresentar\u00e3o no dia 30 de julho, em local e datas a serem definidos pela UGC. N\u00e3o haver\u00e1 premia\u00e7\u00e3o para a Mostra Paralela.<\/p>\n\n\n\n<p><strong>Inscri\u00e7\u00f5es e premia\u00e7\u00e3o<\/strong><\/p>\n\n\n\n<p>Os interessados em participar do Festival de M\u00fasica de Jundia\u00ed 2023 poder\u00e3o se inscrever com at\u00e9 duas composi\u00e7\u00f5es que n\u00e3o sejam pl\u00e1gio ou contenham cita\u00e7\u00e3o po\u00e9tica e musical de outro autor ou compositor. As composi\u00e7\u00f5es tamb\u00e9m n\u00e3o podem ter sido premiadas na 1\u00aa edi\u00e7\u00e3o deste Festival.<\/p>\n\n\n\n<p>As inscri\u00e7\u00f5es devem ser feitas pela internet, diretamente pelos formul\u00e1rios Google:<a href=\"https:\/\/docs.google.com\/forms\/d\/e\/1FAIpQLScu5DPaUs3y-ByFnrOlgF6MTX03Fab5eyowmSAHdwoO9eSO5A\/viewform\">https:\/\/docs.google.com\/forms\/d\/e\/1FAIpQLScu5DPaUs3y-ByFnrOlgF6MTX03Fab5eyowmSAHdwoO9eSO5A\/viewform<\/a><\/p>\n\n\n\n<p>O festival ir\u00e1 premiar com R$ 4 mil e trof\u00e9u para \u201cMelhor M\u00fasica do Festival, Melhor Eletr\u00f4nica, Melhor Instrumental, Melhor de Jundia\u00ed\u201d.<\/p>\n\n\n\n<p>Com R$ 3 mil e trof\u00e9u para o(a) &#8220;Melhor Int\u00e9rprete\u201d; e R$ 3 mil e trof\u00e9u para a \u201cMelhor M\u00fasica por Voto Popular\u201d.<\/p>\n\n\n\n<p>Poder\u00e3o ocorrer ainda men\u00e7\u00f5es honrosas que receber\u00e3o, unicamente, trof\u00e9us.<\/p>\n\n\n\n<p>O edital completo do 2\u00ba Festival de M\u00fasica de Jundia\u00ed 2023 pode ser acessado no link<\/p>\n\n\n\n<p><a href=\"https:\/\/drive.google.com\/file\/d\/1LzBYU0RJtcBlJVpkpyUJFABT7xKlbRcw\/view\">https:\/\/drive.google.com\/file\/d\/1LzBYU0RJtcBlJVpkpyUJFABT7xKlbRcw\/view<\/a><\/p>\n\n\n\n<p>Na edi\u00e7\u00e3o 2022, o Festival recebeu mais de 370 m\u00fasicas inscritas, de 323 compositores, sendo 354 can\u00e7\u00f5es e 23 composi\u00e7\u00f5es instrumentais, representantes de 88 cidades, de 16 estados brasileiros, com inscri\u00e7\u00f5es em todos os g\u00eaneros musicais.<\/p>\n\n\n\n<p><strong>Assessoria de Imprensa<br>Fotos: Fot\u00f3grafos PMJ<\/strong><\/p>\n","protected":false},"excerpt":{"rendered":"<p>A Unidade de Gest\u00e3o de Cultura (UGC) recebe at\u00e9 o dia 9 de junho as inscri\u00e7\u00f5es dos interessados em participar do 2\u00ba Festival de M\u00fasica de Jundia\u00ed 2023, uma a\u00e7\u00e3o aberta n\u00e3o s\u00f3 para compositores, cantores, grupos, bandas e instrumentistas de Jundia\u00ed e regi\u00e3o, mas para artistas de todo o pa\u00eds. De acordo com o [&hellip;]<\/p>\n","protected":false},"author":83,"featured_media":314362,"comment_status":"closed","ping_status":"0","sticky":false,"template":"","format":"standard","meta":{"footnotes":""},"categories":[2],"tags":[29,3017],"ods":[],"class_list":["post-314361","post","type-post","status-publish","format-standard","has-post-thumbnail","hentry","category-noticias","tag-cultura","tag-festival-de-musica"],"_links":{"self":[{"href":"https:\/\/jundiai.sp.gov.br\/noticias\/wp-json\/wp\/v2\/posts\/314361","targetHints":{"allow":["GET"]}}],"collection":[{"href":"https:\/\/jundiai.sp.gov.br\/noticias\/wp-json\/wp\/v2\/posts"}],"about":[{"href":"https:\/\/jundiai.sp.gov.br\/noticias\/wp-json\/wp\/v2\/types\/post"}],"author":[{"embeddable":true,"href":"https:\/\/jundiai.sp.gov.br\/noticias\/wp-json\/wp\/v2\/users\/83"}],"replies":[{"embeddable":true,"href":"https:\/\/jundiai.sp.gov.br\/noticias\/wp-json\/wp\/v2\/comments?post=314361"}],"version-history":[{"count":4,"href":"https:\/\/jundiai.sp.gov.br\/noticias\/wp-json\/wp\/v2\/posts\/314361\/revisions"}],"predecessor-version":[{"id":314381,"href":"https:\/\/jundiai.sp.gov.br\/noticias\/wp-json\/wp\/v2\/posts\/314361\/revisions\/314381"}],"wp:featuredmedia":[{"embeddable":true,"href":"https:\/\/jundiai.sp.gov.br\/noticias\/wp-json\/wp\/v2\/media\/314362"}],"wp:attachment":[{"href":"https:\/\/jundiai.sp.gov.br\/noticias\/wp-json\/wp\/v2\/media?parent=314361"}],"wp:term":[{"taxonomy":"category","embeddable":true,"href":"https:\/\/jundiai.sp.gov.br\/noticias\/wp-json\/wp\/v2\/categories?post=314361"},{"taxonomy":"post_tag","embeddable":true,"href":"https:\/\/jundiai.sp.gov.br\/noticias\/wp-json\/wp\/v2\/tags?post=314361"},{"taxonomy":"ods","embeddable":true,"href":"https:\/\/jundiai.sp.gov.br\/noticias\/wp-json\/wp\/v2\/ods?post=314361"}],"curies":[{"name":"wp","href":"https:\/\/api.w.org\/{rel}","templated":true}]}}