{"id":314462,"date":"2023-04-04T13:41:12","date_gmt":"2023-04-04T16:41:12","guid":{"rendered":"https:\/\/jundiai.sp.gov.br\/noticias\/?p=314462"},"modified":"2023-04-04T13:42:45","modified_gmt":"2023-04-04T16:42:45","slug":"esg-e-tema-de-treinamento-para-gerentes-e-diretores-da-dae","status":"publish","type":"post","link":"https:\/\/jundiai.sp.gov.br\/noticias\/2023\/04\/04\/esg-e-tema-de-treinamento-para-gerentes-e-diretores-da-dae\/","title":{"rendered":"ESG \u00e9 tema de treinamento para gerentes e diretores da DAE"},"content":{"rendered":"\n<p>Gerentes e diretores da DAE Jundia\u00ed participam, a partir desta ter\u00e7a-feira (4), de um treinamento sobre ESG (\u201cEnvironmental, Social and Governance\u201d; em portugu\u00eas, \u201cAmbiental, Social e Governan\u00e7a\u201d). Ser\u00e3o oito aulas, de tr\u00eas horas cada, apenas neste primeiro m\u00f3dulo. O curso \u00e9 ministrado pela professora da Funda\u00e7\u00e3o Escola de Sociologia e Pol\u00edtica de S\u00e3o Paulo (FESP-SP) Val\u00e9ria Bomfim.<\/p>\n\n\n\n<figure class=\"wp-block-image size-large\"><img loading=\"lazy\" decoding=\"async\" width=\"1280\" height=\"960\" src=\"https:\/\/jundiai.sp.gov.br\/noticias\/wp-content\/uploads\/sites\/32\/2023\/04\/esg_040423-2-1-1280x960.jpg\" alt=\"\" class=\"wp-image-314463\" srcset=\"https:\/\/jundiai.sp.gov.br\/noticias\/wp-content\/uploads\/sites\/32\/2023\/04\/esg_040423-2-1-1280x960.jpg 1280w, https:\/\/jundiai.sp.gov.br\/noticias\/wp-content\/uploads\/sites\/32\/2023\/04\/esg_040423-2-1-300x225.jpg 300w, https:\/\/jundiai.sp.gov.br\/noticias\/wp-content\/uploads\/sites\/32\/2023\/04\/esg_040423-2-1-768x576.jpg 768w, https:\/\/jundiai.sp.gov.br\/noticias\/wp-content\/uploads\/sites\/32\/2023\/04\/esg_040423-2-1-1536x1152.jpg 1536w, https:\/\/jundiai.sp.gov.br\/noticias\/wp-content\/uploads\/sites\/32\/2023\/04\/esg_040423-2-1.jpg 1900w\" sizes=\"auto, (max-width: 1280px) 100vw, 1280px\" \/><figcaption class=\"wp-element-caption\"><em>Com foco nos conceitos ambiental, social e de governan\u00e7a, curso \u00e9 ministrado pela professora da Funda\u00e7\u00e3o Escola de Sociologia e Pol\u00edtica de S\u00e3o Paulo (FESP-SP) Val\u00e9ria Bomfim<\/em><\/figcaption><\/figure>\n\n\n\n<p>Segundo ela, toda empresa de grande porte, como a DAE, precisa olhar para al\u00e9m do seu neg\u00f3cio. \u201cO ESG \u00e9 uma exig\u00eancia do mercado. A DAE j\u00e1 conta com uma estrutura muito boa e o treinamento poder\u00e1 ampliar a pr\u00e1tica da sustentabilidade, social e de gest\u00e3o em suas a\u00e7\u00f5es\u201d, avalia.<\/p>\n\n\n\n<p>Iniciativas da DAE como o Relat\u00f3rio de Sustentabilidade, ferramenta que contribui para desenvolver uma estrat\u00e9gia de gest\u00e3o voltada para os indicadores e que demonstra a\u00e7\u00f5es com foco em um impacto positivo no meio ambiente, sociedade e economia, e o programa \u00c1guas de Jundia\u00ed, que ensina \u00e0s crian\u00e7as e grupos como funciona o saneamento na cidade, j\u00e1 t\u00eam o ESG em sua ess\u00eancia.<\/p>\n\n\n\n<figure class=\"wp-block-image size-full\"><img loading=\"lazy\" decoding=\"async\" width=\"930\" height=\"726\" src=\"https:\/\/jundiai.sp.gov.br\/noticias\/wp-content\/uploads\/sites\/32\/2023\/04\/evandro-biancarelli.jpg\" alt=\"\" class=\"wp-image-314465\"\/><figcaption class=\"wp-element-caption\"><em>\u201cA proposta do treinamento \u00e9 fazer com que o ESG sensibilize o corpo diretivo e seja adotado como pr\u00e1tica de gest\u00e3o\u201d, afirma o diretor superintendente de Gest\u00e3o da DAE, Evandro Biancarelli<\/em><\/figcaption><\/figure>\n\n\n\n<p>Para o diretor superintendente de Gest\u00e3o da empresa, Evandro Biancarelli, os conceitos social, ambiental e de governan\u00e7a devem fazer parte da estrat\u00e9gia de neg\u00f3cios da DAE. \u201cA proposta do treinamento \u00e9 fazer com que o ESG sensibilize o corpo diretivo e seja adotado como pr\u00e1tica de gest\u00e3o\u201d, disse.<\/p>\n\n\n\n<p>O segundo m\u00f3dulo do treinamento ser\u00e1 direcionado \u00e0 \u00e1rea de Compras e Licita\u00e7\u00f5es da empresa. \u201cNosso objetivo \u00e9 que, daqui para frente, todas as empresas que contratemos j\u00e1 contem com o ESG\u201d, aponta Biancarelli. O contrato tem dura\u00e7\u00e3o de seis meses e o investimento \u00e9 de R$ 120 mil.<\/p>\n\n\n\n<p><strong>Hist\u00f3rico<\/strong><\/p>\n\n\n\n<p>A sigla ESG surgiu pela primeira vez em 2004, em um relat\u00f3rio da ONU intitulado \u201cWho cares wins\u201d (\u201cQuem se importa ganha\u201d). Com 20 institui\u00e7\u00f5es financeiras, de nove pa\u00edses, o documento foi criado para estabelecer diretrizes que inclu\u00edssem as quest\u00f5es ambientais, sociais e de governan\u00e7a para o mercado financeiro.<\/p>\n\n\n\n<p>Ao longo dos anos, o conceito ganhou notoriedade em outros setores e, em 2015, passou a integrar a Agenda 2030 da ONU e o Acordo de Paris, ambos focados nos Objetivos de Desenvolvimento Sustent\u00e1vel (ODS).<\/p>\n\n\n\n<p><strong>Assessoria de Comunica\u00e7\u00e3o &#8211; DAE Jundia\u00ed<\/strong><\/p>\n\n\n\n<p><strong>Fotos: DAE Jundia\u00ed<\/strong><\/p>\n","protected":false},"excerpt":{"rendered":"<p>Gerentes e diretores da DAE Jundia\u00ed participam, a partir desta ter\u00e7a-feira (4), de um treinamento sobre ESG (\u201cEnvironmental, Social and Governance\u201d; em portugu\u00eas, \u201cAmbiental, Social e Governan\u00e7a\u201d). Ser\u00e3o oito aulas, de tr\u00eas horas cada, apenas neste primeiro m\u00f3dulo. O curso \u00e9 ministrado pela professora da Funda\u00e7\u00e3o Escola de Sociologia e Pol\u00edtica de S\u00e3o Paulo (FESP-SP) [&hellip;]<\/p>\n","protected":false},"author":51,"featured_media":314467,"comment_status":"closed","ping_status":"0","sticky":false,"template":"","format":"standard","meta":{"footnotes":""},"categories":[2],"tags":[1940,3878,3880,3012,2927],"ods":[],"class_list":["post-314462","post","type-post","status-publish","format-standard","has-post-thumbnail","hentry","category-noticias","tag-dae-jundiai","tag-esg","tag-governanca","tag-social","tag-sustentabilidade"],"_links":{"self":[{"href":"https:\/\/jundiai.sp.gov.br\/noticias\/wp-json\/wp\/v2\/posts\/314462","targetHints":{"allow":["GET"]}}],"collection":[{"href":"https:\/\/jundiai.sp.gov.br\/noticias\/wp-json\/wp\/v2\/posts"}],"about":[{"href":"https:\/\/jundiai.sp.gov.br\/noticias\/wp-json\/wp\/v2\/types\/post"}],"author":[{"embeddable":true,"href":"https:\/\/jundiai.sp.gov.br\/noticias\/wp-json\/wp\/v2\/users\/51"}],"replies":[{"embeddable":true,"href":"https:\/\/jundiai.sp.gov.br\/noticias\/wp-json\/wp\/v2\/comments?post=314462"}],"version-history":[{"count":2,"href":"https:\/\/jundiai.sp.gov.br\/noticias\/wp-json\/wp\/v2\/posts\/314462\/revisions"}],"predecessor-version":[{"id":314466,"href":"https:\/\/jundiai.sp.gov.br\/noticias\/wp-json\/wp\/v2\/posts\/314462\/revisions\/314466"}],"wp:featuredmedia":[{"embeddable":true,"href":"https:\/\/jundiai.sp.gov.br\/noticias\/wp-json\/wp\/v2\/media\/314467"}],"wp:attachment":[{"href":"https:\/\/jundiai.sp.gov.br\/noticias\/wp-json\/wp\/v2\/media?parent=314462"}],"wp:term":[{"taxonomy":"category","embeddable":true,"href":"https:\/\/jundiai.sp.gov.br\/noticias\/wp-json\/wp\/v2\/categories?post=314462"},{"taxonomy":"post_tag","embeddable":true,"href":"https:\/\/jundiai.sp.gov.br\/noticias\/wp-json\/wp\/v2\/tags?post=314462"},{"taxonomy":"ods","embeddable":true,"href":"https:\/\/jundiai.sp.gov.br\/noticias\/wp-json\/wp\/v2\/ods?post=314462"}],"curies":[{"name":"wp","href":"https:\/\/api.w.org\/{rel}","templated":true}]}}