{"id":314474,"date":"2023-04-04T14:25:23","date_gmt":"2023-04-04T17:25:23","guid":{"rendered":"https:\/\/jundiai.sp.gov.br\/noticias\/?p=314474"},"modified":"2023-04-04T14:25:23","modified_gmt":"2023-04-04T17:25:23","slug":"dia-mundial-do-lazer-tera-programacao-em-jundiai","status":"publish","type":"post","link":"https:\/\/jundiai.sp.gov.br\/noticias\/2023\/04\/04\/dia-mundial-do-lazer-tera-programacao-em-jundiai\/","title":{"rendered":"Dia Mundial do Lazer ter\u00e1 programa\u00e7\u00e3o em Jundia\u00ed"},"content":{"rendered":"\n<p>A Prefeitura e o Sesc Jundia\u00ed alinharam as a\u00e7\u00f5es para a realiza\u00e7\u00e3o do Dia Mundial do Lazer, em reuni\u00e3o articulada pela Rede Jundia\u00ed de Coopera\u00e7\u00e3o, vinculada \u00e0 Unidade de Governo e Finan\u00e7as. O evento acontecer\u00e1 no dia 16 de abril, no bairro Jardim Fepasa, das 10h30 \u00e0s 14h30.<\/p>\n\n\n\n<p>A programa\u00e7\u00e3o conta com pebolim humano, festival de t\u00eanis de mesa, aula de Hip Hop, roda de samba, entre outras atividades pensadas em conjunto com os moradores do bairro. Em linha com o Programa Cidade das Crian\u00e7as, ainda haver\u00e1 o Espa\u00e7o de Brincar, resgatando brincadeiras de rua. Vale dizer que o Dia Mundial do Lazer \u00e9 uma iniciativa global que tem como objetivo refor\u00e7ar o lazer como um direito social e alertar para a sua import\u00e2ncia no dia a dia das pessoas. Pa\u00edses como Canad\u00e1, China, Espanha e Hungria tamb\u00e9m aderiram \u00e0 data.<\/p>\n\n\n\n<p>&#8220;O Sesc \u00e9 um grande aliado do poder p\u00fablico e essa parceria refor\u00e7a a responsabilidade das institui\u00e7\u00f5es na transforma\u00e7\u00e3o social da comunidade e gera\u00e7\u00e3o de oportunidades. Por meio de atividades esportivas e culturais, iremos fomentar a import\u00e2ncia da ocupa\u00e7\u00e3o das pessoas nos espa\u00e7os p\u00fablicos, garantindo o pertencimento delas \u00e0 cidade\u201d, afirmou o gestor de Governo e Finan\u00e7as, Jos\u00e9 Antonio Parimoschi.<\/p>\n\n\n<div class=\"wp-block-image\">\n<figure class=\"aligncenter size-large\"><img loading=\"lazy\" decoding=\"async\" width=\"1280\" height=\"854\" src=\"https:\/\/jundiai.sp.gov.br\/noticias\/wp-content\/uploads\/sites\/32\/2023\/04\/reuniao_dia_mundial_do_lazer_sesc_jardim_fepasa_pa-46-1280x854.jpg\" alt=\"\" class=\"wp-image-314475\" srcset=\"https:\/\/jundiai.sp.gov.br\/noticias\/wp-content\/uploads\/sites\/32\/2023\/04\/reuniao_dia_mundial_do_lazer_sesc_jardim_fepasa_pa-46-1280x854.jpg 1280w, https:\/\/jundiai.sp.gov.br\/noticias\/wp-content\/uploads\/sites\/32\/2023\/04\/reuniao_dia_mundial_do_lazer_sesc_jardim_fepasa_pa-46-300x200.jpg 300w, https:\/\/jundiai.sp.gov.br\/noticias\/wp-content\/uploads\/sites\/32\/2023\/04\/reuniao_dia_mundial_do_lazer_sesc_jardim_fepasa_pa-46-768x512.jpg 768w, https:\/\/jundiai.sp.gov.br\/noticias\/wp-content\/uploads\/sites\/32\/2023\/04\/reuniao_dia_mundial_do_lazer_sesc_jardim_fepasa_pa-46-1536x1024.jpg 1536w, https:\/\/jundiai.sp.gov.br\/noticias\/wp-content\/uploads\/sites\/32\/2023\/04\/reuniao_dia_mundial_do_lazer_sesc_jardim_fepasa_pa-46-450x300.jpg 450w, https:\/\/jundiai.sp.gov.br\/noticias\/wp-content\/uploads\/sites\/32\/2023\/04\/reuniao_dia_mundial_do_lazer_sesc_jardim_fepasa_pa-46.jpg 1900w\" sizes=\"auto, (max-width: 1280px) 100vw, 1280px\" \/><figcaption class=\"wp-element-caption\">Programa\u00e7\u00e3o do Dia do Lazer foi definida em reuni\u00e3o entre Prefeitura de Jundia\u00ed e Sesc<\/figcaption><\/figure>\n<\/div>\n\n\n<p>&#8220;Essa \u00e9 uma a\u00e7\u00e3o que refor\u00e7a o compromisso da unidade com os moradores no entorno, estreitando la\u00e7os e chamando a popula\u00e7\u00e3o para ocupar o Sesc Jundia\u00ed. N\u00f3s levamos atividades aos bairros, mas estamos de portas abertas para receber as pessoas em nossa unidade\u201d, comentou o gerente adjunto do Sesc, Luiz Fernando Silva, que esteve acompanhado de Leandro Ara\u00fajo e Gleucy Lopes, respons\u00e1veis pela organiza\u00e7\u00e3o do evento.<\/p>\n\n\n\n<p>A reuni\u00e3o foi coordenada pela diretora da Unidade Central de Parcerias Estrat\u00e9gicas, Daniele Ruiz, que refor\u00e7ou a import\u00e2ncia da integra\u00e7\u00e3o entre todos os setores para o sucesso e continuidade dos projetos de interesse p\u00fablico.<\/p>\n\n\n\n<p>Tamb\u00e9m participaram da reuni\u00e3o os gestores Aloysio de Queiroz Jr. (Mobilidade e Transporte), Lu\u00eds Claudio Tarallo (Esportes e Lazer), al\u00e9m dos adjuntos Marcelo Nitsch (Esportes e Lazer) e Jones Martins (Governo e Finan\u00e7as), bem como integrantes das referidas Unidades de Gest\u00e3o, al\u00e9m da Cultura, Servi\u00e7os P\u00fablicos e Rede Jundia\u00ed de Coopera\u00e7\u00e3o.<\/p>\n\n\n\n<p><strong>Assessoria de Imprensa<br>Foto: Fot\u00f3grafo PMJ<\/strong><\/p>\n","protected":false},"excerpt":{"rendered":"<p>A Prefeitura e o Sesc Jundia\u00ed alinharam as a\u00e7\u00f5es para a realiza\u00e7\u00e3o do Dia Mundial do Lazer, em reuni\u00e3o articulada pela Rede Jundia\u00ed de Coopera\u00e7\u00e3o, vinculada \u00e0 Unidade de Governo e Finan\u00e7as. O evento acontecer\u00e1 no dia 16 de abril, no bairro Jardim Fepasa, das 10h30 \u00e0s 14h30. A programa\u00e7\u00e3o conta com pebolim humano, festival [&hellip;]<\/p>\n","protected":false},"author":90,"featured_media":314475,"comment_status":"closed","ping_status":"0","sticky":false,"template":"","format":"standard","meta":{"footnotes":""},"categories":[2],"tags":[3882,1190,267,2499],"ods":[],"class_list":["post-314474","post","type-post","status-publish","format-standard","has-post-thumbnail","hentry","category-noticias","tag-dia-mundial-do-lazer","tag-rede-de-cooperacao","tag-sesc","tag-unidade-de-gestao-de-governo-e-financas-uggf"],"_links":{"self":[{"href":"https:\/\/jundiai.sp.gov.br\/noticias\/wp-json\/wp\/v2\/posts\/314474","targetHints":{"allow":["GET"]}}],"collection":[{"href":"https:\/\/jundiai.sp.gov.br\/noticias\/wp-json\/wp\/v2\/posts"}],"about":[{"href":"https:\/\/jundiai.sp.gov.br\/noticias\/wp-json\/wp\/v2\/types\/post"}],"author":[{"embeddable":true,"href":"https:\/\/jundiai.sp.gov.br\/noticias\/wp-json\/wp\/v2\/users\/90"}],"replies":[{"embeddable":true,"href":"https:\/\/jundiai.sp.gov.br\/noticias\/wp-json\/wp\/v2\/comments?post=314474"}],"version-history":[{"count":3,"href":"https:\/\/jundiai.sp.gov.br\/noticias\/wp-json\/wp\/v2\/posts\/314474\/revisions"}],"predecessor-version":[{"id":314482,"href":"https:\/\/jundiai.sp.gov.br\/noticias\/wp-json\/wp\/v2\/posts\/314474\/revisions\/314482"}],"wp:featuredmedia":[{"embeddable":true,"href":"https:\/\/jundiai.sp.gov.br\/noticias\/wp-json\/wp\/v2\/media\/314475"}],"wp:attachment":[{"href":"https:\/\/jundiai.sp.gov.br\/noticias\/wp-json\/wp\/v2\/media?parent=314474"}],"wp:term":[{"taxonomy":"category","embeddable":true,"href":"https:\/\/jundiai.sp.gov.br\/noticias\/wp-json\/wp\/v2\/categories?post=314474"},{"taxonomy":"post_tag","embeddable":true,"href":"https:\/\/jundiai.sp.gov.br\/noticias\/wp-json\/wp\/v2\/tags?post=314474"},{"taxonomy":"ods","embeddable":true,"href":"https:\/\/jundiai.sp.gov.br\/noticias\/wp-json\/wp\/v2\/ods?post=314474"}],"curies":[{"name":"wp","href":"https:\/\/api.w.org\/{rel}","templated":true}]}}