{"id":314749,"date":"2023-04-10T08:57:44","date_gmt":"2023-04-10T11:57:44","guid":{"rendered":"https:\/\/jundiai.sp.gov.br\/noticias\/?p=314749"},"modified":"2023-04-10T09:06:45","modified_gmt":"2023-04-10T12:06:45","slug":"jundiai-e-destaque-em-livro-do-instituto-ayrton-senna-e-da-usp","status":"publish","type":"post","link":"https:\/\/jundiai.sp.gov.br\/noticias\/2023\/04\/10\/jundiai-e-destaque-em-livro-do-instituto-ayrton-senna-e-da-usp\/","title":{"rendered":"Jundia\u00ed \u00e9 destaque em livro do Instituto Ayrton Senna e da USP"},"content":{"rendered":"\n<p>Lan\u00e7ado na&nbsp;Cidade Universit\u00e1ria&nbsp;da Universidade de S\u00e3o Paulo (USP), na semana passada, o e-book \u201cCompet\u00eancias socioemocionais e Vidas Ativas\u201d traz pol\u00edticas p\u00fablicas de Jundia\u00ed em destaque no trabalho, que \u00e9 resultado de iniciativa coletiva iniciada em 2021. A publica\u00e7\u00e3o \u00e9 parte da parceria entre o Instituto Ayrton Senna e o Centro de Pr\u00e1ticas Esportivas da Universidade de S\u00e3o Paulo (CEPEUSP) e fruto do di\u00e1logo entre pesquisadores e educadores dessas e de outras institui\u00e7\u00f5es parceiras, que buscaram destacar e refletir sobre pr\u00e1ticas que podem ocorrer em diferentes ambientes e para todas as idades.<\/p>\n\n\n\n<p>A Prefeitura de Jundia\u00ed \u00e9 a \u00fanica institui\u00e7\u00e3o representante do Poder Executivo no livro, com o&nbsp;<strong>Cap\u00edtulo 11: Desemparedar as inf\u00e2ncias na cidade: experi\u00eancias de Jundia\u00ed \u2013 S\u00e3o Paulo<\/strong>, escrito por Felipe Cunha (UGEL), Mariana Antonelli (UGEL) e Sylvia Angelini (UGPUMA).<\/p>\n\n\n\n<p>&#8220;Jundia\u00ed \u00e9 a Cidade das Crian\u00e7as e sede brasileira da Rede Mundial Cidade das Crian\u00e7as. Todo o trabalho que vem sendo desenvolvido na cidade \u00e9 reconhecido internacionalmente e demonstra que o munic\u00edpio est\u00e1 no caminho certo, desenvolvendo projetos a partir da inf\u00e2ncia, que atendem a todas as idades&#8221;, comenta o prefeito Luiz Fernando Machado. <\/p>\n\n\n\n<p>O e-book prop\u00f5e algumas reflex\u00f5es como: &#8220;Quais compet\u00eancias socioemocionais parecem estar mais relacionadas aos modos de vida ativos?&#8221; e &#8220;Como estimul\u00e1-las, desenvolv\u00ea-las, mant\u00ea-las e renov\u00e1-las ao longo das fases do desenvolvimento humano, considerando as caracter\u00edsticas e particularidades de cada um e tamb\u00e9m do ambiente no qual se insere?&#8221;<\/p>\n\n\n\n<figure class=\"wp-block-image size-full is-resized\"><img loading=\"lazy\" decoding=\"async\" src=\"https:\/\/jundiai.sp.gov.br\/noticias\/wp-content\/uploads\/sites\/32\/2023\/04\/ebook-capa1.png\" alt=\"\" class=\"wp-image-314754\" width=\"840\" height=\"601\" srcset=\"https:\/\/jundiai.sp.gov.br\/noticias\/wp-content\/uploads\/sites\/32\/2023\/04\/ebook-capa1.png 598w, https:\/\/jundiai.sp.gov.br\/noticias\/wp-content\/uploads\/sites\/32\/2023\/04\/ebook-capa1-300x215.png 300w\" sizes=\"auto, (max-width: 840px) 100vw, 840px\" \/><\/figure>\n\n\n\n<p>Para o educador Felipe Cunha, \u201co esporte \u00e9 promotor de desenvolvimento humano quando \u00e9 uma atividade livre e consciente, n\u00e3o limitada pela falta de tempo, de recurso ou de oportunidade. O que o munic\u00edpio de Jundia\u00ed vem fazendo com a pol\u00edtica p\u00fablica para crian\u00e7as \u00e9 promover a liberdade, o direito e autonomia das pessoas desde a inf\u00e2ncia\u201d.<\/p>\n\n\n\n<p>O objetivo do e-book \u00e9 apresentar o di\u00e1logo entre os conceitos de compet\u00eancias socioemocionais e vidas ativas. Para isso, juntaram-se parceiras e parceiros que atuam na promo\u00e7\u00e3o do movimento, de atividades f\u00edsicas e esportivas ou de compet\u00eancias socioemocionais com crian\u00e7as, adolescentes, jovens, adultos e idosos em diferentes regi\u00f5es do Brasil como o Instituto Corrida Amiga, Instituto Esporte Mais, Instituto Fam\u00edlia Barrichello, Instituto Compartilhar, CooperarTemJogo, Elisabeth Regina, ex-professora em Macei\u00f3, e Prefeitura Municipal de Jundia\u00ed.<\/p>\n\n\n\n<p>\u201cTer a experi\u00eancia de Jundia\u00ed reconhecida nesse livro \u00e9 importante n\u00e3o apenas porque refor\u00e7a nossa convic\u00e7\u00e3o de que as a\u00e7\u00f5es aqui implementadas favorecem o desenvolvimento f\u00edsico e emocional das crian\u00e7as, mas tamb\u00e9m porque ela pode inspirar a\u00e7\u00f5es semelhantes em outras cidades, amplificando seus benef\u00edcios\u201d, comenta Sylvia Angelini, diretora do Departamento de Urbanismo da UGPUMA.<\/p>\n\n\n\n<p>O e-book pode ser acessado no link:&nbsp;<a rel=\"noreferrer noopener\" href=\"https:\/\/institutoayrtonsenna.org.br\/app\/uploads\/2023\/04\/E-book-Competencias-socioemocionais-e-vidas-ativas_2022_Cepeusp-e-IAS-compactado-1.pdf\" target=\"_blank\">https:\/\/institutoayrtonsenna.org.br\/app\/uploads\/2023\/04\/E-book-Competencias-socioemocionais-e-vidas-ativas_2022_Cepeusp-e-IAS-compactado-1.pdf<\/a><\/p>\n\n\n\n<p><strong>Assessoria de Imprensa<\/strong><\/p>\n","protected":false},"excerpt":{"rendered":"<p>Lan\u00e7ado na&nbsp;Cidade Universit\u00e1ria&nbsp;da Universidade de S\u00e3o Paulo (USP), na semana passada, o e-book \u201cCompet\u00eancias socioemocionais e Vidas Ativas\u201d traz pol\u00edticas p\u00fablicas de Jundia\u00ed em destaque no trabalho, que \u00e9 resultado de iniciativa coletiva iniciada em 2021. A publica\u00e7\u00e3o \u00e9 parte da parceria entre o Instituto Ayrton Senna e o Centro de Pr\u00e1ticas Esportivas da Universidade [&hellip;]<\/p>\n","protected":false},"author":39,"featured_media":314754,"comment_status":"closed","ping_status":"0","sticky":false,"template":"","format":"standard","meta":{"footnotes":""},"categories":[2],"tags":[1154,2348,32,1176],"ods":[],"class_list":["post-314749","post","type-post","status-publish","format-standard","has-post-thumbnail","hentry","category-noticias","tag-cidade-das-criancas","tag-desemparedamento-da-escola","tag-planejamento-e-meio-ambiente","tag-prefeito-luiz-fernando-machado"],"_links":{"self":[{"href":"https:\/\/jundiai.sp.gov.br\/noticias\/wp-json\/wp\/v2\/posts\/314749","targetHints":{"allow":["GET"]}}],"collection":[{"href":"https:\/\/jundiai.sp.gov.br\/noticias\/wp-json\/wp\/v2\/posts"}],"about":[{"href":"https:\/\/jundiai.sp.gov.br\/noticias\/wp-json\/wp\/v2\/types\/post"}],"author":[{"embeddable":true,"href":"https:\/\/jundiai.sp.gov.br\/noticias\/wp-json\/wp\/v2\/users\/39"}],"replies":[{"embeddable":true,"href":"https:\/\/jundiai.sp.gov.br\/noticias\/wp-json\/wp\/v2\/comments?post=314749"}],"version-history":[{"count":6,"href":"https:\/\/jundiai.sp.gov.br\/noticias\/wp-json\/wp\/v2\/posts\/314749\/revisions"}],"predecessor-version":[{"id":314759,"href":"https:\/\/jundiai.sp.gov.br\/noticias\/wp-json\/wp\/v2\/posts\/314749\/revisions\/314759"}],"wp:featuredmedia":[{"embeddable":true,"href":"https:\/\/jundiai.sp.gov.br\/noticias\/wp-json\/wp\/v2\/media\/314754"}],"wp:attachment":[{"href":"https:\/\/jundiai.sp.gov.br\/noticias\/wp-json\/wp\/v2\/media?parent=314749"}],"wp:term":[{"taxonomy":"category","embeddable":true,"href":"https:\/\/jundiai.sp.gov.br\/noticias\/wp-json\/wp\/v2\/categories?post=314749"},{"taxonomy":"post_tag","embeddable":true,"href":"https:\/\/jundiai.sp.gov.br\/noticias\/wp-json\/wp\/v2\/tags?post=314749"},{"taxonomy":"ods","embeddable":true,"href":"https:\/\/jundiai.sp.gov.br\/noticias\/wp-json\/wp\/v2\/ods?post=314749"}],"curies":[{"name":"wp","href":"https:\/\/api.w.org\/{rel}","templated":true}]}}