{"id":314835,"date":"2023-04-10T15:28:44","date_gmt":"2023-04-10T18:28:44","guid":{"rendered":"https:\/\/jundiai.sp.gov.br\/noticias\/?p=314835"},"modified":"2023-04-10T15:28:44","modified_gmt":"2023-04-10T18:28:44","slug":"gestores-se-reunem-para-monitorar-projetos-prioritarios","status":"publish","type":"post","link":"https:\/\/jundiai.sp.gov.br\/noticias\/2023\/04\/10\/gestores-se-reunem-para-monitorar-projetos-prioritarios\/","title":{"rendered":"Gestores se re\u00fanem para monitorar projetos priorit\u00e1rios"},"content":{"rendered":"\n<p>A 22\u00aa rodada de Reuni\u00e3o de Monitoramento de projetos aconteceu nesta segunda-feira (10), na Sala de Situa\u00e7\u00e3o do Pa\u00e7o Municipal. Liderada pelo Gestor-Adjunto de Governo, Jones Martins, e pelo Diretor da Unidade de Entregas, Jo\u00e3o Anhesini, o encontro teve como foco a atualiza\u00e7\u00e3o do andamento dos projetos priorit\u00e1rios do governo. O Vice-Prefeito Gustavo Martinelli tamb\u00e9m esteve presente.<\/p>\n\n\n\n<p>\u201cOs encontros entre as plataformas s\u00e3o fundamentais para que, de forma conjunta, os melhores caminhos sejam seguidos para que os projetos priorit\u00e1rios saiam do papel. Esse dinamismo n\u00f3s seguimos desde 2017 quando implantamos o PMO (Project Management Office) na Prefeitura. De l\u00e1 pra c\u00e1, mais de 300 projetos j\u00e1 foram gerenciados e entregues para a popula\u00e7\u00e3o\u201d, comenta Jones Martins.<\/p>\n\n\n\n<figure class=\"wp-block-image size-large\"><img loading=\"lazy\" decoding=\"async\" width=\"1280\" height=\"854\" src=\"https:\/\/jundiai.sp.gov.br\/noticias\/wp-content\/uploads\/sites\/32\/2023\/04\/22_reuniao_monitoramento_de_plataforma_pa-30-1280x854.jpg\" alt=\"\" class=\"wp-image-314836\" srcset=\"https:\/\/jundiai.sp.gov.br\/noticias\/wp-content\/uploads\/sites\/32\/2023\/04\/22_reuniao_monitoramento_de_plataforma_pa-30-1280x854.jpg 1280w, https:\/\/jundiai.sp.gov.br\/noticias\/wp-content\/uploads\/sites\/32\/2023\/04\/22_reuniao_monitoramento_de_plataforma_pa-30-300x200.jpg 300w, https:\/\/jundiai.sp.gov.br\/noticias\/wp-content\/uploads\/sites\/32\/2023\/04\/22_reuniao_monitoramento_de_plataforma_pa-30-768x512.jpg 768w, https:\/\/jundiai.sp.gov.br\/noticias\/wp-content\/uploads\/sites\/32\/2023\/04\/22_reuniao_monitoramento_de_plataforma_pa-30-1536x1024.jpg 1536w, https:\/\/jundiai.sp.gov.br\/noticias\/wp-content\/uploads\/sites\/32\/2023\/04\/22_reuniao_monitoramento_de_plataforma_pa-30-450x300.jpg 450w, https:\/\/jundiai.sp.gov.br\/noticias\/wp-content\/uploads\/sites\/32\/2023\/04\/22_reuniao_monitoramento_de_plataforma_pa-30.jpg 1900w\" sizes=\"auto, (max-width: 1280px) 100vw, 1280px\" \/><figcaption class=\"wp-element-caption\">Reuni\u00e3o de Monitoramento reuniu gestores na Sala de Situa\u00e7\u00e3o do Pa\u00e7o Municipal<\/figcaption><\/figure>\n\n\n\n<p>Nessa rodada estiveram presentes as Unidades de Gest\u00e3o de Esporte e Lazer (UGEL), Promo\u00e7\u00e3o de Sa\u00fade (UGPS), Educa\u00e7\u00e3o (UGE), Cultura (UGC), Seguran\u00e7a Municipal (UGSM), Assist\u00eancia e Desenvolvimento Social (UGADS), al\u00e9m da FUMAS e Inova\u00e7\u00e3o e Rela\u00e7\u00e3o com o Cidad\u00e3o (UGIRC). Alguns dos projetos discutidos foram o andamento nas obras da Cl\u00ednica da Fam\u00edlia e Pronto Atendimento da Ponte S\u00e3o Jo\u00e3o e do Centro de Especialidades M\u00e9dicas e Pronto Atendimento da Vila Progresso, do novo Canil da Guarda Municipal e da EMEB Abigahil Alves Feu Borim. A entrega das 171 matr\u00edculas para os moradores do Jardim Novo Horizonte, que acontece nesta ter\u00e7a-feira (11), tamb\u00e9m entrou em pauta.<\/p>\n\n\n\n<p>Na \u00faltima semana a Prefeitura de Jundia\u00ed ampliou a transpar\u00eancia sobre a gest\u00e3o e instalou novas c\u00e2meras de monitoramento em tempo real nas principais obras da cidade. Pelo <a href=\"https:\/\/observatorio.jundiai.sp.gov.br\/entregas.php\" data-type=\"URL\" data-id=\"https:\/\/observatorio.jundiai.sp.gov.br\/entregas.php\" target=\"_blank\" rel=\"noreferrer noopener\">Observat\u00f3rio Jundia\u00ed<\/a> os mun\u00edcipes podem acessar gratuitamente as c\u00e2meras na Cl\u00ednica da Fam\u00edlia e Pronto Atendimento da Ponte S\u00e3o Jo\u00e3o, no Centro de Especialidades M\u00e9dicas e Diagn\u00f3sticos e Pronto Atendimento da Vila Progresso, no Complexo Vi\u00e1rio da Regi\u00e3o Sul, no novo Canil da Guarda Municipal e no Centro de Seguran\u00e7a e Urg\u00eancia e Emerg\u00eancia.<\/p>\n\n\n\n<p><strong>Assessoria de Imprensa<br>Foto: Fotografo PMJ<\/strong><\/p>\n","protected":false},"excerpt":{"rendered":"<p>A 22\u00aa rodada de Reuni\u00e3o de Monitoramento de projetos aconteceu nesta segunda-feira (10), na Sala de Situa\u00e7\u00e3o do Pa\u00e7o Municipal. Liderada pelo Gestor-Adjunto de Governo, Jones Martins, e pelo Diretor da Unidade de Entregas, Jo\u00e3o Anhesini, o encontro teve como foco a atualiza\u00e7\u00e3o do andamento dos projetos priorit\u00e1rios do governo. O Vice-Prefeito Gustavo Martinelli tamb\u00e9m [&hellip;]<\/p>\n","protected":false},"author":90,"featured_media":314836,"comment_status":"closed","ping_status":"0","sticky":false,"template":"","format":"standard","meta":{"footnotes":""},"categories":[2],"tags":[2663,2499],"ods":[],"class_list":["post-314835","post","type-post","status-publish","format-standard","has-post-thumbnail","hentry","category-noticias","tag-reuniao-de-monitoramento","tag-unidade-de-gestao-de-governo-e-financas-uggf"],"_links":{"self":[{"href":"https:\/\/jundiai.sp.gov.br\/noticias\/wp-json\/wp\/v2\/posts\/314835","targetHints":{"allow":["GET"]}}],"collection":[{"href":"https:\/\/jundiai.sp.gov.br\/noticias\/wp-json\/wp\/v2\/posts"}],"about":[{"href":"https:\/\/jundiai.sp.gov.br\/noticias\/wp-json\/wp\/v2\/types\/post"}],"author":[{"embeddable":true,"href":"https:\/\/jundiai.sp.gov.br\/noticias\/wp-json\/wp\/v2\/users\/90"}],"replies":[{"embeddable":true,"href":"https:\/\/jundiai.sp.gov.br\/noticias\/wp-json\/wp\/v2\/comments?post=314835"}],"version-history":[{"count":3,"href":"https:\/\/jundiai.sp.gov.br\/noticias\/wp-json\/wp\/v2\/posts\/314835\/revisions"}],"predecessor-version":[{"id":314848,"href":"https:\/\/jundiai.sp.gov.br\/noticias\/wp-json\/wp\/v2\/posts\/314835\/revisions\/314848"}],"wp:featuredmedia":[{"embeddable":true,"href":"https:\/\/jundiai.sp.gov.br\/noticias\/wp-json\/wp\/v2\/media\/314836"}],"wp:attachment":[{"href":"https:\/\/jundiai.sp.gov.br\/noticias\/wp-json\/wp\/v2\/media?parent=314835"}],"wp:term":[{"taxonomy":"category","embeddable":true,"href":"https:\/\/jundiai.sp.gov.br\/noticias\/wp-json\/wp\/v2\/categories?post=314835"},{"taxonomy":"post_tag","embeddable":true,"href":"https:\/\/jundiai.sp.gov.br\/noticias\/wp-json\/wp\/v2\/tags?post=314835"},{"taxonomy":"ods","embeddable":true,"href":"https:\/\/jundiai.sp.gov.br\/noticias\/wp-json\/wp\/v2\/ods?post=314835"}],"curies":[{"name":"wp","href":"https:\/\/api.w.org\/{rel}","templated":true}]}}