{"id":315144,"date":"2023-04-13T18:04:33","date_gmt":"2023-04-13T21:04:33","guid":{"rendered":"https:\/\/jundiai.sp.gov.br\/noticias\/?p=315144"},"modified":"2023-04-14T16:59:17","modified_gmt":"2023-04-14T19:59:17","slug":"apresentacoes-do-25o-enredanca-tem-entrada-gratuita-para-o-publico-em-geral","status":"publish","type":"post","link":"https:\/\/jundiai.sp.gov.br\/noticias\/2023\/04\/13\/apresentacoes-do-25o-enredanca-tem-entrada-gratuita-para-o-publico-em-geral\/","title":{"rendered":"Apresenta\u00e7\u00f5es do 25\u00ba Enredan\u00e7a t\u00eam entrada gratuita para o p\u00fablico"},"content":{"rendered":"\n<p>Com cerca de 20 apresenta\u00e7\u00f5es programadas pelas Mostras Paralela e Competitiva, o <a href=\"https:\/\/cultura.jundiai.sp.gov.br\/enredanca\/\" target=\"_blank\" rel=\"noreferrer noopener\">25\u00ba Enredan\u00e7a<\/a> ser\u00e1 realizado entre esta sexta (14) e o domingo (23), e contar\u00e1 com entrada gratuita para os interessados em acompanhar as performances dos bailarinos, academias e grupos de dan\u00e7a inscritos.<\/p>\n\n\n\n<p>Logo na abertura do festival, no <a href=\"https:\/\/jundiai.sp.gov.br\/noticias\/2023\/04\/11\/abertura-do-25o-enredanca-sera-durante-o-sexta-no-centro\/\">Sexta no Centro desta sexta-feira (14)<\/a>, as performances de dan\u00e7a e de m\u00fasica na Pra\u00e7a Marechal Floriano Peixoto (Pra\u00e7a do Coreto) s\u00e3o totalmente gratuitas. Antecedendo as apresenta\u00e7\u00f5es das bandas Cabe\u00e7a de Mamute (16h), Sess\u00e3o Alternativa (18h) e Trio Soul Balan\u00e7o (20h), o p\u00fablico poder\u00e1 assistir \u00e0s performances do jingle oficial do festival por grupos de dan\u00e7a da regi\u00e3o.<\/p>\n\n\n\n<figure class=\"wp-block-image size-large\"><img loading=\"lazy\" decoding=\"async\" width=\"1280\" height=\"854\" src=\"https:\/\/jundiai.sp.gov.br\/noticias\/wp-content\/uploads\/sites\/32\/2023\/04\/enredanca_noite-de-gala-700-1280x854.jpg\" alt=\"\" class=\"wp-image-315145\" srcset=\"https:\/\/jundiai.sp.gov.br\/noticias\/wp-content\/uploads\/sites\/32\/2023\/04\/enredanca_noite-de-gala-700-1280x854.jpg 1280w, https:\/\/jundiai.sp.gov.br\/noticias\/wp-content\/uploads\/sites\/32\/2023\/04\/enredanca_noite-de-gala-700-300x200.jpg 300w, https:\/\/jundiai.sp.gov.br\/noticias\/wp-content\/uploads\/sites\/32\/2023\/04\/enredanca_noite-de-gala-700-768x513.jpg 768w, https:\/\/jundiai.sp.gov.br\/noticias\/wp-content\/uploads\/sites\/32\/2023\/04\/enredanca_noite-de-gala-700-1536x1025.jpg 1536w, https:\/\/jundiai.sp.gov.br\/noticias\/wp-content\/uploads\/sites\/32\/2023\/04\/enredanca_noite-de-gala-700-450x300.jpg 450w, https:\/\/jundiai.sp.gov.br\/noticias\/wp-content\/uploads\/sites\/32\/2023\/04\/enredanca_noite-de-gala-700.jpg 1900w\" sizes=\"auto, (max-width: 1280px) 100vw, 1280px\" \/><figcaption class=\"wp-element-caption\">Participam desta edi\u00e7\u00e3o do festival 900 bailarinos, de 20 diferentes Munic\u00edpios paulistas<\/figcaption><\/figure>\n\n\n\n<p>Pela <a href=\"https:\/\/cultura.jundiai.sp.gov.br\/enredanca\/mostra-competitiva\/\" target=\"_blank\" rel=\"noreferrer noopener\">Mostra Competitiva<\/a>, as coreografias concorrentes apresentam-se no Teatro Polytheama nas noites dos dias 15 e 16 e entre 18 e 23 de abril, sendo o \u00faltimo a Noite de Gala do Festival. Para estas apresenta\u00e7\u00f5es, os ingressos gratuitos ficar\u00e3o dispon\u00edveis na bilheteria do Teatro (rua Bar\u00e3o de Jundia\u00ed, 176 \u2013 Centro) ou pela plataforma Sympla sempre a partir das 10h30 do dia do espet\u00e1culo. Cada interessado ter\u00e1 direito a tr\u00eas ingressos.<\/p>\n\n\n\n<p>J\u00e1 pela <a href=\"https:\/\/cultura.jundiai.sp.gov.br\/enredanca\/mostra-paralela\/\" target=\"_blank\" rel=\"noreferrer noopener\">Mostra Paralela<\/a>, com exce\u00e7\u00e3o das apresenta\u00e7\u00f5es em escolas, onde s\u00f3 poder\u00e3o participar os alunos e educadores, as apresenta\u00e7\u00f5es na Pracinha da Cultura do Vista Alegre deste s\u00e1bado (15) e no Maxi Shopping, sempre a partir das 14h, s\u00e3o abertas aos interessados em geral, por ordem de chegada.<\/p>\n\n\n\n<p>O Enredan\u00e7a \u00e9 uma realiza\u00e7\u00e3o da UGC em parceria com a Unidade de Gest\u00e3o de Educa\u00e7\u00e3o e patroc\u00ednios do Maxi Shopping e da Associa\u00e7\u00e3o Comercial (ACE). <a href=\"https:\/\/cultura.jundiai.sp.gov.br\/enredanca\/\" target=\"_blank\" rel=\"noreferrer noopener\">Os detalhes da programa\u00e7\u00e3o podem ser conferidos no site do festival<\/a>.<\/p>\n\n\n\n<p><strong>Assessoria de Imprensa<br>Foto: Arquivo PMJ<\/strong><\/p>\n","protected":false},"excerpt":{"rendered":"<p>Com cerca de 20 apresenta\u00e7\u00f5es programadas pelas Mostras Paralela e Competitiva, o 25\u00ba Enredan\u00e7a ser\u00e1 realizado entre esta sexta (14) e o domingo (23), e contar\u00e1 com entrada gratuita para os interessados em acompanhar as performances dos bailarinos, academias e grupos de dan\u00e7a inscritos. Logo na abertura do festival, no Sexta no Centro desta sexta-feira [&hellip;]<\/p>\n","protected":false},"author":14,"featured_media":315146,"comment_status":"closed","ping_status":"closed","sticky":false,"template":"","format":"standard","meta":{"footnotes":""},"categories":[2],"tags":[894,29,6,1006,222,294,98],"ods":[],"class_list":["post-315144","post","type-post","status-publish","format-standard","has-post-thumbnail","hentry","category-noticias","tag-ceu-das-artes-do-vista-alegre","tag-cultura","tag-educacao","tag-festival-enredanca","tag-maxi-shopping","tag-sexta-no-centro","tag-teatro-polytheama"],"_links":{"self":[{"href":"https:\/\/jundiai.sp.gov.br\/noticias\/wp-json\/wp\/v2\/posts\/315144","targetHints":{"allow":["GET"]}}],"collection":[{"href":"https:\/\/jundiai.sp.gov.br\/noticias\/wp-json\/wp\/v2\/posts"}],"about":[{"href":"https:\/\/jundiai.sp.gov.br\/noticias\/wp-json\/wp\/v2\/types\/post"}],"author":[{"embeddable":true,"href":"https:\/\/jundiai.sp.gov.br\/noticias\/wp-json\/wp\/v2\/users\/14"}],"replies":[{"embeddable":true,"href":"https:\/\/jundiai.sp.gov.br\/noticias\/wp-json\/wp\/v2\/comments?post=315144"}],"version-history":[{"count":2,"href":"https:\/\/jundiai.sp.gov.br\/noticias\/wp-json\/wp\/v2\/posts\/315144\/revisions"}],"predecessor-version":[{"id":315253,"href":"https:\/\/jundiai.sp.gov.br\/noticias\/wp-json\/wp\/v2\/posts\/315144\/revisions\/315253"}],"wp:featuredmedia":[{"embeddable":true,"href":"https:\/\/jundiai.sp.gov.br\/noticias\/wp-json\/wp\/v2\/media\/315146"}],"wp:attachment":[{"href":"https:\/\/jundiai.sp.gov.br\/noticias\/wp-json\/wp\/v2\/media?parent=315144"}],"wp:term":[{"taxonomy":"category","embeddable":true,"href":"https:\/\/jundiai.sp.gov.br\/noticias\/wp-json\/wp\/v2\/categories?post=315144"},{"taxonomy":"post_tag","embeddable":true,"href":"https:\/\/jundiai.sp.gov.br\/noticias\/wp-json\/wp\/v2\/tags?post=315144"},{"taxonomy":"ods","embeddable":true,"href":"https:\/\/jundiai.sp.gov.br\/noticias\/wp-json\/wp\/v2\/ods?post=315144"}],"curies":[{"name":"wp","href":"https:\/\/api.w.org\/{rel}","templated":true}]}}