{"id":315154,"date":"2023-04-15T08:59:00","date_gmt":"2023-04-15T11:59:00","guid":{"rendered":"https:\/\/jundiai.sp.gov.br\/noticias\/?p=315154"},"modified":"2023-04-14T17:30:01","modified_gmt":"2023-04-14T20:30:01","slug":"ugmt-amplia-estudos-para-fluidez-em-areas-escolares","status":"publish","type":"post","link":"https:\/\/jundiai.sp.gov.br\/noticias\/2023\/04\/15\/ugmt-amplia-estudos-para-fluidez-em-areas-escolares\/","title":{"rendered":"UGMT amplia estudos para fluidez em \u00e1reas escolares"},"content":{"rendered":"\n<p>Com o objetivo de entender em campo a din\u00e2mica do tr\u00e2nsito nas \u00e1reas escolares, principalmente no que se refere \u00e0 seguran\u00e7a dos alunos no embarque e desembarque dos ve\u00edculos, na chegada e sa\u00edda das escolas, a Unidade de Gest\u00e3o de Mobilidade e Transporte (UGMT) est\u00e1 ampliando os estudos com equipe do departamento de Transportes conversando com pais, transportadores escolares e a comunidade local de cada regi\u00e3o do munic\u00edpio.<\/p>\n\n\n\n<p>Nesta semana, foram realizadas visitas a unidades escolares no Jardim Santa Gertrudes, al\u00e9m de reuni\u00e3o com os condutores de ve\u00edculos escolares que atendem os estudantes da EMEB Pedro de Oliveira, na Vila Joana. \u201cO objetivo \u00e9 coletar informa\u00e7\u00f5es para an\u00e1lise t\u00e9cnica de diversos fatores, como por exemplo, a efici\u00eancia da atual disposi\u00e7\u00e3o das vagas exclusivas para os ve\u00edculos escolares, al\u00e9m de conscientizar a import\u00e2ncia da colabora\u00e7\u00e3o de pais, transportadores e motoristas sobre o respeito \u00e0s leis de tr\u00e2nsito para permitir a fluidez com seguran\u00e7a\u201d, afirma o gestor de Mobilidade e Transporte, Aloysio Queiroz.<\/p>\n\n\n\n<figure class=\"wp-block-image size-large\"><img loading=\"lazy\" decoding=\"async\" width=\"1280\" height=\"842\" src=\"https:\/\/jundiai.sp.gov.br\/noticias\/wp-content\/uploads\/sites\/32\/2023\/04\/reuniao-escolares-abril-1280x842.jpg\" alt=\"Na imagem, a equipe da Unidade de Gest\u00e3o de Mobilidade e Transporte est\u00e1 reunida com transportadores escolares que atendem EMEB Pedro de Oliveira,  Vila Joana, para entenderem as necessidades para trazer mais fluidez refor\u00e7ando a seguran\u00e7a no tr\u00e2nsito.\" class=\"wp-image-315155\" srcset=\"https:\/\/jundiai.sp.gov.br\/noticias\/wp-content\/uploads\/sites\/32\/2023\/04\/reuniao-escolares-abril-1280x842.jpg 1280w, https:\/\/jundiai.sp.gov.br\/noticias\/wp-content\/uploads\/sites\/32\/2023\/04\/reuniao-escolares-abril-300x197.jpg 300w, https:\/\/jundiai.sp.gov.br\/noticias\/wp-content\/uploads\/sites\/32\/2023\/04\/reuniao-escolares-abril-768x505.jpg 768w, https:\/\/jundiai.sp.gov.br\/noticias\/wp-content\/uploads\/sites\/32\/2023\/04\/reuniao-escolares-abril-1536x1011.jpg 1536w, https:\/\/jundiai.sp.gov.br\/noticias\/wp-content\/uploads\/sites\/32\/2023\/04\/reuniao-escolares-abril.jpg 1900w\" sizes=\"auto, (max-width: 1280px) 100vw, 1280px\" \/><figcaption class=\"wp-element-caption\">Al\u00e9m de pesquisa em frente \u00e0s escolas, ser\u00e3o realizadas reuni\u00f5es com transportadores escolares<\/figcaption><\/figure>\n\n\n\n<p>Transportador escolar h\u00e1 8 anos, Petterson Carlos de Lima, destacou como positiva a a\u00e7\u00e3o. \u201cTodos precisam ser ouvidos para uma melhor organiza\u00e7\u00e3o no tr\u00e2nsito. Os pais v\u00e3o contar sobre as suas necessidades, e a gente sobre a nossa.\u201d<\/p>\n\n\n\n<p>O diretor de Transporte, Leslie Litano Tealdi, comenta que existem outras a\u00e7\u00f5es em andamento para refor\u00e7ar o monitoramento. \u201cEstamos conversando com outras unidades de gest\u00e3o da Prefeitura sobre o uso de imagens das c\u00e2meras instaladas em frente \u00e0s escolas, o que dever\u00e1 ajudar bastante para que os agentes de tr\u00e2nsito possam acompanhar detalhadamente as condi\u00e7\u00f5es das vias, em tempo real, e fornecer subs\u00eddios para medidas de engenharia de tr\u00e1fego com foco na seguran\u00e7a dos usu\u00e1rios das vias e fluidez.\u201d<\/p>\n\n\n\n<p><strong>Assessoria de Imprensa<\/strong><\/p>\n","protected":false},"excerpt":{"rendered":"<p>Com o objetivo de entender em campo a din\u00e2mica do tr\u00e2nsito nas \u00e1reas escolares, principalmente no que se refere \u00e0 seguran\u00e7a dos alunos no embarque e desembarque dos ve\u00edculos, na chegada e sa\u00edda das escolas, a Unidade de Gest\u00e3o de Mobilidade e Transporte (UGMT) est\u00e1 ampliando os estudos com equipe do departamento de Transportes conversando [&hellip;]<\/p>\n","protected":false},"author":92,"featured_media":315155,"comment_status":"closed","ping_status":"0","sticky":false,"template":"","format":"standard","meta":{"footnotes":""},"categories":[2],"tags":[982,2977,3369,3860,2903],"ods":[],"class_list":["post-315154","post","type-post","status-publish","format-standard","has-post-thumbnail","hentry","category-noticias","tag-mobilidade-e-transporte","tag-seguranca-no-transito","tag-seguranca-viaria","tag-transito-seguro","tag-transporte-escolar"],"_links":{"self":[{"href":"https:\/\/jundiai.sp.gov.br\/noticias\/wp-json\/wp\/v2\/posts\/315154","targetHints":{"allow":["GET"]}}],"collection":[{"href":"https:\/\/jundiai.sp.gov.br\/noticias\/wp-json\/wp\/v2\/posts"}],"about":[{"href":"https:\/\/jundiai.sp.gov.br\/noticias\/wp-json\/wp\/v2\/types\/post"}],"author":[{"embeddable":true,"href":"https:\/\/jundiai.sp.gov.br\/noticias\/wp-json\/wp\/v2\/users\/92"}],"replies":[{"embeddable":true,"href":"https:\/\/jundiai.sp.gov.br\/noticias\/wp-json\/wp\/v2\/comments?post=315154"}],"version-history":[{"count":3,"href":"https:\/\/jundiai.sp.gov.br\/noticias\/wp-json\/wp\/v2\/posts\/315154\/revisions"}],"predecessor-version":[{"id":315265,"href":"https:\/\/jundiai.sp.gov.br\/noticias\/wp-json\/wp\/v2\/posts\/315154\/revisions\/315265"}],"wp:featuredmedia":[{"embeddable":true,"href":"https:\/\/jundiai.sp.gov.br\/noticias\/wp-json\/wp\/v2\/media\/315155"}],"wp:attachment":[{"href":"https:\/\/jundiai.sp.gov.br\/noticias\/wp-json\/wp\/v2\/media?parent=315154"}],"wp:term":[{"taxonomy":"category","embeddable":true,"href":"https:\/\/jundiai.sp.gov.br\/noticias\/wp-json\/wp\/v2\/categories?post=315154"},{"taxonomy":"post_tag","embeddable":true,"href":"https:\/\/jundiai.sp.gov.br\/noticias\/wp-json\/wp\/v2\/tags?post=315154"},{"taxonomy":"ods","embeddable":true,"href":"https:\/\/jundiai.sp.gov.br\/noticias\/wp-json\/wp\/v2\/ods?post=315154"}],"curies":[{"name":"wp","href":"https:\/\/api.w.org\/{rel}","templated":true}]}}