{"id":315274,"date":"2023-04-15T07:56:00","date_gmt":"2023-04-15T10:56:00","guid":{"rendered":"https:\/\/jundiai.sp.gov.br\/noticias\/?p=315274"},"modified":"2023-04-17T07:53:04","modified_gmt":"2023-04-17T10:53:04","slug":"sexta-no-centro-abre-a-programacao-do-25o-festival-enredanca","status":"publish","type":"post","link":"https:\/\/jundiai.sp.gov.br\/noticias\/2023\/04\/15\/sexta-no-centro-abre-a-programacao-do-25o-festival-enredanca\/","title":{"rendered":"\u2018Sexta no Centro\u2019 abre a programa\u00e7\u00e3o do 25\u00ba Festival Enredan\u00e7a"},"content":{"rendered":"\n<p>A <a rel=\"noreferrer noopener\" href=\"https:\/\/cultura.jundiai.sp.gov.br\/enredanca\/\" target=\"_blank\">25\u00aa edi\u00e7\u00e3o do Festival Enredan\u00e7a<\/a> foi oficialmente aberta nessa sexta-feira (14), durante a edi\u00e7\u00e3o de abril no \u201cSexta no Centro\u201d da Pra\u00e7a Marechal Floriano Peixoto (Pra\u00e7a do Coreto). Apesar de a chuva do fim de tarde n\u00e3o ter permitido as performances dos grupos e academias no palco montado na pra\u00e7a, as bandas Cabe\u00e7a de Mamute, Sess\u00e3o Alternativa e Trio Soul Balan\u00e7o garantindo os ritmos da noite e convidaram o p\u00fablico a dan\u00e7ar ao som de seus repert\u00f3rios.<\/p>\n\n\n\n<p>\u201cE assim come\u00e7amos esta edi\u00e7\u00e3o do Enredan\u00e7a, que segue at\u00e9 o pr\u00f3ximo domingo (23), com participa\u00e7\u00e3o do p\u00fablico e com atra\u00e7\u00f5es descentralizadas, para que a popula\u00e7\u00e3o se aproprie das programa\u00e7\u00f5es e de nossos equipamentos culturais. Neste fim de semana, pela <a rel=\"noreferrer noopener\" href=\"https:\/\/cultura.jundiai.sp.gov.br\/enredanca\/mostra-paralela\/\" target=\"_blank\">Mostra Paralela<\/a>, haver\u00e1 apresenta\u00e7\u00f5es na Pracinha da Cultura do Vista Alegre e no Maxi Shopping, e, pela <a rel=\"noreferrer noopener\" href=\"https:\/\/cultura.jundiai.sp.gov.br\/enredanca\/mostra-competitiva\/\" target=\"_blank\">Mostra Competitiva<\/a>, no Teatro Polytheama\u201d, comentou o diretor do Departamento de Cultura da Unidade de Gest\u00e3o de Cultura (UGC), Jo\u00e3o Carlos De Luca.<\/p>\n\n\n\n<p><a href=\"https:\/\/www.flickr.com\/photos\/prefeituradejundiai\/albums\/72177720307561950\" target=\"_blank\" rel=\"noreferrer noopener\">CONFIRA AS FOTOS DO 25\u00ba ENREDAN\u00c7A<\/a><\/p>\n\n\n\n<figure class=\"wp-block-image size-large\"><img loading=\"lazy\" decoding=\"async\" width=\"1280\" height=\"854\" src=\"https:\/\/jundiai.sp.gov.br\/noticias\/wp-content\/uploads\/sites\/32\/2023\/04\/sexta-no-centro-e-abertura-do-25-enredanca_fm_-49-2-1280x854.jpg\" alt=\"\" class=\"wp-image-315280\" srcset=\"https:\/\/jundiai.sp.gov.br\/noticias\/wp-content\/uploads\/sites\/32\/2023\/04\/sexta-no-centro-e-abertura-do-25-enredanca_fm_-49-2-1280x854.jpg 1280w, https:\/\/jundiai.sp.gov.br\/noticias\/wp-content\/uploads\/sites\/32\/2023\/04\/sexta-no-centro-e-abertura-do-25-enredanca_fm_-49-2-300x200.jpg 300w, https:\/\/jundiai.sp.gov.br\/noticias\/wp-content\/uploads\/sites\/32\/2023\/04\/sexta-no-centro-e-abertura-do-25-enredanca_fm_-49-2-768x512.jpg 768w, https:\/\/jundiai.sp.gov.br\/noticias\/wp-content\/uploads\/sites\/32\/2023\/04\/sexta-no-centro-e-abertura-do-25-enredanca_fm_-49-2-1536x1024.jpg 1536w, https:\/\/jundiai.sp.gov.br\/noticias\/wp-content\/uploads\/sites\/32\/2023\/04\/sexta-no-centro-e-abertura-do-25-enredanca_fm_-49-2-450x300.jpg 450w, https:\/\/jundiai.sp.gov.br\/noticias\/wp-content\/uploads\/sites\/32\/2023\/04\/sexta-no-centro-e-abertura-do-25-enredanca_fm_-49-2.jpg 1900w\" sizes=\"auto, (max-width: 1280px) 100vw, 1280px\" \/><figcaption class=\"wp-element-caption\">As bandas Cabe\u00e7a de Mamute, Sess\u00e3o Alternativa (foto) e Trio Soul Balan\u00e7o garantiram os ritmos da festa<\/figcaption><\/figure>\n\n\n\n<p>Quem prestigiou as atra\u00e7\u00f5es musicais p\u00f4de ainda aproveitar as del\u00edcias gastron\u00f4micas das barracas dos varej\u00f5es municipais \u2013 como do pastel, milho, churros, tapioca e cervejas artesanais -, al\u00e9m de prestigiar os artistas do artesanato do Jundia\u00ed feito \u00e0 M\u00e3o.<\/p>\n\n\n\n<p>Acompanhada do esposo Ram\u00f3n e das filhas Maiara, de 17 anos, e Laura, de seis, a estudante Jana\u00edna Serra uniu a divers\u00e3o com um passeio em fam\u00edlia. \u201cA Maiara soube que haveria \u2018Sexta no Centro\u2019 pelo Instagram da Prefeitura e decidimos vir, pois aqui sabemos que o ambiente \u00e9 gostoso, tem sempre m\u00fasica ao vivo e ainda d\u00e1 para dan\u00e7ar e garantir a janta da fam\u00edlia\u201d, brincou.<\/p>\n\n\n\n<p>Os empres\u00e1rios Israel e K\u00e1tia Vargas, moradores do Caxambu, aproveitaram a ida ao Centro para a realiza\u00e7\u00e3o de um exame e, acompanhados do pequeno Kaleb, de quatro anos, tamb\u00e9m prestigiaram as atra\u00e7\u00f5es. \u201cMinha esposa sabia que era dia de \u2018Sexta no Centro\u2019 e aproveitamos para assistir \u00e0s bandas e comer pastel. E aprovamos, pois iniciativas vinculadas \u00e0 Cultura, por exemplo, s\u00e3o sempre os melhores investimentos\u201d, comentou Israel.<\/p>\n\n\n\n<figure class=\"wp-block-gallery has-nested-images columns-default is-cropped wp-block-gallery-1 is-layout-flex wp-block-gallery-is-layout-flex\">\n<figure class=\"wp-block-image size-large\"><img loading=\"lazy\" decoding=\"async\" width=\"1280\" height=\"854\" data-id=\"315279\" src=\"https:\/\/jundiai.sp.gov.br\/noticias\/wp-content\/uploads\/sites\/32\/2023\/04\/sexta-no-centro-e-abertura-do-25-enredanca_fm_-33-4-1280x854.jpg\" alt=\"\" class=\"wp-image-315279\" srcset=\"https:\/\/jundiai.sp.gov.br\/noticias\/wp-content\/uploads\/sites\/32\/2023\/04\/sexta-no-centro-e-abertura-do-25-enredanca_fm_-33-4-1280x854.jpg 1280w, https:\/\/jundiai.sp.gov.br\/noticias\/wp-content\/uploads\/sites\/32\/2023\/04\/sexta-no-centro-e-abertura-do-25-enredanca_fm_-33-4-300x200.jpg 300w, https:\/\/jundiai.sp.gov.br\/noticias\/wp-content\/uploads\/sites\/32\/2023\/04\/sexta-no-centro-e-abertura-do-25-enredanca_fm_-33-4-768x512.jpg 768w, https:\/\/jundiai.sp.gov.br\/noticias\/wp-content\/uploads\/sites\/32\/2023\/04\/sexta-no-centro-e-abertura-do-25-enredanca_fm_-33-4-1536x1024.jpg 1536w, https:\/\/jundiai.sp.gov.br\/noticias\/wp-content\/uploads\/sites\/32\/2023\/04\/sexta-no-centro-e-abertura-do-25-enredanca_fm_-33-4-450x300.jpg 450w, https:\/\/jundiai.sp.gov.br\/noticias\/wp-content\/uploads\/sites\/32\/2023\/04\/sexta-no-centro-e-abertura-do-25-enredanca_fm_-33-4.jpg 1900w\" sizes=\"auto, (max-width: 1280px) 100vw, 1280px\" \/><\/figure>\n\n\n\n<figure class=\"wp-block-image size-large\"><img loading=\"lazy\" decoding=\"async\" width=\"1280\" height=\"854\" data-id=\"315277\" src=\"https:\/\/jundiai.sp.gov.br\/noticias\/wp-content\/uploads\/sites\/32\/2023\/04\/sexta-no-centro-e-abertura-do-25-enredanca_fm_-35-1280x854.jpg\" alt=\"\" class=\"wp-image-315277\" srcset=\"https:\/\/jundiai.sp.gov.br\/noticias\/wp-content\/uploads\/sites\/32\/2023\/04\/sexta-no-centro-e-abertura-do-25-enredanca_fm_-35-1280x854.jpg 1280w, https:\/\/jundiai.sp.gov.br\/noticias\/wp-content\/uploads\/sites\/32\/2023\/04\/sexta-no-centro-e-abertura-do-25-enredanca_fm_-35-300x200.jpg 300w, https:\/\/jundiai.sp.gov.br\/noticias\/wp-content\/uploads\/sites\/32\/2023\/04\/sexta-no-centro-e-abertura-do-25-enredanca_fm_-35-768x512.jpg 768w, https:\/\/jundiai.sp.gov.br\/noticias\/wp-content\/uploads\/sites\/32\/2023\/04\/sexta-no-centro-e-abertura-do-25-enredanca_fm_-35-1536x1024.jpg 1536w, https:\/\/jundiai.sp.gov.br\/noticias\/wp-content\/uploads\/sites\/32\/2023\/04\/sexta-no-centro-e-abertura-do-25-enredanca_fm_-35-450x300.jpg 450w, https:\/\/jundiai.sp.gov.br\/noticias\/wp-content\/uploads\/sites\/32\/2023\/04\/sexta-no-centro-e-abertura-do-25-enredanca_fm_-35.jpg 1900w\" sizes=\"auto, (max-width: 1280px) 100vw, 1280px\" \/><\/figure>\n<figcaption class=\"blocks-gallery-caption wp-element-caption\">As fam\u00edlias Serra e Vargas garantiram a divers\u00e3o e a janta de sexta-feira <\/figcaption><\/figure>\n\n\n\n<p>O Enredan\u00e7a \u00e9 uma realiza\u00e7\u00e3o da UGC, em parceria com a Unidade de Gest\u00e3o de Educa\u00e7\u00e3o (UGE) e patroc\u00ednios do Maxi Shopping e da Associa\u00e7\u00e3o Comercial (ACE). <a href=\"https:\/\/cultura.jundiai.sp.gov.br\/enredanca\/\" target=\"_blank\" rel=\"noreferrer noopener\">Os detalhes da programa\u00e7\u00e3o podem ser conferidos no site do festival<\/a>.<\/p>\n\n\n\n<p><strong>Assessoria de Imprensa<br>Fotos: Fot\u00f3grafos PMJ<\/strong><\/p>\n","protected":false},"excerpt":{"rendered":"<p>A 25\u00aa edi\u00e7\u00e3o do Festival Enredan\u00e7a foi oficialmente aberta nessa sexta-feira (14), durante a edi\u00e7\u00e3o de abril no \u201cSexta no Centro\u201d da Pra\u00e7a Marechal Floriano Peixoto (Pra\u00e7a do Coreto). Apesar de a chuva do fim de tarde n\u00e3o ter permitido as performances dos grupos e academias no palco montado na pra\u00e7a, as bandas Cabe\u00e7a de [&hellip;]<\/p>\n","protected":false},"author":14,"featured_media":315280,"comment_status":"closed","ping_status":"0","sticky":false,"template":"","format":"standard","meta":{"footnotes":""},"categories":[2],"tags":[974,29,1006,293,1305,294],"ods":[],"class_list":["post-315274","post","type-post","status-publish","format-standard","has-post-thumbnail","hentry","category-noticias","tag-agronegocio-abastecimento-e-turismo","tag-cultura","tag-festival-enredanca","tag-jundiai-feito-a-mao","tag-praca-do-coreto","tag-sexta-no-centro"],"_links":{"self":[{"href":"https:\/\/jundiai.sp.gov.br\/noticias\/wp-json\/wp\/v2\/posts\/315274","targetHints":{"allow":["GET"]}}],"collection":[{"href":"https:\/\/jundiai.sp.gov.br\/noticias\/wp-json\/wp\/v2\/posts"}],"about":[{"href":"https:\/\/jundiai.sp.gov.br\/noticias\/wp-json\/wp\/v2\/types\/post"}],"author":[{"embeddable":true,"href":"https:\/\/jundiai.sp.gov.br\/noticias\/wp-json\/wp\/v2\/users\/14"}],"replies":[{"embeddable":true,"href":"https:\/\/jundiai.sp.gov.br\/noticias\/wp-json\/wp\/v2\/comments?post=315274"}],"version-history":[{"count":4,"href":"https:\/\/jundiai.sp.gov.br\/noticias\/wp-json\/wp\/v2\/posts\/315274\/revisions"}],"predecessor-version":[{"id":315303,"href":"https:\/\/jundiai.sp.gov.br\/noticias\/wp-json\/wp\/v2\/posts\/315274\/revisions\/315303"}],"wp:featuredmedia":[{"embeddable":true,"href":"https:\/\/jundiai.sp.gov.br\/noticias\/wp-json\/wp\/v2\/media\/315280"}],"wp:attachment":[{"href":"https:\/\/jundiai.sp.gov.br\/noticias\/wp-json\/wp\/v2\/media?parent=315274"}],"wp:term":[{"taxonomy":"category","embeddable":true,"href":"https:\/\/jundiai.sp.gov.br\/noticias\/wp-json\/wp\/v2\/categories?post=315274"},{"taxonomy":"post_tag","embeddable":true,"href":"https:\/\/jundiai.sp.gov.br\/noticias\/wp-json\/wp\/v2\/tags?post=315274"},{"taxonomy":"ods","embeddable":true,"href":"https:\/\/jundiai.sp.gov.br\/noticias\/wp-json\/wp\/v2\/ods?post=315274"}],"curies":[{"name":"wp","href":"https:\/\/api.w.org\/{rel}","templated":true}]}}