{"id":315646,"date":"2023-04-20T15:45:33","date_gmt":"2023-04-20T18:45:33","guid":{"rendered":"https:\/\/jundiai.sp.gov.br\/noticias\/?p=315646"},"modified":"2023-04-20T15:45:33","modified_gmt":"2023-04-20T18:45:33","slug":"cia-jovem-traz-em-seu-elenco-bailarinos-premiados-em-outras-edicoes-do-enredanca","status":"publish","type":"post","link":"https:\/\/jundiai.sp.gov.br\/noticias\/2023\/04\/20\/cia-jovem-traz-em-seu-elenco-bailarinos-premiados-em-outras-edicoes-do-enredanca\/","title":{"rendered":"Cia. Jovem traz em seu elenco bailarinos premiados em outras edi\u00e7\u00f5es do Enredan\u00e7a"},"content":{"rendered":"\n<p>A Cia. Jovem de Dan\u00e7a tem marcado sua presen\u00e7a no <a href=\"https:\/\/cultura.jundiai.sp.gov.br\/enredanca\/\" target=\"_blank\" rel=\"noreferrer noopener\">25\u00ba Enredan\u00e7a<\/a>, levando a apresenta\u00e7\u00e3o de suas coreografias ao p\u00fablico que vai ao Teatro Polytheama para acompanhar a Mostra Competitiva do festival. No entanto, n\u00e3o s\u00e3o s\u00f3 a participa\u00e7\u00e3o e a Dan\u00e7a que unem a companhia e o festival.<\/p>\n\n\n\n<p>Em seu elenco para a temporada 2023, tr\u00eas dos bailarinos do corpo art\u00edstico municipal, ligado \u00e0 Unidade de Gest\u00e3o de Cultura (UGC), j\u00e1 participaram e foram vencedores em categorias e com coreografias de edi\u00e7\u00f5es anteriores do festival. Entre eles est\u00e3o os bailarinos Bia do Bem (24 anos), Maria Eduarda Castro (19) e Gean Marcos (22).<\/p>\n\n\n\n<p>\u201cOs corpos municipais cumprem n\u00e3o s\u00f3 o seu papel de produ\u00e7\u00e3o em excel\u00eancia de trabalhos em suas respectivas linguagens art\u00edsticas, como tamb\u00e9m a forma\u00e7\u00e3o destes jovens talentos. Essa \u00e9 a t\u00f4nica que vemos na companhia de Dan\u00e7a, que, desde a sua retomada, em 2018, j\u00e1 traz em seu nome o seu perfil de ser um grupo jovem\u201d, comentou o gestor de Cultura, Marcelo Peroni, que ressaltou o perfil jovens nos demais corpos, incluindo a Orquestra Sinf\u00f4nica Municipal, que desde o ano passado conta com um n\u00facleo jovem de m\u00fasicos bolsistas.<\/p>\n\n\n\n<figure class=\"wp-block-image size-large\"><img loading=\"lazy\" decoding=\"async\" width=\"1280\" height=\"854\" src=\"https:\/\/jundiai.sp.gov.br\/noticias\/wp-content\/uploads\/sites\/32\/2023\/04\/bailarinos-da-cia-jovem-de-danca_fm_-90-1280x854.jpg\" alt=\"\" class=\"wp-image-315654\" srcset=\"https:\/\/jundiai.sp.gov.br\/noticias\/wp-content\/uploads\/sites\/32\/2023\/04\/bailarinos-da-cia-jovem-de-danca_fm_-90-1280x854.jpg 1280w, https:\/\/jundiai.sp.gov.br\/noticias\/wp-content\/uploads\/sites\/32\/2023\/04\/bailarinos-da-cia-jovem-de-danca_fm_-90-300x200.jpg 300w, https:\/\/jundiai.sp.gov.br\/noticias\/wp-content\/uploads\/sites\/32\/2023\/04\/bailarinos-da-cia-jovem-de-danca_fm_-90-768x512.jpg 768w, https:\/\/jundiai.sp.gov.br\/noticias\/wp-content\/uploads\/sites\/32\/2023\/04\/bailarinos-da-cia-jovem-de-danca_fm_-90-1536x1024.jpg 1536w, https:\/\/jundiai.sp.gov.br\/noticias\/wp-content\/uploads\/sites\/32\/2023\/04\/bailarinos-da-cia-jovem-de-danca_fm_-90-450x300.jpg 450w, https:\/\/jundiai.sp.gov.br\/noticias\/wp-content\/uploads\/sites\/32\/2023\/04\/bailarinos-da-cia-jovem-de-danca_fm_-90.jpg 1900w\" sizes=\"auto, (max-width: 1280px) 100vw, 1280px\" \/><figcaption class=\"wp-element-caption\">Gean, Maria Eduarda e Bia: premiados no festival, bailarinos hoje integram o corpo municipal de Dan\u00e7a<\/figcaption><\/figure>\n\n\n\n<p>Bia levou o 1\u00ba lugar no Solo Adulto de Estilo Livre da edi\u00e7\u00e3o do Enredan\u00e7a do ano passado. \u201cInscrevi-me no festival como bailarina independente, com um trabalho com veia contempor\u00e2nea, e fiz todos os meus ensaios por conta. E foi uma oportunidade \u00fanica, de me mostrar no palco e ser vista, inclusive pelo Alex Soares, diretor art\u00edstico da companhia e que era um dos jurados na ocasi\u00e3o. Ser artista na realidade do Pa\u00eds significa lutar sempre por valoriza\u00e7\u00e3o. Felizmente, Jundia\u00ed \u00e9 uma exce\u00e7\u00e3o, pois nos abre esta porta e traz estabilidade e oportunidade para n\u00f3s, jovens bailarinos, em busca da profissionaliza\u00e7\u00e3o\u201d, comentou a bailarina, em sua primeira temporada na companhia.<\/p>\n\n\n\n<p>Maria Eduarda ganhou como melhor bailarina, com um solo que apresentou na edi\u00e7\u00e3o do ano passado. \u201cParticipar de festivais como Enredan\u00e7a \u00e9 muito importante, pois permite ao jovem bailarino dividir o palco com profissionais renomados, al\u00e9m de lan\u00e7ar o holofote e tornar conhecidos os nossos rostos\u201d. E complementa, sobre fazer parte da companhia nesta temporada. \u201cSinto-me agraciada por esta oportunidade\u201d.<\/p>\n\n\n\n<p>J\u00e1 Gean com um solo de Jazz na categoria adulto, ficou em segundo lugar na edi\u00e7\u00e3o de 2019. \u201cEu participo do festival desde a sua retomada, em 2017, inclusive das edi\u00e7\u00f5es on-line durante a pandemia. Quando fui premiado, o Alex era um dos jurados e me elogiou. Na ocasi\u00e3o fiquei muito feliz, pois conhecia a companhia e, hoje, posso dizer que me sinto grato e realizado em fazer parte dela. Na minha idade, poder trabalhar com dan\u00e7a e na cidade em que nasci \u00e9 a realidade de poucas pessoas\u201d.<\/p>\n\n\n\n<figure class=\"wp-block-image size-large\"><img loading=\"lazy\" decoding=\"async\" width=\"1280\" height=\"854\" src=\"https:\/\/jundiai.sp.gov.br\/noticias\/wp-content\/uploads\/sites\/32\/2023\/04\/bailarinos-da-cia-jovem-de-danca_fm_-85-3-1280x854.jpg\" alt=\"\" class=\"wp-image-315655\" srcset=\"https:\/\/jundiai.sp.gov.br\/noticias\/wp-content\/uploads\/sites\/32\/2023\/04\/bailarinos-da-cia-jovem-de-danca_fm_-85-3-1280x854.jpg 1280w, https:\/\/jundiai.sp.gov.br\/noticias\/wp-content\/uploads\/sites\/32\/2023\/04\/bailarinos-da-cia-jovem-de-danca_fm_-85-3-300x200.jpg 300w, https:\/\/jundiai.sp.gov.br\/noticias\/wp-content\/uploads\/sites\/32\/2023\/04\/bailarinos-da-cia-jovem-de-danca_fm_-85-3-768x512.jpg 768w, https:\/\/jundiai.sp.gov.br\/noticias\/wp-content\/uploads\/sites\/32\/2023\/04\/bailarinos-da-cia-jovem-de-danca_fm_-85-3-1536x1024.jpg 1536w, https:\/\/jundiai.sp.gov.br\/noticias\/wp-content\/uploads\/sites\/32\/2023\/04\/bailarinos-da-cia-jovem-de-danca_fm_-85-3-450x300.jpg 450w, https:\/\/jundiai.sp.gov.br\/noticias\/wp-content\/uploads\/sites\/32\/2023\/04\/bailarinos-da-cia-jovem-de-danca_fm_-85-3.jpg 1900w\" sizes=\"auto, (max-width: 1280px) 100vw, 1280px\" \/><figcaption class=\"wp-element-caption\">Grupo tem rotina de aulas e ensaios no Espa\u00e7o Expressa (antigo Complexo Fepasa)<\/figcaption><\/figure>\n\n\n\n<p><a href=\"https:\/\/jundiai.sp.gov.br\/noticias\/2022\/06\/21\/cia-jovem-de-danca-recebe-premio-da-associacao-paulista-de-criticos-de-artes-com-coreografias-gravadas-em-patrimonios-da-cidade\/\">Premiada pela Associa\u00e7\u00e3o Paulista de Cr\u00edticos de Artes (APCA)<\/a>, a Cia. Jovem de Dan\u00e7a tem a dire\u00e7\u00e3o art\u00edstica de Alex Soares e, durante o Enredan\u00e7a, apresenta coreografias inteiras ou trechos de \u201cInstagrimm\u201d, \u201cEntre o Corpo e o Azul\u201d, \u201cCl\u00e1ssicos em Movimento\u201d e \u201cP.A.Q.U.I.T.A. \u2013 Passos aleat\u00f3rios que um impulso te apresenta\u201d.<\/p>\n\n\n\n<p><strong>Mais Enredan\u00e7a<\/strong><br>Pela <a rel=\"noreferrer noopener\" href=\"https:\/\/cultura.jundiai.sp.gov.br\/enredanca\/mostra-paralela\/\" target=\"_blank\">Mostra Paralela<\/a>, as apresenta\u00e7\u00f5es seguem at\u00e9 este s\u00e1bado (22), sempre a partir das 14h, no Maxi Shopping, um dos patrocinadores do festival. J\u00e1 pela <a rel=\"noreferrer noopener\" href=\"https:\/\/cultura.jundiai.sp.gov.br\/enredanca\/mostra-competitiva\/\" target=\"_blank\">Mostra Competitiva<\/a>, o Teatro Polytheama recebe apresenta\u00e7\u00f5es sempre no per\u00edodo noturno, com a Noite de Gala de premia\u00e7\u00f5es no domingo (23).<\/p>\n\n\n\n<p><a href=\"https:\/\/cultura.jundiai.sp.gov.br\/enredanca\/\" target=\"_blank\" rel=\"noreferrer noopener\">A programa\u00e7\u00e3o completa pode ser conferida no site do festival<\/a>.<\/p>\n\n\n\n<figure class=\"wp-block-image size-large\"><img loading=\"lazy\" decoding=\"async\" width=\"1280\" height=\"854\" src=\"https:\/\/jundiai.sp.gov.br\/noticias\/wp-content\/uploads\/sites\/32\/2023\/04\/25_enredanca_polytheama_dom_16_04_pa-174-1280x854.jpg\" alt=\"\" class=\"wp-image-315650\" srcset=\"https:\/\/jundiai.sp.gov.br\/noticias\/wp-content\/uploads\/sites\/32\/2023\/04\/25_enredanca_polytheama_dom_16_04_pa-174-1280x854.jpg 1280w, https:\/\/jundiai.sp.gov.br\/noticias\/wp-content\/uploads\/sites\/32\/2023\/04\/25_enredanca_polytheama_dom_16_04_pa-174-300x200.jpg 300w, https:\/\/jundiai.sp.gov.br\/noticias\/wp-content\/uploads\/sites\/32\/2023\/04\/25_enredanca_polytheama_dom_16_04_pa-174-768x512.jpg 768w, https:\/\/jundiai.sp.gov.br\/noticias\/wp-content\/uploads\/sites\/32\/2023\/04\/25_enredanca_polytheama_dom_16_04_pa-174-1536x1024.jpg 1536w, https:\/\/jundiai.sp.gov.br\/noticias\/wp-content\/uploads\/sites\/32\/2023\/04\/25_enredanca_polytheama_dom_16_04_pa-174-450x300.jpg 450w, https:\/\/jundiai.sp.gov.br\/noticias\/wp-content\/uploads\/sites\/32\/2023\/04\/25_enredanca_polytheama_dom_16_04_pa-174.jpg 1900w\" sizes=\"auto, (max-width: 1280px) 100vw, 1280px\" \/><figcaption class=\"wp-element-caption\">Na primeira noite da Competitiva desta edi\u00e7\u00e3o do Enredan\u00e7a, no \u00faltimo s\u00e1bado (15), grupo apresentou a coreografia &#8220;Instagrimm&#8221;<\/figcaption><\/figure>\n\n\n\n<p><strong>Assessoria de Imprensa<br>Fotos: Fot\u00f3grafos PMJ<\/strong><\/p>\n","protected":false},"excerpt":{"rendered":"<p>A Cia. Jovem de Dan\u00e7a tem marcado sua presen\u00e7a no 25\u00ba Enredan\u00e7a, levando a apresenta\u00e7\u00e3o de suas coreografias ao p\u00fablico que vai ao Teatro Polytheama para acompanhar a Mostra Competitiva do festival. No entanto, n\u00e3o s\u00e3o s\u00f3 a participa\u00e7\u00e3o e a Dan\u00e7a que unem a companhia e o festival. Em seu elenco para a temporada [&hellip;]<\/p>\n","protected":false},"author":14,"featured_media":315653,"comment_status":"closed","ping_status":"0","sticky":false,"template":"","format":"standard","meta":{"footnotes":""},"categories":[2],"tags":[1130,29,1006],"ods":[],"class_list":["post-315646","post","type-post","status-publish","format-standard","has-post-thumbnail","hentry","category-noticias","tag-cia-jovem-de-danca","tag-cultura","tag-festival-enredanca"],"_links":{"self":[{"href":"https:\/\/jundiai.sp.gov.br\/noticias\/wp-json\/wp\/v2\/posts\/315646","targetHints":{"allow":["GET"]}}],"collection":[{"href":"https:\/\/jundiai.sp.gov.br\/noticias\/wp-json\/wp\/v2\/posts"}],"about":[{"href":"https:\/\/jundiai.sp.gov.br\/noticias\/wp-json\/wp\/v2\/types\/post"}],"author":[{"embeddable":true,"href":"https:\/\/jundiai.sp.gov.br\/noticias\/wp-json\/wp\/v2\/users\/14"}],"replies":[{"embeddable":true,"href":"https:\/\/jundiai.sp.gov.br\/noticias\/wp-json\/wp\/v2\/comments?post=315646"}],"version-history":[{"count":8,"href":"https:\/\/jundiai.sp.gov.br\/noticias\/wp-json\/wp\/v2\/posts\/315646\/revisions"}],"predecessor-version":[{"id":315692,"href":"https:\/\/jundiai.sp.gov.br\/noticias\/wp-json\/wp\/v2\/posts\/315646\/revisions\/315692"}],"wp:featuredmedia":[{"embeddable":true,"href":"https:\/\/jundiai.sp.gov.br\/noticias\/wp-json\/wp\/v2\/media\/315653"}],"wp:attachment":[{"href":"https:\/\/jundiai.sp.gov.br\/noticias\/wp-json\/wp\/v2\/media?parent=315646"}],"wp:term":[{"taxonomy":"category","embeddable":true,"href":"https:\/\/jundiai.sp.gov.br\/noticias\/wp-json\/wp\/v2\/categories?post=315646"},{"taxonomy":"post_tag","embeddable":true,"href":"https:\/\/jundiai.sp.gov.br\/noticias\/wp-json\/wp\/v2\/tags?post=315646"},{"taxonomy":"ods","embeddable":true,"href":"https:\/\/jundiai.sp.gov.br\/noticias\/wp-json\/wp\/v2\/ods?post=315646"}],"curies":[{"name":"wp","href":"https:\/\/api.w.org\/{rel}","templated":true}]}}