{"id":315772,"date":"2023-04-22T07:36:41","date_gmt":"2023-04-22T10:36:41","guid":{"rendered":"https:\/\/jundiai.sp.gov.br\/noticias\/?p=315772"},"modified":"2023-04-24T09:11:10","modified_gmt":"2023-04-24T12:11:10","slug":"estilo-contemporaneo-anima-publico-em-noite-de-enredanca","status":"publish","type":"post","link":"https:\/\/jundiai.sp.gov.br\/noticias\/2023\/04\/22\/estilo-contemporaneo-anima-publico-em-noite-de-enredanca\/","title":{"rendered":"Estilo Contempor\u00e2neo anima p\u00fablico em noite de Enredan\u00e7a"},"content":{"rendered":"\n<p>O feriado de sexta-feira (21) foi de muita anima\u00e7\u00e3o para o p\u00fablico que lotou o Teatro Polytheama, para prestigiar mais uma Mostra Competitiva da<a href=\"https:\/\/cultura.jundiai.sp.gov.br\/enredanca\/\" data-type=\"URL\" data-id=\"https:\/\/cultura.jundiai.sp.gov.br\/enredanca\/\" target=\"_blank\" rel=\"noreferrer noopener\"> 25\u00aa edi\u00e7\u00e3o do Enredan\u00e7a<\/a>. A noite foi dedicada ao estilo Contempor\u00e2neo e contou com a abertura da Cia. Jovem de Dan\u00e7a de Jundia\u00ed, corpo art\u00edstico profissional da cidade.<\/p>\n\n\n\n<figure class=\"wp-block-image size-large\"><img loading=\"lazy\" decoding=\"async\" width=\"1280\" height=\"854\" src=\"https:\/\/jundiai.sp.gov.br\/noticias\/wp-content\/uploads\/sites\/32\/2023\/04\/enredanca-6-1280x854.jpg\" alt=\"\" class=\"wp-image-315773\" srcset=\"https:\/\/jundiai.sp.gov.br\/noticias\/wp-content\/uploads\/sites\/32\/2023\/04\/enredanca-6-1280x854.jpg 1280w, https:\/\/jundiai.sp.gov.br\/noticias\/wp-content\/uploads\/sites\/32\/2023\/04\/enredanca-6-300x200.jpg 300w, https:\/\/jundiai.sp.gov.br\/noticias\/wp-content\/uploads\/sites\/32\/2023\/04\/enredanca-6-768x512.jpg 768w, https:\/\/jundiai.sp.gov.br\/noticias\/wp-content\/uploads\/sites\/32\/2023\/04\/enredanca-6-1536x1024.jpg 1536w, https:\/\/jundiai.sp.gov.br\/noticias\/wp-content\/uploads\/sites\/32\/2023\/04\/enredanca-6-450x300.jpg 450w, https:\/\/jundiai.sp.gov.br\/noticias\/wp-content\/uploads\/sites\/32\/2023\/04\/enredanca-6.jpg 1900w\" sizes=\"auto, (max-width: 1280px) 100vw, 1280px\" \/><figcaption class=\"wp-element-caption\">Estilo contempor\u00e2neo animou o p\u00fablico, que lotou o Teatro Polytheama<\/figcaption><\/figure>\n\n\n\n<p>Marco Aur\u00e9lio Rodrigues Silva, de 32 anos, come\u00e7ou a fazer aula de dan\u00e7a h\u00e1 dois. Em sua quarta noite no festival, ele conta que tem aproveitado todas as oportunidades para conhecer os estilos e prestigiar os participantes. \u201cAvalio que o Enredan\u00e7a \u00e9 uma grande oportunidade para que os artistas possam mostrar a sua arte e oferecer momentos culturais para a popula\u00e7\u00e3o\u201d, afirma.<\/p>\n\n\n\n<figure class=\"wp-block-gallery has-nested-images columns-default is-cropped wp-block-gallery-1 is-layout-flex wp-block-gallery-is-layout-flex\">\n<figure class=\"wp-block-image size-large\"><img loading=\"lazy\" decoding=\"async\" width=\"1280\" height=\"847\" data-id=\"315775\" src=\"https:\/\/jundiai.sp.gov.br\/noticias\/wp-content\/uploads\/sites\/32\/2023\/04\/enredanca-1-3-1280x847.jpg\" alt=\"\" class=\"wp-image-315775\" srcset=\"https:\/\/jundiai.sp.gov.br\/noticias\/wp-content\/uploads\/sites\/32\/2023\/04\/enredanca-1-3-1280x847.jpg 1280w, https:\/\/jundiai.sp.gov.br\/noticias\/wp-content\/uploads\/sites\/32\/2023\/04\/enredanca-1-3-300x199.jpg 300w, https:\/\/jundiai.sp.gov.br\/noticias\/wp-content\/uploads\/sites\/32\/2023\/04\/enredanca-1-3-768x508.jpg 768w, https:\/\/jundiai.sp.gov.br\/noticias\/wp-content\/uploads\/sites\/32\/2023\/04\/enredanca-1-3-1536x1017.jpg 1536w, https:\/\/jundiai.sp.gov.br\/noticias\/wp-content\/uploads\/sites\/32\/2023\/04\/enredanca-1-3.jpg 1900w\" sizes=\"auto, (max-width: 1280px) 100vw, 1280px\" \/><figcaption class=\"wp-element-caption\">Luiz Marcelo e \u00c2ngela prestigiaram a filha<\/figcaption><\/figure>\n\n\n\n<figure class=\"wp-block-image size-large\"><img loading=\"lazy\" decoding=\"async\" width=\"1280\" height=\"788\" data-id=\"315777\" src=\"https:\/\/jundiai.sp.gov.br\/noticias\/wp-content\/uploads\/sites\/32\/2023\/04\/testea-3-1280x788.jpg\" alt=\"\" class=\"wp-image-315777\" srcset=\"https:\/\/jundiai.sp.gov.br\/noticias\/wp-content\/uploads\/sites\/32\/2023\/04\/testea-3-1280x788.jpg 1280w, https:\/\/jundiai.sp.gov.br\/noticias\/wp-content\/uploads\/sites\/32\/2023\/04\/testea-3-300x185.jpg 300w, https:\/\/jundiai.sp.gov.br\/noticias\/wp-content\/uploads\/sites\/32\/2023\/04\/testea-3-768x473.jpg 768w, https:\/\/jundiai.sp.gov.br\/noticias\/wp-content\/uploads\/sites\/32\/2023\/04\/testea-3-1536x945.jpg 1536w, https:\/\/jundiai.sp.gov.br\/noticias\/wp-content\/uploads\/sites\/32\/2023\/04\/testea-3.jpg 1900w\" sizes=\"auto, (max-width: 1280px) 100vw, 1280px\" \/><figcaption class=\"wp-element-caption\">Marco Aur\u00e9lio compareceu pela 4\u00aa noite no Enredan\u00e7a<\/figcaption><\/figure>\n<\/figure>\n\n\n\n<p>J\u00e1 o casal Luiz Marcelo Gutierrez e \u00c2ngela Maria Silvestrini Gutierrez compareceram para prestigiar a filha, que dan\u00e7ou jazz contempor\u00e2neo pela Premiere Escola de Dan\u00e7a. \u201cAs apresenta\u00e7\u00f5es est\u00e3o muito bonitas e o evento re\u00fane artistas muito talentosos, que ganham a oportunidade de mostrar todo esse talento ao p\u00fablico da cidade\u201d, avalia Luiz Marcelo.<\/p>\n\n\n\n<p>\u201cA cultura \u00e9 um agente transformador, pois consumir arte nos faz uma pessoa melhor. O Enredan\u00e7a \u00e9 um projeto que h\u00e1 25 anos abrilhanta a cidade de Jundia\u00ed e oferece, de forma gratuita, momentos de cultura e lazer para todas as fam\u00edlias\u201d, explica o diretor de Cultura de Jundia\u00ed, Jo\u00e3o Carlos de Luca<\/p>\n\n\n\n<figure class=\"wp-block-image size-large\"><img loading=\"lazy\" decoding=\"async\" width=\"1280\" height=\"854\" src=\"https:\/\/jundiai.sp.gov.br\/noticias\/wp-content\/uploads\/sites\/32\/2023\/04\/enredanca-4-1280x854.jpg\" alt=\"\" class=\"wp-image-315778\" srcset=\"https:\/\/jundiai.sp.gov.br\/noticias\/wp-content\/uploads\/sites\/32\/2023\/04\/enredanca-4-1280x854.jpg 1280w, https:\/\/jundiai.sp.gov.br\/noticias\/wp-content\/uploads\/sites\/32\/2023\/04\/enredanca-4-300x200.jpg 300w, https:\/\/jundiai.sp.gov.br\/noticias\/wp-content\/uploads\/sites\/32\/2023\/04\/enredanca-4-768x512.jpg 768w, https:\/\/jundiai.sp.gov.br\/noticias\/wp-content\/uploads\/sites\/32\/2023\/04\/enredanca-4-1536x1024.jpg 1536w, https:\/\/jundiai.sp.gov.br\/noticias\/wp-content\/uploads\/sites\/32\/2023\/04\/enredanca-4-450x300.jpg 450w, https:\/\/jundiai.sp.gov.br\/noticias\/wp-content\/uploads\/sites\/32\/2023\/04\/enredanca-4.jpg 1900w\" sizes=\"auto, (max-width: 1280px) 100vw, 1280px\" \/><figcaption class=\"wp-element-caption\">25\u00aa edi\u00e7\u00e3o do Enredan\u00e7a conta com workshops, Mostras Paralelas e Competitivas<\/figcaption><\/figure>\n\n\n\n<p>O Enredan\u00e7a continua at\u00e9 domingo (23) com workshops gratuitos, al\u00e9m das Mostras Paralelas e Competitiva, tudo com acesso gratuito ao p\u00fablico. Ao todo, ser\u00e3o 900 bailarinos, 380 coreografias, que ser\u00e3o apresentadas por 70 inscritos por grupo, escola ou artista solo, de 20 diferentes cidades do Estado de S\u00e3o Paulo.<\/p>\n\n\n\n<figure class=\"wp-block-image size-large\"><img loading=\"lazy\" decoding=\"async\" width=\"1280\" height=\"858\" src=\"https:\/\/jundiai.sp.gov.br\/noticias\/wp-content\/uploads\/sites\/32\/2023\/04\/enredanca-9-1-1280x858.jpg\" alt=\"\" class=\"wp-image-315780\" srcset=\"https:\/\/jundiai.sp.gov.br\/noticias\/wp-content\/uploads\/sites\/32\/2023\/04\/enredanca-9-1-1280x858.jpg 1280w, https:\/\/jundiai.sp.gov.br\/noticias\/wp-content\/uploads\/sites\/32\/2023\/04\/enredanca-9-1-300x201.jpg 300w, https:\/\/jundiai.sp.gov.br\/noticias\/wp-content\/uploads\/sites\/32\/2023\/04\/enredanca-9-1-768x515.jpg 768w, https:\/\/jundiai.sp.gov.br\/noticias\/wp-content\/uploads\/sites\/32\/2023\/04\/enredanca-9-1-1536x1030.jpg 1536w, https:\/\/jundiai.sp.gov.br\/noticias\/wp-content\/uploads\/sites\/32\/2023\/04\/enredanca-9-1.jpg 1900w\" sizes=\"auto, (max-width: 1280px) 100vw, 1280px\" \/><figcaption class=\"wp-element-caption\">900 bailarinos de 20 cidades do Estado de S\u00e3o Paulo fazem parte do evento<\/figcaption><\/figure>\n\n\n\n<p><strong>Assessoria de Imprensa<br>Fotos: Fot\u00f3grafo PMJ<\/strong><\/p>\n","protected":false},"excerpt":{"rendered":"<p>O feriado de sexta-feira (21) foi de muita anima\u00e7\u00e3o para o p\u00fablico que lotou o Teatro Polytheama, para prestigiar mais uma Mostra Competitiva da 25\u00aa edi\u00e7\u00e3o do Enredan\u00e7a. A noite foi dedicada ao estilo Contempor\u00e2neo e contou com a abertura da Cia. Jovem de Dan\u00e7a de Jundia\u00ed, corpo art\u00edstico profissional da cidade. Marco Aur\u00e9lio Rodrigues [&hellip;]<\/p>\n","protected":false},"author":90,"featured_media":315773,"comment_status":"closed","ping_status":"0","sticky":false,"template":"","format":"standard","meta":{"footnotes":""},"categories":[2],"tags":[29,1006,98],"ods":[],"class_list":["post-315772","post","type-post","status-publish","format-standard","has-post-thumbnail","hentry","category-noticias","tag-cultura","tag-festival-enredanca","tag-teatro-polytheama"],"_links":{"self":[{"href":"https:\/\/jundiai.sp.gov.br\/noticias\/wp-json\/wp\/v2\/posts\/315772","targetHints":{"allow":["GET"]}}],"collection":[{"href":"https:\/\/jundiai.sp.gov.br\/noticias\/wp-json\/wp\/v2\/posts"}],"about":[{"href":"https:\/\/jundiai.sp.gov.br\/noticias\/wp-json\/wp\/v2\/types\/post"}],"author":[{"embeddable":true,"href":"https:\/\/jundiai.sp.gov.br\/noticias\/wp-json\/wp\/v2\/users\/90"}],"replies":[{"embeddable":true,"href":"https:\/\/jundiai.sp.gov.br\/noticias\/wp-json\/wp\/v2\/comments?post=315772"}],"version-history":[{"count":5,"href":"https:\/\/jundiai.sp.gov.br\/noticias\/wp-json\/wp\/v2\/posts\/315772\/revisions"}],"predecessor-version":[{"id":315782,"href":"https:\/\/jundiai.sp.gov.br\/noticias\/wp-json\/wp\/v2\/posts\/315772\/revisions\/315782"}],"wp:featuredmedia":[{"embeddable":true,"href":"https:\/\/jundiai.sp.gov.br\/noticias\/wp-json\/wp\/v2\/media\/315773"}],"wp:attachment":[{"href":"https:\/\/jundiai.sp.gov.br\/noticias\/wp-json\/wp\/v2\/media?parent=315772"}],"wp:term":[{"taxonomy":"category","embeddable":true,"href":"https:\/\/jundiai.sp.gov.br\/noticias\/wp-json\/wp\/v2\/categories?post=315772"},{"taxonomy":"post_tag","embeddable":true,"href":"https:\/\/jundiai.sp.gov.br\/noticias\/wp-json\/wp\/v2\/tags?post=315772"},{"taxonomy":"ods","embeddable":true,"href":"https:\/\/jundiai.sp.gov.br\/noticias\/wp-json\/wp\/v2\/ods?post=315772"}],"curies":[{"name":"wp","href":"https:\/\/api.w.org\/{rel}","templated":true}]}}