{"id":316053,"date":"2023-04-29T07:00:00","date_gmt":"2023-04-29T10:00:00","guid":{"rendered":"https:\/\/jundiai.sp.gov.br\/noticias\/?p=316053"},"modified":"2023-04-28T08:00:06","modified_gmt":"2023-04-28T11:00:06","slug":"equipe-de-tenis-de-praia-treina-com-foco-nas-competicoes-da-temporada","status":"publish","type":"post","link":"https:\/\/jundiai.sp.gov.br\/noticias\/2023\/04\/29\/equipe-de-tenis-de-praia-treina-com-foco-nas-competicoes-da-temporada\/","title":{"rendered":"Equipe de t\u00eanis de praia treina com foco nas competi\u00e7\u00f5es da temporada"},"content":{"rendered":"\n<p>Com suporte de equipe multiprofissional e treinando em um dos cart\u00f5es postais de Jundia\u00ed &#8211; o Mundo das Crian\u00e7as -, a equipe ca\u00e7ula do Time Jundia\u00ed, o t\u00eanis de praia (beach tennis), se prepara para a temporada de jogos, com in\u00edcio em maio.&nbsp;<\/p>\n\n\n\n<p>A equipe de competi\u00e7\u00e3o nas categorias SUB12 e SUB14 \u00e9 formada por 11 atletas, sendo seis meninas e cinco meninos. \u201cJundia\u00ed passou a ofertar a modalidade em 2022, aproveitando as nossas quadras p\u00fablicas, e a aceita\u00e7\u00e3o foi \u00f3tima. Neste ano, formamos as equipes de competi\u00e7\u00e3o a partir de seletiva realizada em mar\u00e7o.&nbsp; O objetivo da forma\u00e7\u00e3o das equipes de competi\u00e7\u00e3o \u00e9 fomentar a modalidade, incentivando a todos os praticantes a participar de campeonatos representando o munic\u00edpio de Jundia\u00ed\u201d, destaca o gestor de Esporte e Lazer, Lu\u00eds Claudio Tarallo.<\/p>\n\n\n\n<figure class=\"wp-block-image size-large\"><img loading=\"lazy\" decoding=\"async\" width=\"1280\" height=\"854\" src=\"https:\/\/jundiai.sp.gov.br\/noticias\/wp-content\/uploads\/sites\/32\/2023\/04\/beach-tenis-equipe-jundiai_fm_-52-1280x854.jpg\" alt=\"\" class=\"wp-image-316057\" srcset=\"https:\/\/jundiai.sp.gov.br\/noticias\/wp-content\/uploads\/sites\/32\/2023\/04\/beach-tenis-equipe-jundiai_fm_-52-1280x854.jpg 1280w, https:\/\/jundiai.sp.gov.br\/noticias\/wp-content\/uploads\/sites\/32\/2023\/04\/beach-tenis-equipe-jundiai_fm_-52-300x200.jpg 300w, https:\/\/jundiai.sp.gov.br\/noticias\/wp-content\/uploads\/sites\/32\/2023\/04\/beach-tenis-equipe-jundiai_fm_-52-768x512.jpg 768w, https:\/\/jundiai.sp.gov.br\/noticias\/wp-content\/uploads\/sites\/32\/2023\/04\/beach-tenis-equipe-jundiai_fm_-52-1536x1024.jpg 1536w, https:\/\/jundiai.sp.gov.br\/noticias\/wp-content\/uploads\/sites\/32\/2023\/04\/beach-tenis-equipe-jundiai_fm_-52-450x300.jpg 450w, https:\/\/jundiai.sp.gov.br\/noticias\/wp-content\/uploads\/sites\/32\/2023\/04\/beach-tenis-equipe-jundiai_fm_-52.jpg 1900w\" sizes=\"auto, (max-width: 1280px) 100vw, 1280px\" \/><figcaption class=\"wp-element-caption\">A equipe de competi\u00e7\u00e3o foi formada em mar\u00e7o<\/figcaption><\/figure>\n\n\n\n<p>Os atletas recebem suporte de profissionais de prepara\u00e7\u00e3o f\u00edsica, psicologia esportiva, fisoterapia, nutri\u00e7\u00e3o, entre outros, para melhorar a performance. \u201cOlhamos para cada atleta com respeito a sua individualidade, visando explorar toda sua potencialidade, trabalhando a forma\u00e7\u00e3o esportiva de maneira integral. O retorno tem sido positivo, inclusive das fam\u00edlias, e j\u00e1 estamos colhendo bons frutos\u201d, enfatiza o treinador do time, Felipe Cunha.<\/p>\n\n\n\n<p>\u201c\u00c9 um esporte que traz sa\u00fade, cuidado e incentiva o trabalho em equipe. O nosso time tem respondido muito bem e avan\u00e7a a cada dia, com talentos despontando\u201d, ressalta o preparador f\u00edsico, Bruno Mazzuco.<\/p>\n\n\n\n<figure class=\"wp-block-image size-large\"><img loading=\"lazy\" decoding=\"async\" width=\"1280\" height=\"854\" src=\"https:\/\/jundiai.sp.gov.br\/noticias\/wp-content\/uploads\/sites\/32\/2023\/04\/beach-tenis-equipe-jundiai_fm_-37-1280x854.jpg\" alt=\"\" class=\"wp-image-316068\" srcset=\"https:\/\/jundiai.sp.gov.br\/noticias\/wp-content\/uploads\/sites\/32\/2023\/04\/beach-tenis-equipe-jundiai_fm_-37-1280x854.jpg 1280w, https:\/\/jundiai.sp.gov.br\/noticias\/wp-content\/uploads\/sites\/32\/2023\/04\/beach-tenis-equipe-jundiai_fm_-37-300x200.jpg 300w, https:\/\/jundiai.sp.gov.br\/noticias\/wp-content\/uploads\/sites\/32\/2023\/04\/beach-tenis-equipe-jundiai_fm_-37-768x512.jpg 768w, https:\/\/jundiai.sp.gov.br\/noticias\/wp-content\/uploads\/sites\/32\/2023\/04\/beach-tenis-equipe-jundiai_fm_-37-1536x1024.jpg 1536w, https:\/\/jundiai.sp.gov.br\/noticias\/wp-content\/uploads\/sites\/32\/2023\/04\/beach-tenis-equipe-jundiai_fm_-37-450x300.jpg 450w, https:\/\/jundiai.sp.gov.br\/noticias\/wp-content\/uploads\/sites\/32\/2023\/04\/beach-tenis-equipe-jundiai_fm_-37.jpg 1900w\" sizes=\"auto, (max-width: 1280px) 100vw, 1280px\" \/><figcaption class=\"wp-element-caption\">Gabriel foi campe\u00e3o do Circuito Nacional de Beach Tennis<\/figcaption><\/figure>\n\n\n\n<p><strong>Expectativas<\/strong><br>Nicoly Lima Lopes, de 13 anos, \u00e9 uma das atletas. A estudante praticava t\u00eanis no Centro Esportivo Dr. Nicolino de Luca (Bol\u00e3o) \u2013 outro projeto da UGEL \u2013 e, desde o in\u00edcio do ano, participou de oito competi\u00e7\u00f5es, com resultados positivos. \u201cFiz a seletiva e passei a integrar a equipe. A cada n\u00edvel, venho evoluindo. O treinamento \u00e9 muito bom, e espero ir longe dentro da modalidade, al\u00e9m de inspirar outras pessoas a jogarem\u201d, comentou, enquanto se preparava para voltar para a quadra.<\/p>\n\n\n\n<p>Gabriel Merlo Coelho tamb\u00e9m \u00e9 um dos destaques do time. Aos 12 anos, foi campe\u00e3o do Circuito Nacional de Beach Tennis na categoria dupla masculina SUB12, em Ribeir\u00e3o Preto. O atleta tamb\u00e9m conquistou o terceiro lugar na categoria dupla mista e participou da semifinal na simples. Ele \u00e9 um dos nomes pr\u00e9-convocados para a sele\u00e7\u00e3o brasileira da modalidade.<\/p>\n\n\n\n<p>\u201cEu jogo desde os oito anos e, assim que soube que Jundiai teria uma equipe de competi\u00e7\u00e3o, quis participar da seletiva. Vim para ter mais resultados e evoluir. Desde que cheguei, melhorei a t\u00e9cnica e meu f\u00edsico. Estar no Time Jundia\u00ed tem sido muito importante para mim. Eu quero ser jogador profissional e, no futuro, dar aula\u201d, afirmou.<\/p>\n\n\n\n<p>Ao longo do ano, Nicoly, Gabriel e os demais atletas da equipe v\u00e3o participar de competi\u00e7\u00f5es da Federa\u00e7\u00e3o Paulista e da Confedera\u00e7\u00e3o Brasileira de Beach Tennis, al\u00e9m do Circuito Brasileiro de Beach Tennis.<\/p>\n\n\n\n<p>\u201cCada atleta vai participar de acordo com o seu n\u00edvel t\u00e9cnico. Todos est\u00e3o muito empenhados e t\u00eam grande capacidade. Nossas expectativas s\u00e3o as melhores. Acreditamos que o Time Jundia\u00ed ter\u00e1 um bom aproveitamento nas competi\u00e7\u00f5es, com evolu\u00e7\u00e3o positiva dos resultados ao longo do ano\u201d, acrescenta Felipe Cunha.<\/p>\n\n\n\n<figure class=\"wp-block-gallery has-nested-images columns-default is-cropped wp-block-gallery-1 is-layout-flex wp-block-gallery-is-layout-flex\">\n<figure class=\"wp-block-image size-large\"><a href=\"https:\/\/jundiai.sp.gov.br\/noticias\/wp-content\/uploads\/sites\/32\/2023\/04\/beach-tenis-equipe-jundiai_fm_-12.jpg\"><img loading=\"lazy\" decoding=\"async\" width=\"1280\" height=\"854\" data-id=\"316070\" src=\"https:\/\/jundiai.sp.gov.br\/noticias\/wp-content\/uploads\/sites\/32\/2023\/04\/beach-tenis-equipe-jundiai_fm_-12-1280x854.jpg\" alt=\"\" class=\"wp-image-316070\" srcset=\"https:\/\/jundiai.sp.gov.br\/noticias\/wp-content\/uploads\/sites\/32\/2023\/04\/beach-tenis-equipe-jundiai_fm_-12-1280x854.jpg 1280w, https:\/\/jundiai.sp.gov.br\/noticias\/wp-content\/uploads\/sites\/32\/2023\/04\/beach-tenis-equipe-jundiai_fm_-12-300x200.jpg 300w, https:\/\/jundiai.sp.gov.br\/noticias\/wp-content\/uploads\/sites\/32\/2023\/04\/beach-tenis-equipe-jundiai_fm_-12-768x512.jpg 768w, https:\/\/jundiai.sp.gov.br\/noticias\/wp-content\/uploads\/sites\/32\/2023\/04\/beach-tenis-equipe-jundiai_fm_-12-1536x1024.jpg 1536w, https:\/\/jundiai.sp.gov.br\/noticias\/wp-content\/uploads\/sites\/32\/2023\/04\/beach-tenis-equipe-jundiai_fm_-12-450x300.jpg 450w, https:\/\/jundiai.sp.gov.br\/noticias\/wp-content\/uploads\/sites\/32\/2023\/04\/beach-tenis-equipe-jundiai_fm_-12.jpg 1900w\" sizes=\"auto, (max-width: 1280px) 100vw, 1280px\" \/><\/a><\/figure>\n\n\n\n<figure class=\"wp-block-image size-large\"><a href=\"https:\/\/jundiai.sp.gov.br\/noticias\/wp-content\/uploads\/sites\/32\/2023\/04\/beach-tenis-equipe-jundiai_fm_-85.jpg\"><img loading=\"lazy\" decoding=\"async\" width=\"1280\" height=\"875\" data-id=\"316061\" src=\"https:\/\/jundiai.sp.gov.br\/noticias\/wp-content\/uploads\/sites\/32\/2023\/04\/beach-tenis-equipe-jundiai_fm_-85-1280x875.jpg\" alt=\"\" class=\"wp-image-316061\" srcset=\"https:\/\/jundiai.sp.gov.br\/noticias\/wp-content\/uploads\/sites\/32\/2023\/04\/beach-tenis-equipe-jundiai_fm_-85-1280x875.jpg 1280w, https:\/\/jundiai.sp.gov.br\/noticias\/wp-content\/uploads\/sites\/32\/2023\/04\/beach-tenis-equipe-jundiai_fm_-85-300x205.jpg 300w, https:\/\/jundiai.sp.gov.br\/noticias\/wp-content\/uploads\/sites\/32\/2023\/04\/beach-tenis-equipe-jundiai_fm_-85-768x525.jpg 768w, https:\/\/jundiai.sp.gov.br\/noticias\/wp-content\/uploads\/sites\/32\/2023\/04\/beach-tenis-equipe-jundiai_fm_-85-1536x1050.jpg 1536w, https:\/\/jundiai.sp.gov.br\/noticias\/wp-content\/uploads\/sites\/32\/2023\/04\/beach-tenis-equipe-jundiai_fm_-85.jpg 1900w\" sizes=\"auto, (max-width: 1280px) 100vw, 1280px\" \/><\/a><\/figure>\n\n\n\n<figure class=\"wp-block-image size-large\"><a href=\"https:\/\/jundiai.sp.gov.br\/noticias\/wp-content\/uploads\/sites\/32\/2023\/04\/beach-tenis-equipe-jundiai_fm_-89.jpg\"><img loading=\"lazy\" decoding=\"async\" width=\"1280\" height=\"918\" data-id=\"316071\" src=\"https:\/\/jundiai.sp.gov.br\/noticias\/wp-content\/uploads\/sites\/32\/2023\/04\/beach-tenis-equipe-jundiai_fm_-89-1280x918.jpg\" alt=\"\" class=\"wp-image-316071\" srcset=\"https:\/\/jundiai.sp.gov.br\/noticias\/wp-content\/uploads\/sites\/32\/2023\/04\/beach-tenis-equipe-jundiai_fm_-89-1280x918.jpg 1280w, https:\/\/jundiai.sp.gov.br\/noticias\/wp-content\/uploads\/sites\/32\/2023\/04\/beach-tenis-equipe-jundiai_fm_-89-300x215.jpg 300w, https:\/\/jundiai.sp.gov.br\/noticias\/wp-content\/uploads\/sites\/32\/2023\/04\/beach-tenis-equipe-jundiai_fm_-89-768x551.jpg 768w, https:\/\/jundiai.sp.gov.br\/noticias\/wp-content\/uploads\/sites\/32\/2023\/04\/beach-tenis-equipe-jundiai_fm_-89-1536x1102.jpg 1536w, https:\/\/jundiai.sp.gov.br\/noticias\/wp-content\/uploads\/sites\/32\/2023\/04\/beach-tenis-equipe-jundiai_fm_-89.jpg 1900w\" sizes=\"auto, (max-width: 1280px) 100vw, 1280px\" \/><\/a><\/figure>\n<\/figure>\n\n\n\n<figure class=\"wp-block-gallery has-nested-images columns-default is-cropped wp-block-gallery-2 is-layout-flex wp-block-gallery-is-layout-flex\">\n<figure class=\"wp-block-image size-large\"><a href=\"https:\/\/jundiai.sp.gov.br\/noticias\/wp-content\/uploads\/sites\/32\/2023\/04\/beach-tenis-equipe-jundiai_fm_-97-3.jpg\"><img loading=\"lazy\" decoding=\"async\" width=\"1280\" height=\"891\" data-id=\"316072\" src=\"https:\/\/jundiai.sp.gov.br\/noticias\/wp-content\/uploads\/sites\/32\/2023\/04\/beach-tenis-equipe-jundiai_fm_-97-3-1280x891.jpg\" alt=\"\" class=\"wp-image-316072\" srcset=\"https:\/\/jundiai.sp.gov.br\/noticias\/wp-content\/uploads\/sites\/32\/2023\/04\/beach-tenis-equipe-jundiai_fm_-97-3-1280x891.jpg 1280w, https:\/\/jundiai.sp.gov.br\/noticias\/wp-content\/uploads\/sites\/32\/2023\/04\/beach-tenis-equipe-jundiai_fm_-97-3-300x209.jpg 300w, https:\/\/jundiai.sp.gov.br\/noticias\/wp-content\/uploads\/sites\/32\/2023\/04\/beach-tenis-equipe-jundiai_fm_-97-3-768x535.jpg 768w, https:\/\/jundiai.sp.gov.br\/noticias\/wp-content\/uploads\/sites\/32\/2023\/04\/beach-tenis-equipe-jundiai_fm_-97-3-1536x1070.jpg 1536w, https:\/\/jundiai.sp.gov.br\/noticias\/wp-content\/uploads\/sites\/32\/2023\/04\/beach-tenis-equipe-jundiai_fm_-97-3.jpg 1900w\" sizes=\"auto, (max-width: 1280px) 100vw, 1280px\" \/><\/a><\/figure>\n\n\n\n<figure class=\"wp-block-image size-large\"><a href=\"https:\/\/jundiai.sp.gov.br\/noticias\/wp-content\/uploads\/sites\/32\/2023\/04\/beach-tenis-equipe-jundiai_fm_-102.jpg\"><img loading=\"lazy\" decoding=\"async\" width=\"1280\" height=\"854\" data-id=\"316062\" src=\"https:\/\/jundiai.sp.gov.br\/noticias\/wp-content\/uploads\/sites\/32\/2023\/04\/beach-tenis-equipe-jundiai_fm_-102-1280x854.jpg\" alt=\"\" class=\"wp-image-316062\" srcset=\"https:\/\/jundiai.sp.gov.br\/noticias\/wp-content\/uploads\/sites\/32\/2023\/04\/beach-tenis-equipe-jundiai_fm_-102-1280x854.jpg 1280w, https:\/\/jundiai.sp.gov.br\/noticias\/wp-content\/uploads\/sites\/32\/2023\/04\/beach-tenis-equipe-jundiai_fm_-102-300x200.jpg 300w, https:\/\/jundiai.sp.gov.br\/noticias\/wp-content\/uploads\/sites\/32\/2023\/04\/beach-tenis-equipe-jundiai_fm_-102-768x512.jpg 768w, https:\/\/jundiai.sp.gov.br\/noticias\/wp-content\/uploads\/sites\/32\/2023\/04\/beach-tenis-equipe-jundiai_fm_-102-1536x1024.jpg 1536w, https:\/\/jundiai.sp.gov.br\/noticias\/wp-content\/uploads\/sites\/32\/2023\/04\/beach-tenis-equipe-jundiai_fm_-102-450x300.jpg 450w, https:\/\/jundiai.sp.gov.br\/noticias\/wp-content\/uploads\/sites\/32\/2023\/04\/beach-tenis-equipe-jundiai_fm_-102.jpg 1900w\" sizes=\"auto, (max-width: 1280px) 100vw, 1280px\" \/><\/a><\/figure>\n\n\n\n<figure class=\"wp-block-image size-large\"><a href=\"https:\/\/jundiai.sp.gov.br\/noticias\/wp-content\/uploads\/sites\/32\/2023\/04\/beach-tenis-equipe-jundiai_fm_-1.jpg\"><img loading=\"lazy\" decoding=\"async\" width=\"1280\" height=\"835\" data-id=\"316069\" src=\"https:\/\/jundiai.sp.gov.br\/noticias\/wp-content\/uploads\/sites\/32\/2023\/04\/beach-tenis-equipe-jundiai_fm_-1-1280x835.jpg\" alt=\"\" class=\"wp-image-316069\" srcset=\"https:\/\/jundiai.sp.gov.br\/noticias\/wp-content\/uploads\/sites\/32\/2023\/04\/beach-tenis-equipe-jundiai_fm_-1-1280x835.jpg 1280w, https:\/\/jundiai.sp.gov.br\/noticias\/wp-content\/uploads\/sites\/32\/2023\/04\/beach-tenis-equipe-jundiai_fm_-1-300x196.jpg 300w, https:\/\/jundiai.sp.gov.br\/noticias\/wp-content\/uploads\/sites\/32\/2023\/04\/beach-tenis-equipe-jundiai_fm_-1-768x501.jpg 768w, https:\/\/jundiai.sp.gov.br\/noticias\/wp-content\/uploads\/sites\/32\/2023\/04\/beach-tenis-equipe-jundiai_fm_-1-1536x1002.jpg 1536w, https:\/\/jundiai.sp.gov.br\/noticias\/wp-content\/uploads\/sites\/32\/2023\/04\/beach-tenis-equipe-jundiai_fm_-1.jpg 1900w\" sizes=\"auto, (max-width: 1280px) 100vw, 1280px\" \/><\/a><\/figure>\n<\/figure>\n\n\n\n<p><strong>Assessoria de Imprensa<br>Foto: Fot\u00f3grafos PMJ <\/strong><\/p>\n\n\n\n<p><\/p>\n","protected":false},"excerpt":{"rendered":"<p>Com suporte de equipe multiprofissional e treinando em um dos cart\u00f5es postais de Jundia\u00ed &#8211; o Mundo das Crian\u00e7as -, a equipe ca\u00e7ula do Time Jundia\u00ed, o t\u00eanis de praia (beach tennis), se prepara para a temporada de jogos, com in\u00edcio em maio.&nbsp; A equipe de competi\u00e7\u00e3o nas categorias SUB12 e SUB14 \u00e9 formada por [&hellip;]<\/p>\n","protected":false},"author":50,"featured_media":316060,"comment_status":"closed","ping_status":"0","sticky":false,"template":"","format":"standard","meta":{"footnotes":""},"categories":[2],"tags":[35,1436,1045],"ods":[],"class_list":["post-316053","post","type-post","status-publish","format-standard","has-post-thumbnail","hentry","category-noticias","tag-esporte-e-lazer","tag-mundo-das-criancas","tag-time-jundiai"],"_links":{"self":[{"href":"https:\/\/jundiai.sp.gov.br\/noticias\/wp-json\/wp\/v2\/posts\/316053","targetHints":{"allow":["GET"]}}],"collection":[{"href":"https:\/\/jundiai.sp.gov.br\/noticias\/wp-json\/wp\/v2\/posts"}],"about":[{"href":"https:\/\/jundiai.sp.gov.br\/noticias\/wp-json\/wp\/v2\/types\/post"}],"author":[{"embeddable":true,"href":"https:\/\/jundiai.sp.gov.br\/noticias\/wp-json\/wp\/v2\/users\/50"}],"replies":[{"embeddable":true,"href":"https:\/\/jundiai.sp.gov.br\/noticias\/wp-json\/wp\/v2\/comments?post=316053"}],"version-history":[{"count":5,"href":"https:\/\/jundiai.sp.gov.br\/noticias\/wp-json\/wp\/v2\/posts\/316053\/revisions"}],"predecessor-version":[{"id":316074,"href":"https:\/\/jundiai.sp.gov.br\/noticias\/wp-json\/wp\/v2\/posts\/316053\/revisions\/316074"}],"wp:featuredmedia":[{"embeddable":true,"href":"https:\/\/jundiai.sp.gov.br\/noticias\/wp-json\/wp\/v2\/media\/316060"}],"wp:attachment":[{"href":"https:\/\/jundiai.sp.gov.br\/noticias\/wp-json\/wp\/v2\/media?parent=316053"}],"wp:term":[{"taxonomy":"category","embeddable":true,"href":"https:\/\/jundiai.sp.gov.br\/noticias\/wp-json\/wp\/v2\/categories?post=316053"},{"taxonomy":"post_tag","embeddable":true,"href":"https:\/\/jundiai.sp.gov.br\/noticias\/wp-json\/wp\/v2\/tags?post=316053"},{"taxonomy":"ods","embeddable":true,"href":"https:\/\/jundiai.sp.gov.br\/noticias\/wp-json\/wp\/v2\/ods?post=316053"}],"curies":[{"name":"wp","href":"https:\/\/api.w.org\/{rel}","templated":true}]}}