{"id":316567,"date":"2023-05-04T17:39:57","date_gmt":"2023-05-04T20:39:57","guid":{"rendered":"https:\/\/jundiai.sp.gov.br\/noticias\/?p=316567"},"modified":"2023-05-04T17:39:57","modified_gmt":"2023-05-04T20:39:57","slug":"cidade-das-criancas-fim-de-semana-tem-programacao-cultural-gratuita","status":"publish","type":"post","link":"https:\/\/jundiai.sp.gov.br\/noticias\/2023\/05\/04\/cidade-das-criancas-fim-de-semana-tem-programacao-cultural-gratuita\/","title":{"rendered":"Cidade das Crian\u00e7as: fim de semana tem programa\u00e7\u00e3o cultural gratuita"},"content":{"rendered":"\n<p>Para este fim de semana, a Unidade de Gest\u00e3o de Cultura preparou mais atra\u00e7\u00f5es culturais gratuitas, muitas delas pelo programa municipal Cidade das Crian\u00e7as. Confira os detalhes:<\/p>\n\n\n\n<p><strong>Centro<\/strong><br>As Pra\u00e7as Governador Pedro de Toledo (Pra\u00e7a da Matriz) e Marechal Floriano Peixoto (Pra\u00e7a do Coreto) recebem, das 9h \u00e0s 22h, uma extensa programa\u00e7\u00e3o cultural gratuita, acompanhada de servi\u00e7os tamb\u00e9m gratuitos para a popula\u00e7\u00e3o. As atra\u00e7\u00f5es fazem parte das programa\u00e7\u00f5es Caravana 20 anos da TVTEM, o M\u00eas da Luta Antimanicomial e a edi\u00e7\u00e3o de maio do Sexta no Centro.<\/p>\n\n\n\n<p>A programa\u00e7\u00e3o cultural contar\u00e1 com apresenta\u00e7\u00f5es musicais, apresenta\u00e7\u00f5es da Cia. Jovem de Dan\u00e7a e de conjunto de c\u00e2mara da Orquestra Sinf\u00f4nica Municipal de Jundia\u00ed (OSMJ), \u201cSexta no Centro\u201d, Rotas Tur\u00edsticas, Canil da Guarda Municipal de Jundia\u00ed, apresenta\u00e7\u00f5es de escolas e grupos esportivos, al\u00e9m do artesanato do Jundia\u00ed feito \u00e0 M\u00e3o.<\/p>\n\n\n\n<p>J\u00e1 entre os servi\u00e7os dispon\u00edveis estar\u00e3o a vacina\u00e7\u00e3o contra Covid-19 e Influenza, aferi\u00e7\u00e3o de press\u00e3o, orienta\u00e7\u00e3o sobre doen\u00e7as e cuidados contra as arboviroses, al\u00e9m de equipes do Jundia\u00ed Empreendedora e do Procon M\u00f3vel para atendimento e orienta\u00e7\u00f5es em geral. <a href=\"https:\/\/jundiai.sp.gov.br\/noticias\/2023\/05\/03\/centro-recebe-extensa-programacao-cultural-e-de-servicos-nesta-sexta-feira-05\/\">Confira os detalhes da programa\u00e7\u00e3o<\/a>.<\/p>\n\n\n\n<figure class=\"wp-block-gallery has-nested-images columns-default is-cropped wp-block-gallery-1 is-layout-flex wp-block-gallery-is-layout-flex\">\n<figure class=\"wp-block-image size-large\"><img loading=\"lazy\" decoding=\"async\" width=\"1280\" height=\"854\" data-id=\"316573\" src=\"https:\/\/jundiai.sp.gov.br\/noticias\/wp-content\/uploads\/sites\/32\/2023\/05\/ruas-de-brincar-no-centro-27-1280x854.jpg\" alt=\"\" class=\"wp-image-316573\" srcset=\"https:\/\/jundiai.sp.gov.br\/noticias\/wp-content\/uploads\/sites\/32\/2023\/05\/ruas-de-brincar-no-centro-27-1280x854.jpg 1280w, https:\/\/jundiai.sp.gov.br\/noticias\/wp-content\/uploads\/sites\/32\/2023\/05\/ruas-de-brincar-no-centro-27-300x200.jpg 300w, https:\/\/jundiai.sp.gov.br\/noticias\/wp-content\/uploads\/sites\/32\/2023\/05\/ruas-de-brincar-no-centro-27-768x512.jpg 768w, https:\/\/jundiai.sp.gov.br\/noticias\/wp-content\/uploads\/sites\/32\/2023\/05\/ruas-de-brincar-no-centro-27-1536x1024.jpg 1536w, https:\/\/jundiai.sp.gov.br\/noticias\/wp-content\/uploads\/sites\/32\/2023\/05\/ruas-de-brincar-no-centro-27-450x300.jpg 450w, https:\/\/jundiai.sp.gov.br\/noticias\/wp-content\/uploads\/sites\/32\/2023\/05\/ruas-de-brincar-no-centro-27.jpg 1900w\" sizes=\"auto, (max-width: 1280px) 100vw, 1280px\" \/><figcaption class=\"wp-element-caption\">Programa\u00e7\u00e3o no Centro come\u00e7a na Pra\u00e7a da Matriz<\/figcaption><\/figure>\n\n\n\n<figure class=\"wp-block-image size-large\"><img loading=\"lazy\" decoding=\"async\" width=\"1280\" height=\"854\" data-id=\"316572\" src=\"https:\/\/jundiai.sp.gov.br\/noticias\/wp-content\/uploads\/sites\/32\/2023\/05\/sexta-no-centro-especial-dia-das-mulheres_fm_-7-1280x854.jpg\" alt=\"\" class=\"wp-image-316572\" srcset=\"https:\/\/jundiai.sp.gov.br\/noticias\/wp-content\/uploads\/sites\/32\/2023\/05\/sexta-no-centro-especial-dia-das-mulheres_fm_-7-1280x854.jpg 1280w, https:\/\/jundiai.sp.gov.br\/noticias\/wp-content\/uploads\/sites\/32\/2023\/05\/sexta-no-centro-especial-dia-das-mulheres_fm_-7-300x200.jpg 300w, https:\/\/jundiai.sp.gov.br\/noticias\/wp-content\/uploads\/sites\/32\/2023\/05\/sexta-no-centro-especial-dia-das-mulheres_fm_-7-768x512.jpg 768w, https:\/\/jundiai.sp.gov.br\/noticias\/wp-content\/uploads\/sites\/32\/2023\/05\/sexta-no-centro-especial-dia-das-mulheres_fm_-7-1536x1024.jpg 1536w, https:\/\/jundiai.sp.gov.br\/noticias\/wp-content\/uploads\/sites\/32\/2023\/05\/sexta-no-centro-especial-dia-das-mulheres_fm_-7-450x300.jpg 450w, https:\/\/jundiai.sp.gov.br\/noticias\/wp-content\/uploads\/sites\/32\/2023\/05\/sexta-no-centro-especial-dia-das-mulheres_fm_-7.jpg 1900w\" sizes=\"auto, (max-width: 1280px) 100vw, 1280px\" \/><figcaption class=\"wp-element-caption\">E segue no Coreto, com a edi\u00e7\u00e3o de maio da Sexta no Centro<\/figcaption><\/figure>\n<\/figure>\n\n\n\n<p><strong>F\u00e1brica das Inf\u00e2ncias Japy<\/strong><br>A programa\u00e7\u00e3o deste s\u00e1bado (06) traz, a partir das 10h30, a apresenta\u00e7\u00e3o \u201cContos populares contados com origamis\u201d, em que a oficineira Irene Tanabe ir\u00e1 trazer, juntamente com as dobraduras de papel (origamis), a conta\u00e7\u00e3o de contos populares nordestinos eternizados pelo autor Camara Cascudo. Ser\u00e3o contadas hist\u00f3rias que, ainda que passadas de gera\u00e7\u00e3o em gera\u00e7\u00e3o, muitas de origens desconhecidas, mas que fazem parte da tradi\u00e7\u00e3o oral do povo brasileiro.<\/p>\n\n\n\n<p>J\u00e1 no domingo (07), tamb\u00e9m a partir das 10h30, a programa\u00e7\u00e3o come\u00e7a com uma apresenta\u00e7\u00e3o do n\u00facleo de musicaliza\u00e7\u00e3o infantil (pr\u00e9-coral) Coral Infantojuvenil Cidade das Crian\u00e7as que ensaia na F\u00e1brica das Inf\u00e2ncias Japy, sob a reg\u00eancia de J\u00e9ssica Vieira e dire\u00e7\u00e3o art\u00edstica de Vast\u00ed Atique. A proposta \u00e9 divulgar o trabalho desenvolvido pelo grupo e convidar mais crian\u00e7as para participar.<\/p>\n\n\n\n<p>Na sequ\u00eancia, \u00e0s 11h, a arte-educadora Graciele Savio e a musicista B\u00e1rbara Fagundes apresentam \u201cQue hist\u00f3ria \u00e9 essa, beb\u00ea?!\u201d, projeto que visa compartilhar f\u00e1bulas e hist\u00f3rias do continente africano para crian\u00e7as, mam\u00e3es e papais em gesta\u00e7\u00e3o, na busca de fortalecer o v\u00ednculo e adicionar representatividade negra e repert\u00f3rio cultural afrobrasileiro ao imagin\u00e1rio das fam\u00edlias.<\/p>\n\n\n\n<p>A F\u00e1brica das Inf\u00e2ncias Japy fica na rua Lacerda Franco, 175 &#8211; Vila Arens. Mais informa\u00e7\u00f5es pelo telefone 4521-0971.<\/p>\n\n\n\n<figure class=\"wp-block-gallery has-nested-images columns-default is-cropped wp-block-gallery-2 is-layout-flex wp-block-gallery-is-layout-flex\">\n<figure class=\"wp-block-image size-large\"><img loading=\"lazy\" decoding=\"async\" width=\"1200\" height=\"799\" data-id=\"316569\" src=\"https:\/\/jundiai.sp.gov.br\/noticias\/wp-content\/uploads\/sites\/32\/2023\/05\/2irene-tanabe-historiascontadascomorigamis300dpis-1200x799-1.jpg\" alt=\"\" class=\"wp-image-316569\"\/><figcaption class=\"wp-element-caption\">Irene Tanabe apresenta \u201cContos populares contados com origamis\u201d<\/figcaption><\/figure>\n\n\n\n<figure class=\"wp-block-image size-large\"><img loading=\"lazy\" decoding=\"async\" width=\"1600\" height=\"1066\" data-id=\"316570\" src=\"https:\/\/jundiai.sp.gov.br\/noticias\/wp-content\/uploads\/sites\/32\/2023\/05\/que-historia-e-essa.jpeg\" alt=\"\" class=\"wp-image-316570\"\/><figcaption class=\"wp-element-caption\">Graciele Savio e B\u00e1rbara Fagundes trazem \u201cQue hist\u00f3ria \u00e9 essa, beb\u00ea?!\u201d<\/figcaption><\/figure>\n<\/figure>\n\n\n\n<p><strong>Biblioteca<\/strong><br>Na Biblioteca Municipal Professor Nelson Foot, a programa\u00e7\u00e3o do s\u00e1bado (06) traz diversas op\u00e7\u00f5es do universo dos jogos, tanto para grandes conhecedores, quanto iniciantes e crian\u00e7as a partir dos dez anos.<br>\u00c0s 10h, come\u00e7a a aula de Xadrez, seguida, \u00e0s 11h, pela palestra e sess\u00e3o de aut\u00f3grafos com o mestre enxadrista Henrique Mecking, o Mequinho.<\/p>\n\n\n\n<p>J\u00e1 das 10h \u00e0s 16h, a Biblioteca recebe mais uma edi\u00e7\u00e3o do Conclave RPG (Role Playing Game), jogo interpretativo que permite aos jogadores vivenciar aventuras a partir de um personagem criado dentro dos mais diversos cen\u00e1rios, mundos e hist\u00f3rias.<\/p>\n\n\n\n<p>E para o p\u00fablico infantojuvenil, a atra\u00e7\u00e3o da vez \u00e9 \u201cL\u00e1 vem o Circo\u201d, com a Cia. Casulo, que come\u00e7a \u00e0s 11h. Elizabeta, uma palha\u00e7a triste, depara-se com uma mala vermelha e, muito curiosa, tenta abri-la. Aquela, no entanto, n\u00e3o \u00e9 uma mala qualquer. Dela sai uma contorcionista que tenta faz\u00ea-la entender que ainda existe muita magia e felicidade na vida.<\/p>\n\n\n\n<p>A Biblioteca fica na avenida Dr. Cavalcanti, 396 \u2013 Complexo Argos. Mais informa\u00e7\u00f5es pelo telefone 4527-2110.<\/p>\n\n\n\n<figure class=\"wp-block-gallery has-nested-images columns-default is-cropped wp-block-gallery-3 is-layout-flex wp-block-gallery-is-layout-flex\">\n<figure class=\"wp-block-image size-large\"><img loading=\"lazy\" decoding=\"async\" width=\"1200\" height=\"900\" data-id=\"316575\" src=\"https:\/\/jundiai.sp.gov.br\/noticias\/wp-content\/uploads\/sites\/32\/2023\/05\/conclave_rpg.jpeg\" alt=\"\" class=\"wp-image-316575\" srcset=\"https:\/\/jundiai.sp.gov.br\/noticias\/wp-content\/uploads\/sites\/32\/2023\/05\/conclave_rpg.jpeg 1200w, https:\/\/jundiai.sp.gov.br\/noticias\/wp-content\/uploads\/sites\/32\/2023\/05\/conclave_rpg-300x225.jpeg 300w, https:\/\/jundiai.sp.gov.br\/noticias\/wp-content\/uploads\/sites\/32\/2023\/05\/conclave_rpg-768x576.jpeg 768w\" sizes=\"auto, (max-width: 1200px) 100vw, 1200px\" \/><figcaption class=\"wp-element-caption\">Conclave RPG<\/figcaption><\/figure>\n\n\n\n<figure class=\"wp-block-image size-large\"><img loading=\"lazy\" decoding=\"async\" width=\"1240\" height=\"899\" data-id=\"316576\" src=\"https:\/\/jundiai.sp.gov.br\/noticias\/wp-content\/uploads\/sites\/32\/2023\/05\/xadrez_torneio_g.jpg\" alt=\"\" class=\"wp-image-316576\" srcset=\"https:\/\/jundiai.sp.gov.br\/noticias\/wp-content\/uploads\/sites\/32\/2023\/05\/xadrez_torneio_g.jpg 1240w, https:\/\/jundiai.sp.gov.br\/noticias\/wp-content\/uploads\/sites\/32\/2023\/05\/xadrez_torneio_g-300x218.jpg 300w, https:\/\/jundiai.sp.gov.br\/noticias\/wp-content\/uploads\/sites\/32\/2023\/05\/xadrez_torneio_g-768x557.jpg 768w\" sizes=\"auto, (max-width: 1240px) 100vw, 1240px\" \/><figcaption class=\"wp-element-caption\">Aula de Xadrez <\/figcaption><\/figure>\n<\/figure>\n\n\n\n<p><strong>Teatro Polytheama<\/strong><br>Neste s\u00e1bado (06), \u00e0s 20h, o teatro recebe o espet\u00e1culo \u201cGrupo Corda \u2013 Tango com Bailarinos\u201d, pela programa\u00e7\u00e3o da 25\u00aa temporada dos Concertos Astra-Finamax. O repert\u00f3rio da noite promete seduzir e surpreender a plateia por apresentar as composi\u00e7\u00f5es do g\u00eanio argentino, Astor Piazzolla, em arranjos adaptados para a forma\u00e7\u00e3o erudita inusitada de violoncelo, violino, contrabaixo, piano e bateria. Os ingressos para todos os setores custam R$ 10,00 e podem ser adquiridas na bilheteria e <a href=\"https:\/\/bileto.sympla.com.br\/event\/82184\/d\/191019\" target=\"_blank\" rel=\"noreferrer noopener\">pela internet, por meio da plataforma Sympla<\/a>.<\/p>\n\n\n\n<p>J\u00e1 no domingo (07), tamb\u00e9m \u00e0s 20h, o espet\u00e1culo da noite \u00e9 o show musical com a Banda CPM 22. Os ingressos variam de R$ 140 e R$ 180 e podem ser adquiridas na bilheteria e <a href=\"https:\/\/bileto.sympla.com.br\/event\/80477\/d\/181440\" target=\"_blank\" rel=\"noreferrer noopener\">pela internet, por meio da plataforma Sympla<\/a>.<\/p>\n\n\n\n<p>O teatro fica na rua Bar\u00e3o de Jundia\u00ed, 176 \u2013 Centro. Mais informa\u00e7\u00f5es pelo telefone 4586-2472.<\/p>\n\n\n\n<figure class=\"wp-block-gallery has-nested-images columns-default is-cropped wp-block-gallery-4 is-layout-flex wp-block-gallery-is-layout-flex\">\n<figure class=\"wp-block-image size-large\"><img loading=\"lazy\" decoding=\"async\" width=\"1224\" height=\"358\" data-id=\"316579\" src=\"https:\/\/jundiai.sp.gov.br\/noticias\/wp-content\/uploads\/sites\/32\/2023\/05\/corda_tango.jpg\" alt=\"\" class=\"wp-image-316579\" srcset=\"https:\/\/jundiai.sp.gov.br\/noticias\/wp-content\/uploads\/sites\/32\/2023\/05\/corda_tango.jpg 1224w, https:\/\/jundiai.sp.gov.br\/noticias\/wp-content\/uploads\/sites\/32\/2023\/05\/corda_tango-300x88.jpg 300w, https:\/\/jundiai.sp.gov.br\/noticias\/wp-content\/uploads\/sites\/32\/2023\/05\/corda_tango-768x225.jpg 768w\" sizes=\"auto, (max-width: 1224px) 100vw, 1224px\" \/><figcaption class=\"wp-element-caption\">&#8220;Grupo Corda \u2013 Tango com Bailarinos&#8221; &#8211; Concertos Astra-Finamax<\/figcaption><\/figure>\n\n\n\n<figure class=\"wp-block-image size-large\"><img loading=\"lazy\" decoding=\"async\" width=\"1128\" height=\"470\" data-id=\"316578\" src=\"https:\/\/jundiai.sp.gov.br\/noticias\/wp-content\/uploads\/sites\/32\/2023\/05\/cpm22_2.jpg\" alt=\"\" class=\"wp-image-316578\" srcset=\"https:\/\/jundiai.sp.gov.br\/noticias\/wp-content\/uploads\/sites\/32\/2023\/05\/cpm22_2.jpg 1128w, https:\/\/jundiai.sp.gov.br\/noticias\/wp-content\/uploads\/sites\/32\/2023\/05\/cpm22_2-300x125.jpg 300w, https:\/\/jundiai.sp.gov.br\/noticias\/wp-content\/uploads\/sites\/32\/2023\/05\/cpm22_2-768x320.jpg 768w\" sizes=\"auto, (max-width: 1128px) 100vw, 1128px\" \/><figcaption class=\"wp-element-caption\">CPM 22<\/figcaption><\/figure>\n<\/figure>\n\n\n\n<p><strong>Pracinha da Cultura do Vista Alegre<\/strong><br>Na Pracinha (antigo CEU das Artes), a divers\u00e3o come\u00e7a j\u00e1 nesta sexta-feira (05), \u00e0s 19h, com a interven\u00e7\u00e3o \u201cHer\u00f3is do Futuro\u201d, com o grupo Amorah. A Pracinha fica na rua Cabo Edvaldo Quirino Santana &#8211; Vista Alegre. Mais informa\u00e7\u00f5es pelo telefone 4521-6193.<\/p>\n\n\n\n<p><strong>Agenda Cultural<br><\/strong><a href=\"https:\/\/cultura.jundiai.sp.gov.br\/agenda\/\" target=\"_blank\" rel=\"noreferrer noopener\">A Agenda Cultural completa pode ser conferida no site da Cultura<\/a>.<\/p>\n\n\n\n<p><strong>Assessoria de Imprensa<br>Fotos: Fot\u00f3grafos PMJ e Divulga\u00e7\u00e3o<\/strong><\/p>\n","protected":false},"excerpt":{"rendered":"<p>Para este fim de semana, a Unidade de Gest\u00e3o de Cultura preparou mais atra\u00e7\u00f5es culturais gratuitas, muitas delas pelo programa municipal Cidade das Crian\u00e7as. Confira os detalhes: CentroAs Pra\u00e7as Governador Pedro de Toledo (Pra\u00e7a da Matriz) e Marechal Floriano Peixoto (Pra\u00e7a do Coreto) recebem, das 9h \u00e0s 22h, uma extensa programa\u00e7\u00e3o cultural gratuita, acompanhada de [&hellip;]<\/p>\n","protected":false},"author":14,"featured_media":316568,"comment_status":"closed","ping_status":"0","sticky":false,"template":"","format":"standard","meta":{"footnotes":""},"categories":[2],"tags":[505,2489,1154,29,2251,1376,1305,98],"ods":[],"class_list":["post-316567","post","type-post","status-publish","format-standard","has-post-thumbnail","hentry","category-noticias","tag-biblioteca-municipal-professor-nelson-foot","tag-centro","tag-cidade-das-criancas","tag-cultura","tag-fabrica-das-infancias-japy","tag-praca-da-matriz","tag-praca-do-coreto","tag-teatro-polytheama"],"_links":{"self":[{"href":"https:\/\/jundiai.sp.gov.br\/noticias\/wp-json\/wp\/v2\/posts\/316567","targetHints":{"allow":["GET"]}}],"collection":[{"href":"https:\/\/jundiai.sp.gov.br\/noticias\/wp-json\/wp\/v2\/posts"}],"about":[{"href":"https:\/\/jundiai.sp.gov.br\/noticias\/wp-json\/wp\/v2\/types\/post"}],"author":[{"embeddable":true,"href":"https:\/\/jundiai.sp.gov.br\/noticias\/wp-json\/wp\/v2\/users\/14"}],"replies":[{"embeddable":true,"href":"https:\/\/jundiai.sp.gov.br\/noticias\/wp-json\/wp\/v2\/comments?post=316567"}],"version-history":[{"count":3,"href":"https:\/\/jundiai.sp.gov.br\/noticias\/wp-json\/wp\/v2\/posts\/316567\/revisions"}],"predecessor-version":[{"id":316580,"href":"https:\/\/jundiai.sp.gov.br\/noticias\/wp-json\/wp\/v2\/posts\/316567\/revisions\/316580"}],"wp:featuredmedia":[{"embeddable":true,"href":"https:\/\/jundiai.sp.gov.br\/noticias\/wp-json\/wp\/v2\/media\/316568"}],"wp:attachment":[{"href":"https:\/\/jundiai.sp.gov.br\/noticias\/wp-json\/wp\/v2\/media?parent=316567"}],"wp:term":[{"taxonomy":"category","embeddable":true,"href":"https:\/\/jundiai.sp.gov.br\/noticias\/wp-json\/wp\/v2\/categories?post=316567"},{"taxonomy":"post_tag","embeddable":true,"href":"https:\/\/jundiai.sp.gov.br\/noticias\/wp-json\/wp\/v2\/tags?post=316567"},{"taxonomy":"ods","embeddable":true,"href":"https:\/\/jundiai.sp.gov.br\/noticias\/wp-json\/wp\/v2\/ods?post=316567"}],"curies":[{"name":"wp","href":"https:\/\/api.w.org\/{rel}","templated":true}]}}