{"id":316963,"date":"2023-05-11T13:35:15","date_gmt":"2023-05-11T16:35:15","guid":{"rendered":"https:\/\/jundiai.sp.gov.br\/noticias\/?p=316963"},"modified":"2023-05-11T13:35:15","modified_gmt":"2023-05-11T16:35:15","slug":"siemens-energy-brasil-fala-com-prefeito-sobre-investimentos-em-jundiai","status":"publish","type":"post","link":"https:\/\/jundiai.sp.gov.br\/noticias\/2023\/05\/11\/siemens-energy-brasil-fala-com-prefeito-sobre-investimentos-em-jundiai\/","title":{"rendered":"Siemens Energy Brasil fala com prefeito sobre investimentos em Jundia\u00ed"},"content":{"rendered":"\n<p>O prefeito Luiz Fernando Machado recebeu na manh\u00e3 desta quarta-feira (10) o vice-presidente s\u00eanior da Siemens Energy para a Am\u00e9rica Latina e CEO da Siemens Energy Brasil, Andr\u00e9 Clark. O encontro faz parte do programa Caf\u00e9 com o Setor Produtivo, que desde 2017 busca aproximar o poder p\u00fablico das demandas geradas pelas empresas instaladas no munic\u00edpio. At\u00e9 o momento, mais de 200 reuni\u00f5es foram realizadas, sempre com altos \u00edndices de resolu\u00e7\u00e3o.<\/p>\n\n\n\n<p>\u201cEssa \u00e9 a din\u00e2mica para que as empresas, que geram empregos e renda, possam se sentir acolhidas pelo poder p\u00fablico. Temos muito orgulho dessa parceria com o setor privado, que contribui para o desenvolvimento econ\u00f4mico e social n\u00e3o s\u00f3 do munic\u00edpio, mas de toda a regi\u00e3o, do Estado e do pa\u00eds\u201d, destacou o prefeito Luiz Fernando Machado. &#8220;Jundia\u00ed tem a quinta maior economia do Estado e a 15\u00aa melhor do Brasil e a nossa busca \u00e9 exatamente pela atra\u00e7\u00e3o de bons investimentos, que nos ajudem na gera\u00e7\u00e3o de mais empregos e renda. Isso tudo, obviamente, sem deixar de lado a nossa qualidade de vida&#8221;.<\/p>\n\n\n\n<figure class=\"wp-block-image size-large\"><img loading=\"lazy\" decoding=\"async\" width=\"1280\" height=\"854\" src=\"https:\/\/jundiai.sp.gov.br\/noticias\/wp-content\/uploads\/sites\/32\/2023\/05\/reuniao_gabinete_ceo_siemens_energy_andre_clark_pa-63-1-1280x854.jpg\" alt=\"\" class=\"wp-image-317069\" srcset=\"https:\/\/jundiai.sp.gov.br\/noticias\/wp-content\/uploads\/sites\/32\/2023\/05\/reuniao_gabinete_ceo_siemens_energy_andre_clark_pa-63-1-1280x854.jpg 1280w, https:\/\/jundiai.sp.gov.br\/noticias\/wp-content\/uploads\/sites\/32\/2023\/05\/reuniao_gabinete_ceo_siemens_energy_andre_clark_pa-63-1-300x200.jpg 300w, https:\/\/jundiai.sp.gov.br\/noticias\/wp-content\/uploads\/sites\/32\/2023\/05\/reuniao_gabinete_ceo_siemens_energy_andre_clark_pa-63-1-768x512.jpg 768w, https:\/\/jundiai.sp.gov.br\/noticias\/wp-content\/uploads\/sites\/32\/2023\/05\/reuniao_gabinete_ceo_siemens_energy_andre_clark_pa-63-1-1536x1024.jpg 1536w, https:\/\/jundiai.sp.gov.br\/noticias\/wp-content\/uploads\/sites\/32\/2023\/05\/reuniao_gabinete_ceo_siemens_energy_andre_clark_pa-63-1-450x300.jpg 450w, https:\/\/jundiai.sp.gov.br\/noticias\/wp-content\/uploads\/sites\/32\/2023\/05\/reuniao_gabinete_ceo_siemens_energy_andre_clark_pa-63-1.jpg 1900w\" sizes=\"auto, (max-width: 1280px) 100vw, 1280px\" \/><figcaption class=\"wp-element-caption\">Caf\u00e9 com Setor Produtivo j\u00e1 realizou mais de 200 reuni\u00f5es com representantes de empresas de Jundia\u00ed<\/figcaption><\/figure>\n\n\n\n<p><strong>Itaipu<\/strong><\/p>\n\n\n\n<p>Acompanhado do diretor de Rela\u00e7\u00f5es Governamentais da Siemens, Henrique Petersen Paiva, o vice-presidente da multinacional adiantou que a planta em Jundia\u00ed ter\u00e1 novos investimentos em breve, fruto da expans\u00e3o na oferta de produtos e servi\u00e7os no Brasil e tamb\u00e9m para o exterior. &#8220;O setor de energia no Brasil \u00e9 muito pujante e a nossa f\u00e1brica em Jundia\u00ed passou a ser um ponto de exporta\u00e7\u00e3o muito importante. A demanda, hoje, \u00e9 mundial&#8221;, explicou Clark.<\/p>\n\n\n\n<p>Um desse trabalhos que a f\u00e1brica em Jundia\u00ed ficar\u00e1 respons\u00e1vel acabou de ser fechado com a Eletrobras para moderniza\u00e7\u00e3o de equipamentos de uma das linhas de transmiss\u00e3o de energia gerada pela hidrel\u00e9trica de Itaipu. O projeto \u00e9 de aproximadamente R$ 1 bilh\u00e3o e aumentar\u00e1 a confiabilidade do fornecimento de energia aos principais centros de carga do pa\u00eds em meio \u00e0 energia do processo de transi\u00e7\u00e3o.<\/p>\n\n\n\n<p><strong>Cidade Inteligente<\/strong><\/p>\n\n\n\n<p>O gestor de Governo e Finan\u00e7as, Jos\u00e9 Antonio Parimoschi, comentou sobre o projeto de Cidades Inteligentes para Jundia\u00ed, que engloba a participa\u00e7\u00e3o de universidades, investimentos p\u00fablicos em infraestrutura, tecnologia 5G e um espa\u00e7o de coworking para startups voltado \u00e0s empresas instaladas no munic\u00edpio. O objetivo \u00e9 cuidar para que as pr\u00f3ximas gera\u00e7\u00f5es acompanhem essa evolu\u00e7\u00e3o pessoal e profissional que o mundo est\u00e1 vivendo.<\/p>\n\n\n\n<figure class=\"wp-block-image size-large\"><img loading=\"lazy\" decoding=\"async\" width=\"1280\" height=\"854\" src=\"https:\/\/jundiai.sp.gov.br\/noticias\/wp-content\/uploads\/sites\/32\/2023\/05\/reuniao_gabinete_ceo_siemens_energy_andre_clark_pa-10-1280x854.jpg\" alt=\"\" class=\"wp-image-317066\" srcset=\"https:\/\/jundiai.sp.gov.br\/noticias\/wp-content\/uploads\/sites\/32\/2023\/05\/reuniao_gabinete_ceo_siemens_energy_andre_clark_pa-10-1280x854.jpg 1280w, https:\/\/jundiai.sp.gov.br\/noticias\/wp-content\/uploads\/sites\/32\/2023\/05\/reuniao_gabinete_ceo_siemens_energy_andre_clark_pa-10-300x200.jpg 300w, https:\/\/jundiai.sp.gov.br\/noticias\/wp-content\/uploads\/sites\/32\/2023\/05\/reuniao_gabinete_ceo_siemens_energy_andre_clark_pa-10-768x512.jpg 768w, https:\/\/jundiai.sp.gov.br\/noticias\/wp-content\/uploads\/sites\/32\/2023\/05\/reuniao_gabinete_ceo_siemens_energy_andre_clark_pa-10-1536x1024.jpg 1536w, https:\/\/jundiai.sp.gov.br\/noticias\/wp-content\/uploads\/sites\/32\/2023\/05\/reuniao_gabinete_ceo_siemens_energy_andre_clark_pa-10-450x300.jpg 450w, https:\/\/jundiai.sp.gov.br\/noticias\/wp-content\/uploads\/sites\/32\/2023\/05\/reuniao_gabinete_ceo_siemens_energy_andre_clark_pa-10.jpg 1900w\" sizes=\"auto, (max-width: 1280px) 100vw, 1280px\" \/><figcaption class=\"wp-element-caption\">Prefeito Luiz Fernando Machado e CEO  Andr\u00e9 Clark reunidos com gestores municipais e integrantes da multinacional<\/figcaption><\/figure>\n\n\n\n<p>&#8220;O relat\u00f3rio &#8216;O Futuro do Trabalho 2023&#8217;, do F\u00f3rum Econ\u00f4mico Mundial, em 45 pa\u00edses, com a parceria da FDC (Funda\u00e7\u00e3o Dom Cabral), no Brasil, mostra que o avan\u00e7o da tecnologia e as quest\u00f5es ambientais ir\u00e3o fazer com que 69 milh\u00f5es de empregos sejam criados e outros 83 milh\u00f5es eliminados. Nosso dever, como gestor p\u00fablico, \u00e9 que a desigualdade seja combatida com ensino profissionalizante, j\u00e1 que o mercado vai buscar pessoas qualificadas e m\u00e3o de obra preparada&#8221;.<\/p>\n\n\n\n<p>Participaram da reuni\u00e3o, tamb\u00e9m, os gestores da Casa Civil, Gustavo Maryssael, e de Desenvolvimento Econ\u00f4mico, Ci\u00eancia e Tecnologia, Cristiano Lopes, o gestor adjunto de Governo, Jones Henrique Martins, e o diretor de Fomento \u00e0 Ind\u00fastria, Gilson Pichioli.<\/p>\n\n\n\n<p><strong>Assessoria de Imprensa<br>Fotos: Fot\u00f3grafos PMJ<\/strong><\/p>\n","protected":false},"excerpt":{"rendered":"<p>O prefeito Luiz Fernando Machado recebeu na manh\u00e3 desta quarta-feira (10) o vice-presidente s\u00eanior da Siemens Energy para a Am\u00e9rica Latina e CEO da Siemens Energy Brasil, Andr\u00e9 Clark. O encontro faz parte do programa Caf\u00e9 com o Setor Produtivo, que desde 2017 busca aproximar o poder p\u00fablico das demandas geradas pelas empresas instaladas no [&hellip;]<\/p>\n","protected":false},"author":97,"featured_media":317069,"comment_status":"closed","ping_status":"0","sticky":false,"template":"","format":"standard","meta":{"footnotes":""},"categories":[2],"tags":[3756,3496,58],"ods":[],"class_list":["post-316963","post","type-post","status-publish","format-standard","has-post-thumbnail","hentry","category-noticias","tag-cafe-com-setor-produtivo","tag-emprego-e-renda","tag-prefeito"],"_links":{"self":[{"href":"https:\/\/jundiai.sp.gov.br\/noticias\/wp-json\/wp\/v2\/posts\/316963","targetHints":{"allow":["GET"]}}],"collection":[{"href":"https:\/\/jundiai.sp.gov.br\/noticias\/wp-json\/wp\/v2\/posts"}],"about":[{"href":"https:\/\/jundiai.sp.gov.br\/noticias\/wp-json\/wp\/v2\/types\/post"}],"author":[{"embeddable":true,"href":"https:\/\/jundiai.sp.gov.br\/noticias\/wp-json\/wp\/v2\/users\/97"}],"replies":[{"embeddable":true,"href":"https:\/\/jundiai.sp.gov.br\/noticias\/wp-json\/wp\/v2\/comments?post=316963"}],"version-history":[{"count":6,"href":"https:\/\/jundiai.sp.gov.br\/noticias\/wp-json\/wp\/v2\/posts\/316963\/revisions"}],"predecessor-version":[{"id":317070,"href":"https:\/\/jundiai.sp.gov.br\/noticias\/wp-json\/wp\/v2\/posts\/316963\/revisions\/317070"}],"wp:featuredmedia":[{"embeddable":true,"href":"https:\/\/jundiai.sp.gov.br\/noticias\/wp-json\/wp\/v2\/media\/317069"}],"wp:attachment":[{"href":"https:\/\/jundiai.sp.gov.br\/noticias\/wp-json\/wp\/v2\/media?parent=316963"}],"wp:term":[{"taxonomy":"category","embeddable":true,"href":"https:\/\/jundiai.sp.gov.br\/noticias\/wp-json\/wp\/v2\/categories?post=316963"},{"taxonomy":"post_tag","embeddable":true,"href":"https:\/\/jundiai.sp.gov.br\/noticias\/wp-json\/wp\/v2\/tags?post=316963"},{"taxonomy":"ods","embeddable":true,"href":"https:\/\/jundiai.sp.gov.br\/noticias\/wp-json\/wp\/v2\/ods?post=316963"}],"curies":[{"name":"wp","href":"https:\/\/api.w.org\/{rel}","templated":true}]}}