{"id":317266,"date":"2023-05-13T10:40:51","date_gmt":"2023-05-13T13:40:51","guid":{"rendered":"https:\/\/jundiai.sp.gov.br\/noticias\/?p=317266"},"modified":"2023-05-13T10:40:51","modified_gmt":"2023-05-13T13:40:51","slug":"prefeitura-confirma-primeira-morte-por-dengue-em-jundiai","status":"publish","type":"post","link":"https:\/\/jundiai.sp.gov.br\/noticias\/2023\/05\/13\/prefeitura-confirma-primeira-morte-por-dengue-em-jundiai\/","title":{"rendered":"Prefeitura confirma primeira morte por dengue em Jundia\u00ed"},"content":{"rendered":"\n<p>A Unidade de Gest\u00e3o de Promo\u00e7\u00e3o da Sa\u00fade (UGPS), por meio da Vigil\u00e2ncia Epidemiol\u00f3gica (VE), informa que Jundia\u00ed registra uma morte confirmada por dengue. O resultado do exame foi recebido nesta sexta-feira (12), para o \u00f3bito registrado em 22 de abril. <\/p>\n\n\n\n<p>O homem, 72 anos, era residente na regi\u00e3o da Vila Hortol\u00e2ndia, passou por atendimento no dia 19, com piora do quadro no dia 22, vindo a \u00f3bito. <\/p>\n\n\n\n<p>De maneira permanente, o trabalho de educa\u00e7\u00e3o e orienta\u00e7\u00e3o contra as arboviroses \u00e9 realizado pelas equipes e Vigil\u00e2ncia em Sa\u00fade Ambiental (Visam) e Aten\u00e7\u00e3o B\u00e1sica, em toda a cidade, com o desenvolvimento de investiga\u00e7\u00e3o epidemiol\u00f3gica e busca ativa em toda notifica\u00e7\u00e3o suspeita. <\/p>\n\n\n\n<figure class=\"wp-block-image size-full\"><img loading=\"lazy\" decoding=\"async\" width=\"1280\" height=\"850\" src=\"https:\/\/jundiai.sp.gov.br\/noticias\/wp-content\/uploads\/sites\/32\/2022\/03\/acao-zoonoses-combate-a-dengue_c_-1.jpg\" alt=\"\" class=\"wp-image-289159\" srcset=\"https:\/\/jundiai.sp.gov.br\/noticias\/wp-content\/uploads\/sites\/32\/2022\/03\/acao-zoonoses-combate-a-dengue_c_-1.jpg 1280w, https:\/\/jundiai.sp.gov.br\/noticias\/wp-content\/uploads\/sites\/32\/2022\/03\/acao-zoonoses-combate-a-dengue_c_-1-300x199.jpg 300w, https:\/\/jundiai.sp.gov.br\/noticias\/wp-content\/uploads\/sites\/32\/2022\/03\/acao-zoonoses-combate-a-dengue_c_-1-768x510.jpg 768w, https:\/\/jundiai.sp.gov.br\/noticias\/wp-content\/uploads\/sites\/32\/2022\/03\/acao-zoonoses-combate-a-dengue_c_-1-450x300.jpg 450w\" sizes=\"auto, (max-width: 1280px) 100vw, 1280px\" \/><figcaption class=\"wp-element-caption\">O principal cuidado dos mun\u00edcipes \u00e9 eliminar os focos de \u00e1gua parada em suas resid\u00eancias<\/figcaption><\/figure>\n\n\n\n<p>Em decorr\u00eancia da crescente ocorr\u00eancia de casos de dengue na regi\u00e3o da Hortol\u00e2ndia, a\u00e7\u00f5es adicionais como aplica\u00e7\u00e3o de &#8216;nebuliza\u00e7\u00e3o&#8217; foram realizadas. A Prefeitura de Jundia\u00ed mant\u00e9m a atualiza\u00e7\u00e3o semanal do boletim epidemiol\u00f3gico dos casos de arboviroses, para o acompanhamento da situa\u00e7\u00e3o na cidade.<\/p>\n\n\n\n<p>A Prefeitura de Jundia\u00ed ainda tem intensificado as campanhas de conscientiza\u00e7\u00e3o em redes sociais, nas TVs das Unidades B\u00e1sicas de Sa\u00fade (UBSs) e outros servi\u00e7os p\u00fablicos.<\/p>\n\n\n\n<p>\u00c9 importante que a popula\u00e7\u00e3o ajude no controle contra a dengue e evite deixar \u00e1gua parada em casa. Alguns dos cuidados necess\u00e1rios s\u00e3o: evitar o ac\u00famulo de lixo espalhado pelo quintal, tirar os pratinhos do vaso, mantenha as tampas dos vasos sanit\u00e1rios fechados, guarde as garrafas com as bocas para baixo e em locais cobertos, lavar os vasilhames de \u00e1gua dos animais com \u00e1gua e sab\u00e3o duas vezes por semana, tampar e vendar ralos, manter as piscinas limpas e com cloro, caixas d\u2019\u00e1gua fechadas, pneus guardados em locais cobertos e descartados de maneira correta e n\u00e3o deixar lonas jogadas para evitar que formem bols\u00f5es de \u00e1gua.<\/p>\n\n\n\n<p><strong>Assessoria de Imprensa<\/strong><\/p>\n","protected":false},"excerpt":{"rendered":"<p>A Unidade de Gest\u00e3o de Promo\u00e7\u00e3o da Sa\u00fade (UGPS), por meio da Vigil\u00e2ncia Epidemiol\u00f3gica (VE), informa que Jundia\u00ed registra uma morte confirmada por dengue. O resultado do exame foi recebido nesta sexta-feira (12), para o \u00f3bito registrado em 22 de abril. O homem, 72 anos, era residente na regi\u00e3o da Vila Hortol\u00e2ndia, passou por atendimento [&hellip;]<\/p>\n","protected":false},"author":90,"featured_media":289159,"comment_status":"closed","ping_status":"0","sticky":false,"template":"","format":"standard","meta":{"footnotes":""},"categories":[2],"tags":[24,2686,1532],"ods":[],"class_list":["post-317266","post","type-post","status-publish","format-standard","has-post-thumbnail","hentry","category-noticias","tag-dengue","tag-unidade-de-gestao-de-promocao-da-saude-ugps","tag-visam"],"_links":{"self":[{"href":"https:\/\/jundiai.sp.gov.br\/noticias\/wp-json\/wp\/v2\/posts\/317266","targetHints":{"allow":["GET"]}}],"collection":[{"href":"https:\/\/jundiai.sp.gov.br\/noticias\/wp-json\/wp\/v2\/posts"}],"about":[{"href":"https:\/\/jundiai.sp.gov.br\/noticias\/wp-json\/wp\/v2\/types\/post"}],"author":[{"embeddable":true,"href":"https:\/\/jundiai.sp.gov.br\/noticias\/wp-json\/wp\/v2\/users\/90"}],"replies":[{"embeddable":true,"href":"https:\/\/jundiai.sp.gov.br\/noticias\/wp-json\/wp\/v2\/comments?post=317266"}],"version-history":[{"count":1,"href":"https:\/\/jundiai.sp.gov.br\/noticias\/wp-json\/wp\/v2\/posts\/317266\/revisions"}],"predecessor-version":[{"id":317267,"href":"https:\/\/jundiai.sp.gov.br\/noticias\/wp-json\/wp\/v2\/posts\/317266\/revisions\/317267"}],"wp:featuredmedia":[{"embeddable":true,"href":"https:\/\/jundiai.sp.gov.br\/noticias\/wp-json\/wp\/v2\/media\/289159"}],"wp:attachment":[{"href":"https:\/\/jundiai.sp.gov.br\/noticias\/wp-json\/wp\/v2\/media?parent=317266"}],"wp:term":[{"taxonomy":"category","embeddable":true,"href":"https:\/\/jundiai.sp.gov.br\/noticias\/wp-json\/wp\/v2\/categories?post=317266"},{"taxonomy":"post_tag","embeddable":true,"href":"https:\/\/jundiai.sp.gov.br\/noticias\/wp-json\/wp\/v2\/tags?post=317266"},{"taxonomy":"ods","embeddable":true,"href":"https:\/\/jundiai.sp.gov.br\/noticias\/wp-json\/wp\/v2\/ods?post=317266"}],"curies":[{"name":"wp","href":"https:\/\/api.w.org\/{rel}","templated":true}]}}