{"id":317767,"date":"2023-05-20T19:07:31","date_gmt":"2023-05-20T22:07:31","guid":{"rendered":"https:\/\/jundiai.sp.gov.br\/noticias\/?p=317767"},"modified":"2023-05-20T19:07:31","modified_gmt":"2023-05-20T22:07:31","slug":"3-355-doses-aplicadas-neste-sabado-de-vacinacao","status":"publish","type":"post","link":"https:\/\/jundiai.sp.gov.br\/noticias\/2023\/05\/20\/3-355-doses-aplicadas-neste-sabado-de-vacinacao\/","title":{"rendered":"3.355 doses aplicadas neste s\u00e1bado de vacina\u00e7\u00e3o"},"content":{"rendered":"\n<p>A Prefeitura de Jundia\u00ed disponibilizou sete pontos para a vacina\u00e7\u00e3o neste s\u00e1bado (20). No total, foram aplicadas 2.010 doses contra Influenza (gripe), 1.233 doses contra a Covid-19 e 112 do Calend\u00e1rio Nacional de Imuniza\u00e7\u00e3o, totalizando 3.355 doses. A aplica\u00e7\u00e3o ocorreu nas Unidades B\u00e1sicas de Sa\u00fade (UBSs) Pitangueiras, Travi\u00fa, Agapeama, Morada das Vinhas, Rio Branco e Anhangaba\u00fa, al\u00e9m do Espa\u00e7o Jundia\u00ed Empreendedora, no Maxi Shopping.<\/p>\n\n\n\n<p>A dona L\u00e1zara Alves dos Santos, moradora do Parque do Col\u00e9gio, recebeu a vacina contra a gripe na UBS Anhangaba\u00fa. &#8220;Aproveitei o s\u00e1bado e vim ao postinho me vacinar e sair protegida&#8221;. O seu Manoel Francisco, que acompanhou a senhora, recebeu as vacinas contra a Covid-19 e a Influenza. <\/p>\n\n\n\n<p>No Munic\u00edpio, desde a \u00faltima quarta-feira (17), a vacina contra Influenza est\u00e1 liberada para toda a popula\u00e7\u00e3o a partir dos seis meses de idade. Contra a Covid-19, seguem sendo aplicadas as vacinas monovalentes para pessoas com 12 anos ou mais; a Pfizer Baby para crian\u00e7as com 6 meses a 4 anos (D1, D2 e D3); a Pfizer Pedi\u00e1trica para crian\u00e7as de 5 a 11 anos (D1, D2 e refor\u00e7o); e a Pfizer bivalente para o p\u00fablico a partir de 18 anos e que tenha recebido, no m\u00ednimo, duas doses da monovalente, sendo a \u00faltima dose h\u00e1, pelo menos, quatro meses.<\/p>\n\n\n\n<p>Neste ano, o Minist\u00e9rio da Sa\u00fade novamente refor\u00e7ou que a vacina contra a Influenza pode ser aplicada junto a qualquer vacina da rotina e tamb\u00e9m com as doses contra o coronav\u00edrus. O calend\u00e1rio de vacina\u00e7\u00e3o para os pr\u00f3ximos dias est\u00e1 dispon\u00edvel neste <a href=\"https:\/\/vacina.jundiai.sp.gov.br\/agendamento\/?rand=115222947124\" target=\"_blank\" rel=\"noreferrer noopener\">link<\/a>.<\/p>\n\n\n\n<figure class=\"wp-block-gallery has-nested-images columns-default is-cropped wp-block-gallery-1 is-layout-flex wp-block-gallery-is-layout-flex\">\n<figure class=\"wp-block-image size-large\"><img loading=\"lazy\" decoding=\"async\" width=\"1280\" height=\"854\" data-id=\"317768\" src=\"https:\/\/jundiai.sp.gov.br\/noticias\/wp-content\/uploads\/sites\/32\/2023\/05\/vacinacao_sabado-1-1280x854.jpg\" alt=\"\" class=\"wp-image-317768\" srcset=\"https:\/\/jundiai.sp.gov.br\/noticias\/wp-content\/uploads\/sites\/32\/2023\/05\/vacinacao_sabado-1-1280x854.jpg 1280w, https:\/\/jundiai.sp.gov.br\/noticias\/wp-content\/uploads\/sites\/32\/2023\/05\/vacinacao_sabado-1-300x200.jpg 300w, https:\/\/jundiai.sp.gov.br\/noticias\/wp-content\/uploads\/sites\/32\/2023\/05\/vacinacao_sabado-1-768x512.jpg 768w, https:\/\/jundiai.sp.gov.br\/noticias\/wp-content\/uploads\/sites\/32\/2023\/05\/vacinacao_sabado-1-1536x1024.jpg 1536w, https:\/\/jundiai.sp.gov.br\/noticias\/wp-content\/uploads\/sites\/32\/2023\/05\/vacinacao_sabado-1-450x300.jpg 450w, https:\/\/jundiai.sp.gov.br\/noticias\/wp-content\/uploads\/sites\/32\/2023\/05\/vacinacao_sabado-1.jpg 1900w\" sizes=\"auto, (max-width: 1280px) 100vw, 1280px\" \/><figcaption class=\"wp-element-caption\">Dona L\u00e1zara Alves dos Santos recebeu a dose contra a gripe<\/figcaption><\/figure>\n\n\n\n<figure class=\"wp-block-image size-large\"><img loading=\"lazy\" decoding=\"async\" width=\"1280\" height=\"854\" data-id=\"317769\" src=\"https:\/\/jundiai.sp.gov.br\/noticias\/wp-content\/uploads\/sites\/32\/2023\/05\/vacinacao_sabado-3-1280x854.jpg\" alt=\"\" class=\"wp-image-317769\" srcset=\"https:\/\/jundiai.sp.gov.br\/noticias\/wp-content\/uploads\/sites\/32\/2023\/05\/vacinacao_sabado-3-1280x854.jpg 1280w, https:\/\/jundiai.sp.gov.br\/noticias\/wp-content\/uploads\/sites\/32\/2023\/05\/vacinacao_sabado-3-300x200.jpg 300w, https:\/\/jundiai.sp.gov.br\/noticias\/wp-content\/uploads\/sites\/32\/2023\/05\/vacinacao_sabado-3-768x512.jpg 768w, https:\/\/jundiai.sp.gov.br\/noticias\/wp-content\/uploads\/sites\/32\/2023\/05\/vacinacao_sabado-3-1536x1024.jpg 1536w, https:\/\/jundiai.sp.gov.br\/noticias\/wp-content\/uploads\/sites\/32\/2023\/05\/vacinacao_sabado-3-450x300.jpg 450w, https:\/\/jundiai.sp.gov.br\/noticias\/wp-content\/uploads\/sites\/32\/2023\/05\/vacinacao_sabado-3.jpg 1900w\" sizes=\"auto, (max-width: 1280px) 100vw, 1280px\" \/><figcaption class=\"wp-element-caption\">Seu Manoel Francisco foi vacinado contra a Covid-19 e a Influenza<\/figcaption><\/figure>\n<\/figure>\n\n\n\n<p><strong>Assessoria de Imprensa<br>Foto: Fot\u00f3grafos PMJ<\/strong><\/p>\n","protected":false},"excerpt":{"rendered":"<p>A Prefeitura de Jundia\u00ed disponibilizou sete pontos para a vacina\u00e7\u00e3o neste s\u00e1bado (20). No total, foram aplicadas 2.010 doses contra Influenza (gripe), 1.233 doses contra a Covid-19 e 112 do Calend\u00e1rio Nacional de Imuniza\u00e7\u00e3o, totalizando 3.355 doses. A aplica\u00e7\u00e3o ocorreu nas Unidades B\u00e1sicas de Sa\u00fade (UBSs) Pitangueiras, Travi\u00fa, Agapeama, Morada das Vinhas, Rio Branco e [&hellip;]<\/p>\n","protected":false},"author":100,"featured_media":0,"comment_status":"closed","ping_status":"0","sticky":false,"template":"","format":"standard","meta":{"footnotes":""},"categories":[2],"tags":[981,3,421],"ods":[],"class_list":["post-317767","post","type-post","status-publish","format-standard","hentry","category-noticias","tag-promocao-da-saude","tag-saude","tag-vacinacao"],"_links":{"self":[{"href":"https:\/\/jundiai.sp.gov.br\/noticias\/wp-json\/wp\/v2\/posts\/317767","targetHints":{"allow":["GET"]}}],"collection":[{"href":"https:\/\/jundiai.sp.gov.br\/noticias\/wp-json\/wp\/v2\/posts"}],"about":[{"href":"https:\/\/jundiai.sp.gov.br\/noticias\/wp-json\/wp\/v2\/types\/post"}],"author":[{"embeddable":true,"href":"https:\/\/jundiai.sp.gov.br\/noticias\/wp-json\/wp\/v2\/users\/100"}],"replies":[{"embeddable":true,"href":"https:\/\/jundiai.sp.gov.br\/noticias\/wp-json\/wp\/v2\/comments?post=317767"}],"version-history":[{"count":3,"href":"https:\/\/jundiai.sp.gov.br\/noticias\/wp-json\/wp\/v2\/posts\/317767\/revisions"}],"predecessor-version":[{"id":317773,"href":"https:\/\/jundiai.sp.gov.br\/noticias\/wp-json\/wp\/v2\/posts\/317767\/revisions\/317773"}],"wp:attachment":[{"href":"https:\/\/jundiai.sp.gov.br\/noticias\/wp-json\/wp\/v2\/media?parent=317767"}],"wp:term":[{"taxonomy":"category","embeddable":true,"href":"https:\/\/jundiai.sp.gov.br\/noticias\/wp-json\/wp\/v2\/categories?post=317767"},{"taxonomy":"post_tag","embeddable":true,"href":"https:\/\/jundiai.sp.gov.br\/noticias\/wp-json\/wp\/v2\/tags?post=317767"},{"taxonomy":"ods","embeddable":true,"href":"https:\/\/jundiai.sp.gov.br\/noticias\/wp-json\/wp\/v2\/ods?post=317767"}],"curies":[{"name":"wp","href":"https:\/\/api.w.org\/{rel}","templated":true}]}}