{"id":317864,"date":"2023-05-22T17:45:00","date_gmt":"2023-05-22T20:45:00","guid":{"rendered":"https:\/\/jundiai.sp.gov.br\/noticias\/?p=317864"},"modified":"2023-10-17T15:55:13","modified_gmt":"2023-10-17T18:55:13","slug":"governo-promove-reuniao-de-monitoramento-e-destaca-obras-do-canil-e-centro-de-especialidades","status":"publish","type":"post","link":"https:\/\/jundiai.sp.gov.br\/noticias\/2023\/05\/22\/governo-promove-reuniao-de-monitoramento-e-destaca-obras-do-canil-e-centro-de-especialidades\/","title":{"rendered":"Governo promove Reuni\u00e3o de Monitoramento e destaca obras do Canil e Centro de Especialidades"},"content":{"rendered":"\n<p>Nesta segunda-feira (22), o Gestor de Governo e Finan\u00e7as, Jos\u00e9 Antonio Parimoschi, conduziu a 23\u00aa Reuni\u00e3o de Monitoramento, acompanhado de gestores municipais, na Sala de Situa\u00e7\u00e3o do Pa\u00e7o Municipal. A reuni\u00e3o mensal tem como foco monitorar os avan\u00e7os dos projetos priorit\u00e1rios do Governo, de forma integrada entre as plataformas da gest\u00e3o.<\/p>\n\n\n\n<p>O principal projeto discutido foi o Canil da Guarda Municipal do Medeiros. As obras est\u00e3o evoluindo e a expectativa de conclus\u00e3o e entrega do equipamento \u00e9 at\u00e9 o final deste ano. Os investimentos s\u00e3o de R$ 4 milh\u00f5es, oriundo de recursos pr\u00f3prios. A nova sede ir\u00e1 ampliar o atendimento e a seguran\u00e7a p\u00fablica no vetor oeste da cidade. Outra obra comentada e que segue avan\u00e7ando, \u00e9 o Centro de Especialidades M\u00e9dicas e Diagn\u00f3sticos e Pronto Atendimento Vila Progresso.<\/p>\n\n\n\n<figure class=\"wp-block-image size-large\"><img loading=\"lazy\" decoding=\"async\" width=\"1280\" height=\"854\" src=\"https:\/\/jundiai.sp.gov.br\/noticias\/wp-content\/uploads\/sites\/32\/2023\/05\/reuniao-de-gestores-7-1280x854.jpg\" alt=\"\" class=\"wp-image-317865\" srcset=\"https:\/\/jundiai.sp.gov.br\/noticias\/wp-content\/uploads\/sites\/32\/2023\/05\/reuniao-de-gestores-7-1280x854.jpg 1280w, https:\/\/jundiai.sp.gov.br\/noticias\/wp-content\/uploads\/sites\/32\/2023\/05\/reuniao-de-gestores-7-300x200.jpg 300w, https:\/\/jundiai.sp.gov.br\/noticias\/wp-content\/uploads\/sites\/32\/2023\/05\/reuniao-de-gestores-7-768x512.jpg 768w, https:\/\/jundiai.sp.gov.br\/noticias\/wp-content\/uploads\/sites\/32\/2023\/05\/reuniao-de-gestores-7-1536x1024.jpg 1536w, https:\/\/jundiai.sp.gov.br\/noticias\/wp-content\/uploads\/sites\/32\/2023\/05\/reuniao-de-gestores-7-450x300.jpg 450w, https:\/\/jundiai.sp.gov.br\/noticias\/wp-content\/uploads\/sites\/32\/2023\/05\/reuniao-de-gestores-7.jpg 1900w\" sizes=\"auto, (max-width: 1280px) 100vw, 1280px\" \/><figcaption class=\"wp-element-caption\">Reuni\u00e3o de Monitoramento aconteceu na Sala de Situa\u00e7\u00e3o<\/figcaption><\/figure>\n\n\n\n<p>\u201cO monitoramento dos projetos \u00e9 uma pr\u00e1tica implementada desde o in\u00edcio da gest\u00e3o. O objetivo \u00e9 trazer mais efetividade na resolu\u00e7\u00e3o dos problemas, por meio de conversas intersetoriais, e realizar as entregas necess\u00e1rias que ir\u00e3o melhorar a qualidade do servi\u00e7o p\u00fablico para o cidad\u00e3o\u201d, afirma o Gestor de Governo e Finan\u00e7as, Jos\u00e9 Antonio Parimoschi.<\/p>\n\n\n\n<p>Na reuni\u00e3o desta segunda-feira, participaram o gestores e gerentes de projeto das Unidades de Gest\u00e3o de Promo\u00e7\u00e3o de Sa\u00fade (UGPS), Esporte e Lazer (UGEL), Educa\u00e7\u00e3o (UGE), Cultura (UGC), Seguran\u00e7a Municipal (UGSM), Assist\u00eancia e Desenvolvimento Social (UGADS) e Fumas.<\/p>\n\n\n\n<p><strong>Assessoria de Imprensa<br>Foto: Fot\u00f3grafo PMJ<\/strong><\/p>\n","protected":false},"excerpt":{"rendered":"<p>Nesta segunda-feira (22), o Gestor de Governo e Finan\u00e7as, Jos\u00e9 Antonio Parimoschi, conduziu a 23\u00aa Reuni\u00e3o de Monitoramento, acompanhado de gestores municipais, na Sala de Situa\u00e7\u00e3o do Pa\u00e7o Municipal. A reuni\u00e3o mensal tem como foco monitorar os avan\u00e7os dos projetos priorit\u00e1rios do Governo, de forma integrada entre as plataformas da gest\u00e3o. O principal projeto discutido [&hellip;]<\/p>\n","protected":false},"author":90,"featured_media":317865,"comment_status":"closed","ping_status":"closed","sticky":false,"template":"","format":"standard","meta":{"footnotes":""},"categories":[2],"tags":[983,2663,4290,2499],"ods":[],"class_list":["post-317864","post","type-post","status-publish","format-standard","has-post-thumbnail","hentry","category-noticias","tag-governo-e-financas","tag-reuniao-de-monitoramento","tag-uggf","tag-unidade-de-gestao-de-governo-e-financas-uggf"],"_links":{"self":[{"href":"https:\/\/jundiai.sp.gov.br\/noticias\/wp-json\/wp\/v2\/posts\/317864","targetHints":{"allow":["GET"]}}],"collection":[{"href":"https:\/\/jundiai.sp.gov.br\/noticias\/wp-json\/wp\/v2\/posts"}],"about":[{"href":"https:\/\/jundiai.sp.gov.br\/noticias\/wp-json\/wp\/v2\/types\/post"}],"author":[{"embeddable":true,"href":"https:\/\/jundiai.sp.gov.br\/noticias\/wp-json\/wp\/v2\/users\/90"}],"replies":[{"embeddable":true,"href":"https:\/\/jundiai.sp.gov.br\/noticias\/wp-json\/wp\/v2\/comments?post=317864"}],"version-history":[{"count":3,"href":"https:\/\/jundiai.sp.gov.br\/noticias\/wp-json\/wp\/v2\/posts\/317864\/revisions"}],"predecessor-version":[{"id":317876,"href":"https:\/\/jundiai.sp.gov.br\/noticias\/wp-json\/wp\/v2\/posts\/317864\/revisions\/317876"}],"wp:featuredmedia":[{"embeddable":true,"href":"https:\/\/jundiai.sp.gov.br\/noticias\/wp-json\/wp\/v2\/media\/317865"}],"wp:attachment":[{"href":"https:\/\/jundiai.sp.gov.br\/noticias\/wp-json\/wp\/v2\/media?parent=317864"}],"wp:term":[{"taxonomy":"category","embeddable":true,"href":"https:\/\/jundiai.sp.gov.br\/noticias\/wp-json\/wp\/v2\/categories?post=317864"},{"taxonomy":"post_tag","embeddable":true,"href":"https:\/\/jundiai.sp.gov.br\/noticias\/wp-json\/wp\/v2\/tags?post=317864"},{"taxonomy":"ods","embeddable":true,"href":"https:\/\/jundiai.sp.gov.br\/noticias\/wp-json\/wp\/v2\/ods?post=317864"}],"curies":[{"name":"wp","href":"https:\/\/api.w.org\/{rel}","templated":true}]}}