{"id":318036,"date":"2023-05-26T15:32:00","date_gmt":"2023-05-26T18:32:00","guid":{"rendered":"https:\/\/jundiai.sp.gov.br\/noticias\/?p=318036"},"modified":"2023-05-26T12:33:38","modified_gmt":"2023-05-26T15:33:38","slug":"semana-do-brincar-programa-crianca-feliz-realiza-atividades-em-varios-pontos-da-cidade","status":"publish","type":"post","link":"https:\/\/jundiai.sp.gov.br\/noticias\/2023\/05\/26\/semana-do-brincar-programa-crianca-feliz-realiza-atividades-em-varios-pontos-da-cidade\/","title":{"rendered":"Semana do Brincar: Programa Crian\u00e7a Feliz realiza atividades em v\u00e1rios pontos da cidade"},"content":{"rendered":"\n<p>Diversas atividades espalhadas por espa\u00e7os p\u00fablicos da cidade integraram a Semana Mundial do Brincar, que contou, novamente, com a ades\u00e3o da Prefeitura de Jundia\u00ed, por meio dos programas Cidade das Crian\u00e7as e Escola Inovadora. As a\u00e7\u00f5es no Mundo das Crian\u00e7as, Jardim Bot\u00e2nico, F\u00e1brica das Inf\u00e2ncias Japy e nos Centros de Refer\u00eancia de Assist\u00eancia Social (CRAS) proporcionaram divers\u00e3o e brincadeiras l\u00fadicas aos pequenos, ao longo desta semana. Outras atividades est\u00e3o agendadas para o final do m\u00eas. <\/p>\n\n\n\n<p>Na F\u00e1brica das Inf\u00e2ncias, 12 crian\u00e7as da regi\u00e3o do Jardim Novo Horizonte, inscritas no programa Crian\u00e7a Feliz, visitaram pela primeira vez o espa\u00e7o, na tarde da \u00faltima quarta-feira (24). A visita foi acompanhada por pais e respons\u00e1veis, al\u00e9m de visitadores. O programa Crian\u00e7a Feliz \u00e9 promovido pela Unidade de Assist\u00eancia e Desenvolvimento Social (UGADS) e atualmente conta com cerca de 500 fam\u00edlias.<\/p>\n\n\n\n<p>Os pequenos puderam brincar livremente e conhecer todos os ambientes. &#8220;A ideia, com o programa, \u00e9 trabalhar v\u00e1rios conceitos, como a autonomia da crian\u00e7a, o desenvolvimento, o v\u00ednculo familiar, a comunica\u00e7\u00e3o afetiva, al\u00e9m de mostrar para os pais os espa\u00e7os p\u00fablicos da cidade voltados \u00e0s crian\u00e7as&#8221;, lembrou a visitadora do programa, Valdete de Almeida Lucchini.<\/p>\n\n\n<div class=\"wp-block-image\">\n<figure class=\"aligncenter size-large\"><img loading=\"lazy\" decoding=\"async\" width=\"1280\" height=\"854\" src=\"https:\/\/jundiai.sp.gov.br\/noticias\/wp-content\/uploads\/sites\/32\/2023\/05\/semana_do_brincar_crianca_feliz_fabrica_das_infancias_pa13-2-1280x854.jpg\" alt=\"Mulher sorrindo em primeiro plano. Ao fundo, um menino olha para a c\u00e2mera e uma menina olha para baixo. \" class=\"wp-image-318039\" srcset=\"https:\/\/jundiai.sp.gov.br\/noticias\/wp-content\/uploads\/sites\/32\/2023\/05\/semana_do_brincar_crianca_feliz_fabrica_das_infancias_pa13-2-1280x854.jpg 1280w, https:\/\/jundiai.sp.gov.br\/noticias\/wp-content\/uploads\/sites\/32\/2023\/05\/semana_do_brincar_crianca_feliz_fabrica_das_infancias_pa13-2-300x200.jpg 300w, https:\/\/jundiai.sp.gov.br\/noticias\/wp-content\/uploads\/sites\/32\/2023\/05\/semana_do_brincar_crianca_feliz_fabrica_das_infancias_pa13-2-768x512.jpg 768w, https:\/\/jundiai.sp.gov.br\/noticias\/wp-content\/uploads\/sites\/32\/2023\/05\/semana_do_brincar_crianca_feliz_fabrica_das_infancias_pa13-2-1536x1024.jpg 1536w, https:\/\/jundiai.sp.gov.br\/noticias\/wp-content\/uploads\/sites\/32\/2023\/05\/semana_do_brincar_crianca_feliz_fabrica_das_infancias_pa13-2-450x300.jpg 450w, https:\/\/jundiai.sp.gov.br\/noticias\/wp-content\/uploads\/sites\/32\/2023\/05\/semana_do_brincar_crianca_feliz_fabrica_das_infancias_pa13-2.jpg 1900w\" sizes=\"auto, (max-width: 1280px) 100vw, 1280px\" \/><figcaption class=\"wp-element-caption\">A m\u00e3e, Maria Ang\u00e9lica, brincando com os filhos<\/figcaption><\/figure>\n<\/div>\n\n\n<p>A Maria Ang\u00e9lica gostou muito de participar da brincadeira com os filhos. &#8220;\u00c9 um ambiente seguro, e eles podem aproveitar v\u00e1rias brincadeiras livremente, al\u00e9m de fugir da rotina de casa e escola. \u00c9 um lugar que podemos ficar mais juntos&#8221;, disse.<\/p>\n\n\n\n<p>\u201cO nosso objetivo \u00e9 apoiar as fam\u00edlias na apropria\u00e7\u00e3o da cidade e dos espa\u00e7os p\u00fablicos e culturais, al\u00e9m de ampliar o repert\u00f3rio sociocultural da crian\u00e7a. A ideia \u00e9 acolher a comunidade, oferecer os servi\u00e7os e participar do desenvolvimento e evolu\u00e7\u00e3o dessas crian\u00e7as\u201d, comentou a gestora da Unidade de Assist\u00eancia e Desenvolvimento Social, Maria Brant.<\/p>\n\n\n\n<p>S\u00e3o convidadas a participar do Programa Crian\u00e7a Feliz, gestantes e fam\u00edlias com crian\u00e7as at\u00e9 3 anos, que recebem benef\u00edcios sociais e est\u00e3o referenciadas a partir das Unidades do CRAS \u2013 Central, Novo Horizonte, Santa Gertrudes, S\u00e3o Camilo, Tamoio e Vista Alegre.<\/p>\n\n\n\n<p>&#8220;No meu ponto de vista, essas a\u00e7\u00f5es aumentam muito o v\u00ednculo das crian\u00e7as com a fam\u00edlia. Ao mesmo tempo que eles se divertem, eles conhecem coisas novas\u201d, lembrou a Claudia Regina Ferreira de Souza, m\u00e3e de tr\u00eas crian\u00e7as &#8211; Alisson, Arthur e Anthony &#8211; que se divertiram muito durante toda a tarde.<\/p>\n\n\n\n<p>No dia 31 de maio, quando ser\u00e1 realizado o Dia do Desafio, tamb\u00e9m est\u00e3o previstas atividades em todos os CRAS, com Brincapoeira e Dan\u00e7as Populares.<\/p>\n\n\n<div class=\"wp-block-image\">\n<figure class=\"aligncenter size-large\"><img loading=\"lazy\" decoding=\"async\" width=\"1280\" height=\"854\" src=\"https:\/\/jundiai.sp.gov.br\/noticias\/wp-content\/uploads\/sites\/32\/2023\/05\/semana_do_brincar_crianca_feliz_fabrica_das_infancias_pa10-1280x854.jpg\" alt=\"Crian\u00e7as aparecem brincando com tecido acrob\u00e1tico.\" class=\"wp-image-318041\" srcset=\"https:\/\/jundiai.sp.gov.br\/noticias\/wp-content\/uploads\/sites\/32\/2023\/05\/semana_do_brincar_crianca_feliz_fabrica_das_infancias_pa10-1280x854.jpg 1280w, https:\/\/jundiai.sp.gov.br\/noticias\/wp-content\/uploads\/sites\/32\/2023\/05\/semana_do_brincar_crianca_feliz_fabrica_das_infancias_pa10-300x200.jpg 300w, https:\/\/jundiai.sp.gov.br\/noticias\/wp-content\/uploads\/sites\/32\/2023\/05\/semana_do_brincar_crianca_feliz_fabrica_das_infancias_pa10-768x512.jpg 768w, https:\/\/jundiai.sp.gov.br\/noticias\/wp-content\/uploads\/sites\/32\/2023\/05\/semana_do_brincar_crianca_feliz_fabrica_das_infancias_pa10-1536x1024.jpg 1536w, https:\/\/jundiai.sp.gov.br\/noticias\/wp-content\/uploads\/sites\/32\/2023\/05\/semana_do_brincar_crianca_feliz_fabrica_das_infancias_pa10-450x300.jpg 450w, https:\/\/jundiai.sp.gov.br\/noticias\/wp-content\/uploads\/sites\/32\/2023\/05\/semana_do_brincar_crianca_feliz_fabrica_das_infancias_pa10.jpg 1900w\" sizes=\"auto, (max-width: 1280px) 100vw, 1280px\" \/><figcaption class=\"wp-element-caption\">Crian\u00e7as aproveitaram todos os ambientes da F\u00e1brica das Inf\u00e2ncias Japy<\/figcaption><\/figure>\n<\/div>\n\n\n<p><strong>Assessoria de Imprensa<br>Fotos: Fot\u00f3grafos PMJ<\/strong><\/p>\n","protected":false},"excerpt":{"rendered":"<p>Diversas atividades espalhadas por espa\u00e7os p\u00fablicos da cidade integraram a Semana Mundial do Brincar, que contou, novamente, com a ades\u00e3o da Prefeitura de Jundia\u00ed, por meio dos programas Cidade das Crian\u00e7as e Escola Inovadora. As a\u00e7\u00f5es no Mundo das Crian\u00e7as, Jardim Bot\u00e2nico, F\u00e1brica das Inf\u00e2ncias Japy e nos Centros de Refer\u00eancia de Assist\u00eancia Social (CRAS) [&hellip;]<\/p>\n","protected":false},"author":100,"featured_media":318040,"comment_status":"closed","ping_status":"0","sticky":false,"template":"","format":"standard","meta":{"footnotes":""},"categories":[2],"tags":[980,1287,2251],"ods":[],"class_list":["post-318036","post","type-post","status-publish","format-standard","has-post-thumbnail","hentry","category-noticias","tag-assistencia-e-desenvolvimento-social","tag-crianca-feliz","tag-fabrica-das-infancias-japy"],"_links":{"self":[{"href":"https:\/\/jundiai.sp.gov.br\/noticias\/wp-json\/wp\/v2\/posts\/318036","targetHints":{"allow":["GET"]}}],"collection":[{"href":"https:\/\/jundiai.sp.gov.br\/noticias\/wp-json\/wp\/v2\/posts"}],"about":[{"href":"https:\/\/jundiai.sp.gov.br\/noticias\/wp-json\/wp\/v2\/types\/post"}],"author":[{"embeddable":true,"href":"https:\/\/jundiai.sp.gov.br\/noticias\/wp-json\/wp\/v2\/users\/100"}],"replies":[{"embeddable":true,"href":"https:\/\/jundiai.sp.gov.br\/noticias\/wp-json\/wp\/v2\/comments?post=318036"}],"version-history":[{"count":18,"href":"https:\/\/jundiai.sp.gov.br\/noticias\/wp-json\/wp\/v2\/posts\/318036\/revisions"}],"predecessor-version":[{"id":318284,"href":"https:\/\/jundiai.sp.gov.br\/noticias\/wp-json\/wp\/v2\/posts\/318036\/revisions\/318284"}],"wp:featuredmedia":[{"embeddable":true,"href":"https:\/\/jundiai.sp.gov.br\/noticias\/wp-json\/wp\/v2\/media\/318040"}],"wp:attachment":[{"href":"https:\/\/jundiai.sp.gov.br\/noticias\/wp-json\/wp\/v2\/media?parent=318036"}],"wp:term":[{"taxonomy":"category","embeddable":true,"href":"https:\/\/jundiai.sp.gov.br\/noticias\/wp-json\/wp\/v2\/categories?post=318036"},{"taxonomy":"post_tag","embeddable":true,"href":"https:\/\/jundiai.sp.gov.br\/noticias\/wp-json\/wp\/v2\/tags?post=318036"},{"taxonomy":"ods","embeddable":true,"href":"https:\/\/jundiai.sp.gov.br\/noticias\/wp-json\/wp\/v2\/ods?post=318036"}],"curies":[{"name":"wp","href":"https:\/\/api.w.org\/{rel}","templated":true}]}}