{"id":318301,"date":"2023-05-26T14:30:17","date_gmt":"2023-05-26T17:30:17","guid":{"rendered":"https:\/\/jundiai.sp.gov.br\/noticias\/?p=318301"},"modified":"2023-05-26T14:30:17","modified_gmt":"2023-05-26T17:30:17","slug":"cinco-pontos-ficam-abertos-sabado-para-vacinacao","status":"publish","type":"post","link":"https:\/\/jundiai.sp.gov.br\/noticias\/2023\/05\/26\/cinco-pontos-ficam-abertos-sabado-para-vacinacao\/","title":{"rendered":"Cinco pontos ficam abertos s\u00e1bado para vacina\u00e7\u00e3o"},"content":{"rendered":"\n<p>Jundia\u00ed prossegue com a campanha de vacina\u00e7\u00e3o neste s\u00e1bado (27), com postos espalhados pela cidade. <br>As doses contra Influenza (gripe), Covid-19 e as vacinas de rotina que integram o Calend\u00e1rio Nacional de Imuniza\u00e7\u00e3o ser\u00e3o disponibilizadas no Espa\u00e7o Jundia\u00ed Empreendedora (Maxi Shopping), das 11h \u00e0s 17h, e nas Unidades B\u00e1sicas de Sa\u00fade (UBSs) Pitangueiras (rua It\u00e1lia, 91) e Rio Branco (rua Manuel Bandeira, 190), al\u00e9m da Cl\u00ednica da Fam\u00edlia II Almerinda Chaves (rua Jos\u00e9 Ribeiro Barbosa, 20), das 8h \u00e0s 16h.<br><br>J\u00e1 na UBS Central, localizada na avenida Antonio Segre, 71, ser\u00e3o aplicadas as doses das vacinas contra Covid-19 e Influenza, das 8h \u00e0s 12h.<\/p>\n\n\n\n<figure class=\"wp-block-image size-large\"><img loading=\"lazy\" decoding=\"async\" width=\"1280\" height=\"854\" src=\"https:\/\/jundiai.sp.gov.br\/noticias\/wp-content\/uploads\/sites\/32\/2023\/02\/multivacinacao-jundiai-empreendedora-1280x854.jpg\" alt=\"\" class=\"wp-image-311148\" srcset=\"https:\/\/jundiai.sp.gov.br\/noticias\/wp-content\/uploads\/sites\/32\/2023\/02\/multivacinacao-jundiai-empreendedora-1280x854.jpg 1280w, https:\/\/jundiai.sp.gov.br\/noticias\/wp-content\/uploads\/sites\/32\/2023\/02\/multivacinacao-jundiai-empreendedora-300x200.jpg 300w, https:\/\/jundiai.sp.gov.br\/noticias\/wp-content\/uploads\/sites\/32\/2023\/02\/multivacinacao-jundiai-empreendedora-768x513.jpg 768w, https:\/\/jundiai.sp.gov.br\/noticias\/wp-content\/uploads\/sites\/32\/2023\/02\/multivacinacao-jundiai-empreendedora-1536x1025.jpg 1536w, https:\/\/jundiai.sp.gov.br\/noticias\/wp-content\/uploads\/sites\/32\/2023\/02\/multivacinacao-jundiai-empreendedora-450x300.jpg 450w, https:\/\/jundiai.sp.gov.br\/noticias\/wp-content\/uploads\/sites\/32\/2023\/02\/multivacinacao-jundiai-empreendedora.jpg 1900w\" sizes=\"auto, (max-width: 1280px) 100vw, 1280px\" \/><figcaption class=\"wp-element-caption\">A popula\u00e7\u00e3o poder\u00e1 atualizar a carteirinha em quatro pontos de vacina\u00e7\u00e3o<\/figcaption><\/figure>\n\n\n\n<p>No Munic\u00edpio, a vacina contra gripe est\u00e1 liberada para toda a popula\u00e7\u00e3o a partir dos seis meses de idade. <br>Contra a Covid-19, seguem sendo aplicadas as vacinas monovalentes para pessoas com 12 anos ou mais; a Pfizer Baby para crian\u00e7as com 6 meses a 4 anos (D1, D2 e D3); a Pfizer Pedi\u00e1trica para crian\u00e7as de 5 a 11 anos (D1, D2 e refor\u00e7o); e a Pfizer bivalente para o p\u00fablico a partir de 18 anos e que tenha recebido, no m\u00ednimo, duas doses da monovalente, sendo a \u00faltima dose h\u00e1, pelo menos, quatro meses.<br><br>Neste ano, o Minist\u00e9rio da Sa\u00fade novamente refor\u00e7ou que a vacina contra a Influenza pode ser aplicada junto a qualquer vacina da rotina e tamb\u00e9m com as doses contra o coronav\u00edrus.<\/p>\n\n\n\n<p><strong>Assessoria de Imprensa<br>Foto: Fot\u00f3grafos PMJ <\/strong><\/p>\n","protected":false},"excerpt":{"rendered":"<p>Jundia\u00ed prossegue com a campanha de vacina\u00e7\u00e3o neste s\u00e1bado (27), com postos espalhados pela cidade. As doses contra Influenza (gripe), Covid-19 e as vacinas de rotina que integram o Calend\u00e1rio Nacional de Imuniza\u00e7\u00e3o ser\u00e3o disponibilizadas no Espa\u00e7o Jundia\u00ed Empreendedora (Maxi Shopping), das 11h \u00e0s 17h, e nas Unidades B\u00e1sicas de Sa\u00fade (UBSs) Pitangueiras (rua It\u00e1lia, [&hellip;]<\/p>\n","protected":false},"author":50,"featured_media":297201,"comment_status":"closed","ping_status":"0","sticky":false,"template":"","format":"standard","meta":{"footnotes":""},"categories":[2],"tags":[1500,1879,981,1307,1880],"ods":[],"class_list":["post-318301","post","type-post","status-publish","format-standard","has-post-thumbnail","hentry","category-noticias","tag-coronavirus","tag-influenza","tag-promocao-da-saude","tag-ubs","tag-vacina-contra-gripe"],"_links":{"self":[{"href":"https:\/\/jundiai.sp.gov.br\/noticias\/wp-json\/wp\/v2\/posts\/318301","targetHints":{"allow":["GET"]}}],"collection":[{"href":"https:\/\/jundiai.sp.gov.br\/noticias\/wp-json\/wp\/v2\/posts"}],"about":[{"href":"https:\/\/jundiai.sp.gov.br\/noticias\/wp-json\/wp\/v2\/types\/post"}],"author":[{"embeddable":true,"href":"https:\/\/jundiai.sp.gov.br\/noticias\/wp-json\/wp\/v2\/users\/50"}],"replies":[{"embeddable":true,"href":"https:\/\/jundiai.sp.gov.br\/noticias\/wp-json\/wp\/v2\/comments?post=318301"}],"version-history":[{"count":5,"href":"https:\/\/jundiai.sp.gov.br\/noticias\/wp-json\/wp\/v2\/posts\/318301\/revisions"}],"predecessor-version":[{"id":318306,"href":"https:\/\/jundiai.sp.gov.br\/noticias\/wp-json\/wp\/v2\/posts\/318301\/revisions\/318306"}],"wp:featuredmedia":[{"embeddable":true,"href":"https:\/\/jundiai.sp.gov.br\/noticias\/wp-json\/wp\/v2\/media\/297201"}],"wp:attachment":[{"href":"https:\/\/jundiai.sp.gov.br\/noticias\/wp-json\/wp\/v2\/media?parent=318301"}],"wp:term":[{"taxonomy":"category","embeddable":true,"href":"https:\/\/jundiai.sp.gov.br\/noticias\/wp-json\/wp\/v2\/categories?post=318301"},{"taxonomy":"post_tag","embeddable":true,"href":"https:\/\/jundiai.sp.gov.br\/noticias\/wp-json\/wp\/v2\/tags?post=318301"},{"taxonomy":"ods","embeddable":true,"href":"https:\/\/jundiai.sp.gov.br\/noticias\/wp-json\/wp\/v2\/ods?post=318301"}],"curies":[{"name":"wp","href":"https:\/\/api.w.org\/{rel}","templated":true}]}}