{"id":318629,"date":"2023-05-31T10:16:58","date_gmt":"2023-05-31T13:16:58","guid":{"rendered":"https:\/\/jundiai.sp.gov.br\/noticias\/?p=318629"},"modified":"2023-05-31T10:16:58","modified_gmt":"2023-05-31T13:16:58","slug":"dae-renova-conjunto-de-paineis-para-bombeamento-da-represa","status":"publish","type":"post","link":"https:\/\/jundiai.sp.gov.br\/noticias\/2023\/05\/31\/dae-renova-conjunto-de-paineis-para-bombeamento-da-represa\/","title":{"rendered":"DAE renova conjunto de pain\u00e9is para bombeamento da represa"},"content":{"rendered":"\n<p>Sete novos pain\u00e9is de m\u00e9dia tens\u00e3o foram instalados pela equipe da Ger\u00eancia de Eletromec\u00e2nica e Opera\u00e7\u00f5es (GEO) da DAE Jundia\u00ed na Esta\u00e7\u00e3o Elevat\u00f3ria de Bruta do rio Jundia\u00ed Mirim, o Recalque. \u00c9 dali que \u00e9 bombeada 95% da \u00e1gua que abastece a cidade, que segue para ser tratada na Esta\u00e7\u00e3o de Tratamento de \u00c1gua do Anhangaba\u00fa (ETA-A).<\/p>\n\n\n\n<figure class=\"wp-block-gallery has-nested-images columns-default is-cropped wp-block-gallery-1 is-layout-flex wp-block-gallery-is-layout-flex\">\n<figure class=\"wp-block-image size-large\"><a href=\"https:\/\/jundiai.sp.gov.br\/noticias\/wp-content\/uploads\/sites\/32\/2023\/05\/novos_paineis_recalque-26-1.jpg\"><img loading=\"lazy\" decoding=\"async\" width=\"1280\" height=\"854\" data-id=\"318633\" src=\"https:\/\/jundiai.sp.gov.br\/noticias\/wp-content\/uploads\/sites\/32\/2023\/05\/novos_paineis_recalque-26-1-1280x854.jpg\" alt=\"\" class=\"wp-image-318633\" srcset=\"https:\/\/jundiai.sp.gov.br\/noticias\/wp-content\/uploads\/sites\/32\/2023\/05\/novos_paineis_recalque-26-1-1280x854.jpg 1280w, https:\/\/jundiai.sp.gov.br\/noticias\/wp-content\/uploads\/sites\/32\/2023\/05\/novos_paineis_recalque-26-1-300x200.jpg 300w, https:\/\/jundiai.sp.gov.br\/noticias\/wp-content\/uploads\/sites\/32\/2023\/05\/novos_paineis_recalque-26-1-768x512.jpg 768w, https:\/\/jundiai.sp.gov.br\/noticias\/wp-content\/uploads\/sites\/32\/2023\/05\/novos_paineis_recalque-26-1-1536x1024.jpg 1536w, https:\/\/jundiai.sp.gov.br\/noticias\/wp-content\/uploads\/sites\/32\/2023\/05\/novos_paineis_recalque-26-1-450x300.jpg 450w, https:\/\/jundiai.sp.gov.br\/noticias\/wp-content\/uploads\/sites\/32\/2023\/05\/novos_paineis_recalque-26-1.jpg 1900w\" sizes=\"auto, (max-width: 1280px) 100vw, 1280px\" \/><\/a><figcaption class=\"wp-element-caption\">O assessor Vin\u00edcius Mamede foi o respons\u00e1vel pelo projeto: &#8220;Ganhamos seguran\u00e7a&#8221;<\/figcaption><\/figure>\n\n\n\n<figure class=\"wp-block-image size-large\"><a href=\"https:\/\/jundiai.sp.gov.br\/noticias\/wp-content\/uploads\/sites\/32\/2023\/05\/novos_paineis_recalque-96-1.jpg\"><img loading=\"lazy\" decoding=\"async\" width=\"1280\" height=\"960\" data-id=\"318635\" src=\"https:\/\/jundiai.sp.gov.br\/noticias\/wp-content\/uploads\/sites\/32\/2023\/05\/novos_paineis_recalque-96-1-1280x960.jpg\" alt=\"\" class=\"wp-image-318635\" srcset=\"https:\/\/jundiai.sp.gov.br\/noticias\/wp-content\/uploads\/sites\/32\/2023\/05\/novos_paineis_recalque-96-1-1280x960.jpg 1280w, https:\/\/jundiai.sp.gov.br\/noticias\/wp-content\/uploads\/sites\/32\/2023\/05\/novos_paineis_recalque-96-1-300x225.jpg 300w, https:\/\/jundiai.sp.gov.br\/noticias\/wp-content\/uploads\/sites\/32\/2023\/05\/novos_paineis_recalque-96-1-768x576.jpg 768w, https:\/\/jundiai.sp.gov.br\/noticias\/wp-content\/uploads\/sites\/32\/2023\/05\/novos_paineis_recalque-96-1-1536x1152.jpg 1536w, https:\/\/jundiai.sp.gov.br\/noticias\/wp-content\/uploads\/sites\/32\/2023\/05\/novos_paineis_recalque-96-1.jpg 1900w\" sizes=\"auto, (max-width: 1280px) 100vw, 1280px\" \/><\/a><figcaption class=\"wp-element-caption\">S\u00e3o sete novos pain\u00e9is de m\u00e9dia tens\u00e3o, que acionam as seis bombas da esta\u00e7\u00e3o<\/figcaption><\/figure>\n<\/figure>\n\n\n\n<p>O objetivo foi a moderniza\u00e7\u00e3o do sistema de acionamento das bombas, essenciais para o abastecimento, garantindo mais seguran\u00e7a e confiabilidade na opera\u00e7\u00e3o. O investimento foi de R$ 4,2 milh\u00f5es.<\/p>\n\n\n\n<p>O sistema \u00e9 composto por um painel de distribui\u00e7\u00e3o, respons\u00e1vel por alimentar seis pain\u00e9is de acionamento (softstarters) que, por sua vez, acionam de forma independente as seis bombas da esta\u00e7\u00e3o. \u201cAnteriormente, us\u00e1vamos um sistema de acionamento por chave compensadora, tecnologia obsoleta para os dias atuais e que, em fun\u00e7\u00e3o do tempo de opera\u00e7\u00e3o, passou a exigir frequentes manuten\u00e7\u00f5es. Com a chegada dos pain\u00e9is, ganhamos mais seguran\u00e7a nas instala\u00e7\u00f5es el\u00e9tricas e na opera\u00e7\u00e3o das bombas\u201d, detalha o assessor de Pol\u00edticas de Saneamento Vin\u00edcius Mamede, respons\u00e1vel pelo projeto.<\/p>\n\n\n\n<p>Segundo ele, cada painel conta com rel\u00e9s de prote\u00e7\u00e3o mais atuais, que garantem mais efici\u00eancia \u00e0 prote\u00e7\u00e3o el\u00e9trica do sistema, possibilitando o monitoramento remoto em caso de qualquer eventualidade, como uma sobrecarga.<\/p>\n\n\n\n<p>\u201cTodos os novos equipamentos s\u00e3o conectados em rede e monitorados por sistema via internet, de forma adicional \u00e0 Telemetria da DAE. Isso permite que haja um melhor suporte t\u00e9cnico quando necess\u00e1rio\u201d, complementa.<\/p>\n\n\n\n<p><strong>Garantia de \u00e1gua<\/strong><\/p>\n\n\n\n<figure class=\"wp-block-gallery has-nested-images columns-default is-cropped wp-block-gallery-2 is-layout-flex wp-block-gallery-is-layout-flex\">\n<figure class=\"wp-block-image size-large\"><a href=\"https:\/\/jundiai.sp.gov.br\/noticias\/wp-content\/uploads\/sites\/32\/2023\/05\/novos_paineis_recalque-131.jpg\"><img loading=\"lazy\" decoding=\"async\" width=\"1280\" height=\"960\" data-id=\"318636\" src=\"https:\/\/jundiai.sp.gov.br\/noticias\/wp-content\/uploads\/sites\/32\/2023\/05\/novos_paineis_recalque-131-1280x960.jpg\" alt=\"\" class=\"wp-image-318636\" srcset=\"https:\/\/jundiai.sp.gov.br\/noticias\/wp-content\/uploads\/sites\/32\/2023\/05\/novos_paineis_recalque-131-1280x960.jpg 1280w, https:\/\/jundiai.sp.gov.br\/noticias\/wp-content\/uploads\/sites\/32\/2023\/05\/novos_paineis_recalque-131-300x225.jpg 300w, https:\/\/jundiai.sp.gov.br\/noticias\/wp-content\/uploads\/sites\/32\/2023\/05\/novos_paineis_recalque-131-768x576.jpg 768w, https:\/\/jundiai.sp.gov.br\/noticias\/wp-content\/uploads\/sites\/32\/2023\/05\/novos_paineis_recalque-131-1536x1152.jpg 1536w, https:\/\/jundiai.sp.gov.br\/noticias\/wp-content\/uploads\/sites\/32\/2023\/05\/novos_paineis_recalque-131.jpg 1900w\" sizes=\"auto, (max-width: 1280px) 100vw, 1280px\" \/><\/a><figcaption class=\"wp-element-caption\">Leandro Ferro, gerente de Eletromec\u00e2nica e Opera\u00e7\u00f5es, mostra melhorias na Casa de Bombas<\/figcaption><\/figure>\n\n\n\n<figure class=\"wp-block-image size-large\"><a href=\"https:\/\/jundiai.sp.gov.br\/noticias\/wp-content\/uploads\/sites\/32\/2023\/05\/novos_paineis_recalque-61-1.jpg\"><img loading=\"lazy\" decoding=\"async\" width=\"1280\" height=\"854\" data-id=\"318637\" src=\"https:\/\/jundiai.sp.gov.br\/noticias\/wp-content\/uploads\/sites\/32\/2023\/05\/novos_paineis_recalque-61-1-1280x854.jpg\" alt=\"\" class=\"wp-image-318637\" srcset=\"https:\/\/jundiai.sp.gov.br\/noticias\/wp-content\/uploads\/sites\/32\/2023\/05\/novos_paineis_recalque-61-1-1280x854.jpg 1280w, https:\/\/jundiai.sp.gov.br\/noticias\/wp-content\/uploads\/sites\/32\/2023\/05\/novos_paineis_recalque-61-1-300x200.jpg 300w, https:\/\/jundiai.sp.gov.br\/noticias\/wp-content\/uploads\/sites\/32\/2023\/05\/novos_paineis_recalque-61-1-768x512.jpg 768w, https:\/\/jundiai.sp.gov.br\/noticias\/wp-content\/uploads\/sites\/32\/2023\/05\/novos_paineis_recalque-61-1-1536x1024.jpg 1536w, https:\/\/jundiai.sp.gov.br\/noticias\/wp-content\/uploads\/sites\/32\/2023\/05\/novos_paineis_recalque-61-1-450x300.jpg 450w, https:\/\/jundiai.sp.gov.br\/noticias\/wp-content\/uploads\/sites\/32\/2023\/05\/novos_paineis_recalque-61-1.jpg 1900w\" sizes=\"auto, (max-width: 1280px) 100vw, 1280px\" \/><\/a><figcaption class=\"wp-element-caption\">\u00c9 do Recalque que sai 95% da \u00e1gua que abastece a cidade, rumo \u00e0 ETA Anhangaba\u00fa<\/figcaption><\/figure>\n<\/figure>\n\n\n\n<p>Desde a elabora\u00e7\u00e3o do projeto at\u00e9 a conclus\u00e3o da obra, foram quatro anos. O gerente de Eletromec\u00e2nica e Opera\u00e7\u00f5es da DAE, Leandro Ferro, conta que a implanta\u00e7\u00e3o exigiu cautela no planejamento e na execu\u00e7\u00e3o das etapas da obra, pois n\u00e3o seria poss\u00edvel interromper o bombeamento.<\/p>\n\n\n\n<p>\u201cAl\u00e9m dos pain\u00e9is, cada uma das seis bombas ganhou infraestrutura el\u00e9trica independente, instalada de forma a\u00e9rea, garantindo mais seguran\u00e7a e prote\u00e7\u00e3o dos cabos alimentadores das bombas\u201d, conta.<\/p>\n\n\n\n<p>Segundo ele, tamb\u00e9m foi realizada a instala\u00e7\u00e3o de novos para-raios para os pr\u00e9dios que comp\u00f5em a unidade e houve a substitui\u00e7\u00e3o do painel de comando da Telemetria. \u201cTudo planejado para que a opera\u00e7\u00e3o do abastecimento n\u00e3o fosse afetada\u201d, refor\u00e7a.<\/p>\n\n\n\n<p>Todos os equipamentos s\u00e3o monitorados pelo Centro Operacional da DAE, que funciona 24 horas por dia, de forma ininterrupta. <\/p>\n\n\n\n<p><strong>Assessoria de Comunica\u00e7\u00e3o &#8211; DAE Jundia\u00ed<\/strong><\/p>\n\n\n\n<p><strong>Fotos: DAE Jundia\u00ed<\/strong><\/p>\n","protected":false},"excerpt":{"rendered":"<p>Sete novos pain\u00e9is de m\u00e9dia tens\u00e3o foram instalados pela equipe da Ger\u00eancia de Eletromec\u00e2nica e Opera\u00e7\u00f5es (GEO) da DAE Jundia\u00ed na Esta\u00e7\u00e3o Elevat\u00f3ria de Bruta do rio Jundia\u00ed Mirim, o Recalque. \u00c9 dali que \u00e9 bombeada 95% da \u00e1gua que abastece a cidade, que segue para ser tratada na Esta\u00e7\u00e3o de Tratamento de \u00c1gua do [&hellip;]<\/p>\n","protected":false},"author":51,"featured_media":318640,"comment_status":"closed","ping_status":"0","sticky":false,"template":"","format":"standard","meta":{"footnotes":""},"categories":[2],"tags":[3169,1940,3993,3938,3994],"ods":[],"class_list":["post-318629","post","type-post","status-publish","format-standard","has-post-thumbnail","hentry","category-noticias","tag-abastecimento","tag-dae-jundiai","tag-recalque","tag-represa","tag-rio-jundiai-mirim"],"_links":{"self":[{"href":"https:\/\/jundiai.sp.gov.br\/noticias\/wp-json\/wp\/v2\/posts\/318629","targetHints":{"allow":["GET"]}}],"collection":[{"href":"https:\/\/jundiai.sp.gov.br\/noticias\/wp-json\/wp\/v2\/posts"}],"about":[{"href":"https:\/\/jundiai.sp.gov.br\/noticias\/wp-json\/wp\/v2\/types\/post"}],"author":[{"embeddable":true,"href":"https:\/\/jundiai.sp.gov.br\/noticias\/wp-json\/wp\/v2\/users\/51"}],"replies":[{"embeddable":true,"href":"https:\/\/jundiai.sp.gov.br\/noticias\/wp-json\/wp\/v2\/comments?post=318629"}],"version-history":[{"count":2,"href":"https:\/\/jundiai.sp.gov.br\/noticias\/wp-json\/wp\/v2\/posts\/318629\/revisions"}],"predecessor-version":[{"id":318641,"href":"https:\/\/jundiai.sp.gov.br\/noticias\/wp-json\/wp\/v2\/posts\/318629\/revisions\/318641"}],"wp:featuredmedia":[{"embeddable":true,"href":"https:\/\/jundiai.sp.gov.br\/noticias\/wp-json\/wp\/v2\/media\/318640"}],"wp:attachment":[{"href":"https:\/\/jundiai.sp.gov.br\/noticias\/wp-json\/wp\/v2\/media?parent=318629"}],"wp:term":[{"taxonomy":"category","embeddable":true,"href":"https:\/\/jundiai.sp.gov.br\/noticias\/wp-json\/wp\/v2\/categories?post=318629"},{"taxonomy":"post_tag","embeddable":true,"href":"https:\/\/jundiai.sp.gov.br\/noticias\/wp-json\/wp\/v2\/tags?post=318629"},{"taxonomy":"ods","embeddable":true,"href":"https:\/\/jundiai.sp.gov.br\/noticias\/wp-json\/wp\/v2\/ods?post=318629"}],"curies":[{"name":"wp","href":"https:\/\/api.w.org\/{rel}","templated":true}]}}