{"id":318692,"date":"2023-05-31T15:00:32","date_gmt":"2023-05-31T18:00:32","guid":{"rendered":"https:\/\/jundiai.sp.gov.br\/noticias\/?p=318692"},"modified":"2023-05-31T15:08:20","modified_gmt":"2023-05-31T18:08:20","slug":"jundiai-da-inicio-aos-encontros-formativos-para-a-rede-brasileira-de-cidades-das-criancas","status":"publish","type":"post","link":"https:\/\/jundiai.sp.gov.br\/noticias\/2023\/05\/31\/jundiai-da-inicio-aos-encontros-formativos-para-a-rede-brasileira-de-cidades-das-criancas\/","title":{"rendered":"Jundia\u00ed d\u00e1 in\u00edcio aos encontros formativos para a Rede Brasileira de Cidades das Crian\u00e7as"},"content":{"rendered":"\n<p>A Prefeitura de Jundia\u00ed iniciou a s\u00e9rie de encontros formativos para os representantes dos Munic\u00edpios que j\u00e1 aderiram ou que se encontram em processo de ades\u00e3o \u00e0 Rede Brasileira de Cidades das Crian\u00e7as.<\/p>\n\n\n\n<p>Institu\u00edda em mar\u00e7o deste ano, pelo idealizador da iniciativa, o pedagogo italiano Francesco Tonucci durante o Encontro internacional promovido pelo Munic\u00edpio, a Rede j\u00e1 conta com 12 integrantes, <a href=\"https:\/\/jundiai.sp.gov.br\/noticias\/2023\/03\/19\/jundiai-e-anunciada-como-sede-da-rede-brasileira-das-cidades-das-criancas\/\">tendo o Jundia\u00ed como sede, e, portanto, respons\u00e1vel pela forma\u00e7\u00e3o dos novos integrantes<\/a>.<\/p>\n\n\n\n<p>\u201cA forma\u00e7\u00e3o inicial \u00e9 composta de seis encontros on-line. No primeiro deles, fizemos uma reuni\u00e3o de trabalho, para apresenta\u00e7\u00e3o da proposta e de seus pontos focais. Na sequ\u00eancia, v\u00eam os quatro encontros formativos, quando apresentamos v\u00eddeos em que o Tonucci trata de temas e dialogamos a respeito. O primeiro deles foi sobre o conceito de \u2018Cidade das Crian\u00e7as\u2019 e a Conven\u00e7\u00e3o sobre os Direitos da Crian\u00e7a. E por fim, a \u00faltima reuni\u00e3o desta etapa ser\u00e1 com a participa\u00e7\u00e3o ao vivo do Tonucci, acompanhado da Lorena Morachimo, que \u00e9 coordenadora das redes\u201d, explica o gestor de Cultura, Marcelo Peroni, que \u00e9 o mediador dessas atividades.<\/p>\n\n\n\n<figure class=\"wp-block-image size-full\"><img loading=\"lazy\" decoding=\"async\" width=\"1207\" height=\"740\" src=\"https:\/\/jundiai.sp.gov.br\/noticias\/wp-content\/uploads\/sites\/32\/2023\/05\/zoom_meeting_formacao_rede_brasileira_de_cidades_das_criancas.png\" alt=\"\" class=\"wp-image-318707\"\/><figcaption class=\"wp-element-caption\">Nesta etapa da forma\u00e7\u00e3o, grupo re\u00fane-se em plataforma digital para exibi\u00e7\u00e3o de v\u00eddeo e media\u00e7\u00e3o <\/figcaption><\/figure>\n\n\n\n<p>J\u00e1 fazem parte da Rede, al\u00e9m de Jundia\u00ed, os seguintes Munic\u00edpios: Benevides (PA); Boa Vista (RR); Brasileia (AC); Fortaleza e Sobral (CE); Itupeva, Jarinu e Mococa (SP); Os\u00f3rio e Pelotas (RS).<\/p>\n\n\n\n<p>J\u00e1 em fase de ades\u00e3o encontram-se os seguintes Munic\u00edpios paulistas: Campinas, Ilha Comprida, Itu, Louveira, Mogi das Cruzes, Pen\u00e1polis, Rio Claro e Sorocaba.<\/p>\n\n\n\n<p>Representante de Pelotas na forma\u00e7\u00e3o, a secret\u00e1ria de Gest\u00e3o da Cidade e Mobilidade Urbana, Carmem Roig, explica o percurso j\u00e1 tra\u00e7ado pelo Munic\u00edpio ga\u00facho e as expectativas com a forma\u00e7\u00e3o.<\/p>\n\n\n\n<p>\u201cEm 2017, Pelotas implantou, durante a administra\u00e7\u00e3o da prefeita Paula Mascarenhas, a pol\u00edtica p\u00fablica para preven\u00e7\u00e3o da viol\u00eancia \u2018Pacto Pelotas pela Paz\u2019 e, por conta dessa prioriza\u00e7\u00e3o pela Primeira Inf\u00e2ncia, em 2020, o Munic\u00edpio foi convidado a integrar a Rede Urban95. Hoje, a ades\u00e3o a mais esta Rede demonstra a continuidade deste foco no desenvolvimento infantil e o comprometimento com a\u00e7\u00f5es para tornar a cidade mais estimulante, l\u00fadica e segura para as crian\u00e7as. Enquanto arquiteta e urbanista, e servidora municipal, creio que pensar a cidade pelo olhar e desejos das crian\u00e7as \u00e9 verdadeiramente revolucion\u00e1rio. E este conceito tem sido o norte para o desenvolvimento de planos e projetos de qualifica\u00e7\u00e3o dos espa\u00e7os urbanos, destacando ainda o exemplo de Jundia\u00ed nesse \u00e2mbito, motivo de inspira\u00e7\u00e3o e aprendizado constante para n\u00f3s de Pelotas\u201d, destacou Carmem.<\/p>\n\n\n\n<figure class=\"wp-block-image size-full\"><img loading=\"lazy\" decoding=\"async\" width=\"1304\" height=\"1058\" src=\"https:\/\/jundiai.sp.gov.br\/noticias\/wp-content\/uploads\/sites\/32\/2023\/05\/prefeito_recebe_francesco_tonucci_gabinete_pa_1.jpg\" alt=\"\" class=\"wp-image-318710\"\/><figcaption class=\"wp-element-caption\">Jundia\u00ed foi definida como sede da Rede Brasileira, criada durante o <a href=\"https:\/\/cidadedascriancas.jundiai.sp.gov.br\/encontro-brasileiro-cidades-das-criancas-e-forum-internacional-das-infancias\/\" target=\"_blank\" rel=\"noreferrer noopener\">Encontro promovido pelo Munic\u00edpio em mar\u00e7o deste ano<\/a><\/figcaption><\/figure>\n\n\n\n<p><strong>Assessoria de Imprensa<br>Fotos: Divulga\u00e7\u00e3o e Arquivo PMJ<\/strong><\/p>\n","protected":false},"excerpt":{"rendered":"<p>A Prefeitura de Jundia\u00ed iniciou a s\u00e9rie de encontros formativos para os representantes dos Munic\u00edpios que j\u00e1 aderiram ou que se encontram em processo de ades\u00e3o \u00e0 Rede Brasileira de Cidades das Crian\u00e7as. Institu\u00edda em mar\u00e7o deste ano, pelo idealizador da iniciativa, o pedagogo italiano Francesco Tonucci durante o Encontro internacional promovido pelo Munic\u00edpio, a [&hellip;]<\/p>\n","protected":false},"author":14,"featured_media":318716,"comment_status":"closed","ping_status":"0","sticky":false,"template":"","format":"standard","meta":{"footnotes":""},"categories":[2],"tags":[1154,29,3863],"ods":[],"class_list":["post-318692","post","type-post","status-publish","format-standard","has-post-thumbnail","hentry","category-noticias","tag-cidade-das-criancas","tag-cultura","tag-rede-brasileira-de-cidades-das-criancas"],"_links":{"self":[{"href":"https:\/\/jundiai.sp.gov.br\/noticias\/wp-json\/wp\/v2\/posts\/318692","targetHints":{"allow":["GET"]}}],"collection":[{"href":"https:\/\/jundiai.sp.gov.br\/noticias\/wp-json\/wp\/v2\/posts"}],"about":[{"href":"https:\/\/jundiai.sp.gov.br\/noticias\/wp-json\/wp\/v2\/types\/post"}],"author":[{"embeddable":true,"href":"https:\/\/jundiai.sp.gov.br\/noticias\/wp-json\/wp\/v2\/users\/14"}],"replies":[{"embeddable":true,"href":"https:\/\/jundiai.sp.gov.br\/noticias\/wp-json\/wp\/v2\/comments?post=318692"}],"version-history":[{"count":3,"href":"https:\/\/jundiai.sp.gov.br\/noticias\/wp-json\/wp\/v2\/posts\/318692\/revisions"}],"predecessor-version":[{"id":318711,"href":"https:\/\/jundiai.sp.gov.br\/noticias\/wp-json\/wp\/v2\/posts\/318692\/revisions\/318711"}],"wp:featuredmedia":[{"embeddable":true,"href":"https:\/\/jundiai.sp.gov.br\/noticias\/wp-json\/wp\/v2\/media\/318716"}],"wp:attachment":[{"href":"https:\/\/jundiai.sp.gov.br\/noticias\/wp-json\/wp\/v2\/media?parent=318692"}],"wp:term":[{"taxonomy":"category","embeddable":true,"href":"https:\/\/jundiai.sp.gov.br\/noticias\/wp-json\/wp\/v2\/categories?post=318692"},{"taxonomy":"post_tag","embeddable":true,"href":"https:\/\/jundiai.sp.gov.br\/noticias\/wp-json\/wp\/v2\/tags?post=318692"},{"taxonomy":"ods","embeddable":true,"href":"https:\/\/jundiai.sp.gov.br\/noticias\/wp-json\/wp\/v2\/ods?post=318692"}],"curies":[{"name":"wp","href":"https:\/\/api.w.org\/{rel}","templated":true}]}}