{"id":318957,"date":"2023-06-02T17:38:44","date_gmt":"2023-06-02T20:38:44","guid":{"rendered":"https:\/\/jundiai.sp.gov.br\/noticias\/?p=318957"},"modified":"2023-06-02T17:38:44","modified_gmt":"2023-06-02T20:38:44","slug":"conselho-de-politica-sobre-drogas-vai-eleger-membros-da-sociedade-civil","status":"publish","type":"post","link":"https:\/\/jundiai.sp.gov.br\/noticias\/2023\/06\/02\/conselho-de-politica-sobre-drogas-vai-eleger-membros-da-sociedade-civil\/","title":{"rendered":"Conselho de Pol\u00edtica sobre Drogas vai eleger membros da sociedade civil"},"content":{"rendered":"\n<p>O Conselho Municipal de Pol\u00edticas Sobre Drogas (COMAD), que est\u00e1 ligado \u00e0 Unidade de Gest\u00e3o da Casa Civil (UGCC), est\u00e1 com inscri\u00e7\u00f5es abertas para o processo eleitoral de oito membros da sociedade civil, para o bi\u00eanio 2023\/2025. As inscri\u00e7\u00f5es se estendem at\u00e9 o dia 11 de junho e devem ser feitas pela internet, por meio do e-mail <strong>comad@jundiai.sp.gov.br<\/strong>.<\/p>\n\n\n\n<p>No ato da inscri\u00e7\u00e3o, os candidatos dever\u00e3o apresentar os seguintes documentos: comprovante de resid\u00eancia no nome do candidato, ou propriet\u00e1rio do im\u00f3vel que resida na condi\u00e7\u00e3o de locat\u00e1rio, apresentando, neste caso, documento que comprove tal condi\u00e7\u00e3o; C\u00f3pia do RG ou Carteira Nacional de Habilita\u00e7\u00e3o; e o Formul\u00e1rio de Inscri\u00e7\u00e3o presente no Anexo II do Edital (que pode ser acessado <a rel=\"noreferrer noopener\" href=\"https:\/\/imprensaoficial.jundiai.sp.gov.br\/edicao-5272\/\" data-type=\"URL\" data-id=\"https:\/\/imprensaoficial.jundiai.sp.gov.br\/edicao-5272\/\" target=\"_blank\">clicando aqui<\/a>). Vale dizer que, para estar apto a votar, tamb\u00e9m \u00e9 necess\u00e1rio preencher o Formul\u00e1rio.<\/p>\n\n\n\n<figure class=\"wp-block-image size-large\"><img loading=\"lazy\" decoding=\"async\" width=\"1280\" height=\"658\" src=\"https:\/\/jundiai.sp.gov.br\/noticias\/wp-content\/uploads\/sites\/32\/2023\/06\/palestra_comad_prevencao_alcool_drogas_biblioteca_municipal-30-1280x658.jpg\" alt=\"\" class=\"wp-image-319009\" srcset=\"https:\/\/jundiai.sp.gov.br\/noticias\/wp-content\/uploads\/sites\/32\/2023\/06\/palestra_comad_prevencao_alcool_drogas_biblioteca_municipal-30-1280x658.jpg 1280w, https:\/\/jundiai.sp.gov.br\/noticias\/wp-content\/uploads\/sites\/32\/2023\/06\/palestra_comad_prevencao_alcool_drogas_biblioteca_municipal-30-300x154.jpg 300w, https:\/\/jundiai.sp.gov.br\/noticias\/wp-content\/uploads\/sites\/32\/2023\/06\/palestra_comad_prevencao_alcool_drogas_biblioteca_municipal-30-768x395.jpg 768w, https:\/\/jundiai.sp.gov.br\/noticias\/wp-content\/uploads\/sites\/32\/2023\/06\/palestra_comad_prevencao_alcool_drogas_biblioteca_municipal-30.jpg 1323w\" sizes=\"auto, (max-width: 1280px) 100vw, 1280px\" \/><figcaption class=\"wp-element-caption\">Atividades para desenvolvimento de pol\u00edticas p\u00fablicas \u00e9 uma das atribui\u00e7\u00f5es dos novos eleitos<\/figcaption><\/figure>\n\n\n\n<p>Algumas das atribui\u00e7\u00f5es dos eleitos ser\u00e3o o aux\u00edlio na elabora\u00e7\u00e3o de pol\u00edticas sobre drogas; propor pol\u00edticas p\u00fablicas que permitam a integra\u00e7\u00e3o e a participa\u00e7\u00e3o do usu\u00e1rio ou dependente de drogas no processo social, econ\u00f4mico, pol\u00edtico e cultural; participar do Desenvolvimento do Programa Municipal de Pol\u00edtica Sobre Drogas; entre outras.<\/p>\n\n\n\n<p>\u201cA participa\u00e7\u00e3o da sociedade civil na discuss\u00e3o e elabora\u00e7\u00e3o de pol\u00edticas p\u00fablicas \u00e9 fundamental para que sejamos assertivos no cuidado e atendimento ao cidad\u00e3o. Somar for\u00e7as \u00e9 fundamental para combater esse mal da sociedade, que \u00e9 o uso de \u00e1lcool e drogas\u201d, afirma o Gestor da Casa Civil, Dr. Gustavo Maryssael.<\/p>\n\n\n\n<p>As informa\u00e7\u00f5es completas sobre o pleito est\u00e3o dispon\u00edveis no <a href=\"https:\/\/imprensaoficial.jundiai.sp.gov.br\/edicao-5272\/\" data-type=\"URL\" data-id=\"https:\/\/imprensaoficial.jundiai.sp.gov.br\/edicao-5272\/\" target=\"_blank\" rel=\"noreferrer noopener\">Edital<\/a>.<\/p>\n\n\n\n<p><strong>Assessoria de Imprensa<br>Foto: Fot\u00f3grafo PMJ<\/strong><\/p>\n","protected":false},"excerpt":{"rendered":"<p>O Conselho Municipal de Pol\u00edticas Sobre Drogas (COMAD), que est\u00e1 ligado \u00e0 Unidade de Gest\u00e3o da Casa Civil (UGCC), est\u00e1 com inscri\u00e7\u00f5es abertas para o processo eleitoral de oito membros da sociedade civil, para o bi\u00eanio 2023\/2025. As inscri\u00e7\u00f5es se estendem at\u00e9 o dia 11 de junho e devem ser feitas pela internet, por meio [&hellip;]<\/p>\n","protected":false},"author":90,"featured_media":319009,"comment_status":"closed","ping_status":"0","sticky":false,"template":"","format":"standard","meta":{"footnotes":""},"categories":[2],"tags":[3546,4001,1357],"ods":[],"class_list":["post-318957","post","type-post","status-publish","format-standard","has-post-thumbnail","hentry","category-noticias","tag-comad","tag-conselho-de-politica-sobre-drogas","tag-unidade-de-gestao-da-casa-civil-ugcc"],"_links":{"self":[{"href":"https:\/\/jundiai.sp.gov.br\/noticias\/wp-json\/wp\/v2\/posts\/318957","targetHints":{"allow":["GET"]}}],"collection":[{"href":"https:\/\/jundiai.sp.gov.br\/noticias\/wp-json\/wp\/v2\/posts"}],"about":[{"href":"https:\/\/jundiai.sp.gov.br\/noticias\/wp-json\/wp\/v2\/types\/post"}],"author":[{"embeddable":true,"href":"https:\/\/jundiai.sp.gov.br\/noticias\/wp-json\/wp\/v2\/users\/90"}],"replies":[{"embeddable":true,"href":"https:\/\/jundiai.sp.gov.br\/noticias\/wp-json\/wp\/v2\/comments?post=318957"}],"version-history":[{"count":3,"href":"https:\/\/jundiai.sp.gov.br\/noticias\/wp-json\/wp\/v2\/posts\/318957\/revisions"}],"predecessor-version":[{"id":319018,"href":"https:\/\/jundiai.sp.gov.br\/noticias\/wp-json\/wp\/v2\/posts\/318957\/revisions\/319018"}],"wp:featuredmedia":[{"embeddable":true,"href":"https:\/\/jundiai.sp.gov.br\/noticias\/wp-json\/wp\/v2\/media\/319009"}],"wp:attachment":[{"href":"https:\/\/jundiai.sp.gov.br\/noticias\/wp-json\/wp\/v2\/media?parent=318957"}],"wp:term":[{"taxonomy":"category","embeddable":true,"href":"https:\/\/jundiai.sp.gov.br\/noticias\/wp-json\/wp\/v2\/categories?post=318957"},{"taxonomy":"post_tag","embeddable":true,"href":"https:\/\/jundiai.sp.gov.br\/noticias\/wp-json\/wp\/v2\/tags?post=318957"},{"taxonomy":"ods","embeddable":true,"href":"https:\/\/jundiai.sp.gov.br\/noticias\/wp-json\/wp\/v2\/ods?post=318957"}],"curies":[{"name":"wp","href":"https:\/\/api.w.org\/{rel}","templated":true}]}}