{"id":319161,"date":"2023-06-06T11:53:40","date_gmt":"2023-06-06T14:53:40","guid":{"rendered":"https:\/\/jundiai.sp.gov.br\/noticias\/?p=319161"},"modified":"2023-06-06T11:53:40","modified_gmt":"2023-06-06T14:53:40","slug":"samae-do-mato-grosso-visita-a-dae-jundiai","status":"publish","type":"post","link":"https:\/\/jundiai.sp.gov.br\/noticias\/2023\/06\/06\/samae-do-mato-grosso-visita-a-dae-jundiai\/","title":{"rendered":"Samae do Mato Grosso visita a DAE Jundia\u00ed"},"content":{"rendered":"\n<figure class=\"wp-block-gallery has-nested-images columns-default is-cropped wp-block-gallery-1 is-layout-flex wp-block-gallery-is-layout-flex\">\n<figure class=\"wp-block-image size-large\"><img loading=\"lazy\" decoding=\"async\" width=\"1280\" height=\"960\" data-id=\"319162\" src=\"https:\/\/jundiai.sp.gov.br\/noticias\/wp-content\/uploads\/sites\/32\/2023\/06\/visita_tangara-2-1280x960.jpg\" alt=\"\" class=\"wp-image-319162\" srcset=\"https:\/\/jundiai.sp.gov.br\/noticias\/wp-content\/uploads\/sites\/32\/2023\/06\/visita_tangara-2-1280x960.jpg 1280w, https:\/\/jundiai.sp.gov.br\/noticias\/wp-content\/uploads\/sites\/32\/2023\/06\/visita_tangara-2-300x225.jpg 300w, https:\/\/jundiai.sp.gov.br\/noticias\/wp-content\/uploads\/sites\/32\/2023\/06\/visita_tangara-2-768x576.jpg 768w, https:\/\/jundiai.sp.gov.br\/noticias\/wp-content\/uploads\/sites\/32\/2023\/06\/visita_tangara-2-1536x1152.jpg 1536w, https:\/\/jundiai.sp.gov.br\/noticias\/wp-content\/uploads\/sites\/32\/2023\/06\/visita_tangara-2.jpg 1900w\" sizes=\"auto, (max-width: 1280px) 100vw, 1280px\" \/><figcaption class=\"wp-element-caption\">Diretoria da DAE recebeu a comitiva, que visitou a empresa pela terceira vez<\/figcaption><\/figure>\n\n\n\n<figure class=\"wp-block-image size-large\"><img loading=\"lazy\" decoding=\"async\" width=\"1280\" height=\"720\" data-id=\"319163\" src=\"https:\/\/jundiai.sp.gov.br\/noticias\/wp-content\/uploads\/sites\/32\/2023\/06\/visita_tangara-1-3-1280x720.jpg\" alt=\"\" class=\"wp-image-319163\" srcset=\"https:\/\/jundiai.sp.gov.br\/noticias\/wp-content\/uploads\/sites\/32\/2023\/06\/visita_tangara-1-3-1280x720.jpg 1280w, https:\/\/jundiai.sp.gov.br\/noticias\/wp-content\/uploads\/sites\/32\/2023\/06\/visita_tangara-1-3-300x169.jpg 300w, https:\/\/jundiai.sp.gov.br\/noticias\/wp-content\/uploads\/sites\/32\/2023\/06\/visita_tangara-1-3-768x432.jpg 768w, https:\/\/jundiai.sp.gov.br\/noticias\/wp-content\/uploads\/sites\/32\/2023\/06\/visita_tangara-1-3-1536x864.jpg 1536w, https:\/\/jundiai.sp.gov.br\/noticias\/wp-content\/uploads\/sites\/32\/2023\/06\/visita_tangara-1-3.jpg 1900w\" sizes=\"auto, (max-width: 1280px) 100vw, 1280px\" \/><figcaption class=\"wp-element-caption\">Tratamento da \u00e1gua, realizado na ETA Anhangaba\u00fa, foi uma das pautas do encontro<\/figcaption><\/figure>\n<\/figure>\n\n\n\n<p>Conhecer de perto o monitoramento da opera\u00e7\u00e3o do abastecimento, tratamento de \u00e1gua e do esgoto, al\u00e9m do Parque da Cidade e do Mundo das Crian\u00e7as, foi o objetivo da visita de uma comitiva da cidade Tangar\u00e1 da Serra (MT), \u00e0 DAE Jundia\u00ed, realizada nesta segunda e ter\u00e7a-feira, dias 5 e 6.<\/p>\n\n\n\n<p>O diretor do Servi\u00e7o Aut\u00f4nomo Municipal de \u00c1gua e Esgoto (Samae) e vice-prefeito de Tangar\u00e1, Marcos Scolari, o engenheiro civil Dhiego Manuel Oliveira e o qu\u00edmico Rafael Grigulo, acompanhados do secret\u00e1rio de Coordena\u00e7\u00e3o e Planejamento daquela cidade, Ad\u00e3o Leite Filho, vieram \u00e0 DAE. Esta \u00e9 a terceira visita \u00e0 empresa. \u201cEstamos avan\u00e7ando na \u00e1rea de saneamento e a modelagem que conhecemos em Jundia\u00ed nos impactou pelo trabalho e a seriedade dos servi\u00e7os\u201d, disse Ad\u00e3o.<\/p>\n\n\n\n<p>Segundo Scolari, a concess\u00e3o do tratamento do esgoto e a opera\u00e7\u00e3o do saneamento s\u00e3o os pontos que mais chamaram a aten\u00e7\u00e3o em Jundia\u00ed. \u201cEstamos buscando a moderniza\u00e7\u00e3o dos servi\u00e7os. Atualmente, j\u00e1 atendemos a popula\u00e7\u00e3o de Tangar\u00e1 com \u00e1gua e temos 60% da cidade atendida com redes de esgoto, mas o tratamento ainda n\u00e3o \u00e9 universalizado\u201d, comentou.<\/p>\n\n\n\n<p>O encontro foi organizado pelo presidente do Instituto Cidades Inteligentes, Luigi Longo. Na DAE, eles foram recebidos pela equipe da Diretoria de Opera\u00e7\u00f5es, al\u00e9m dos superintendentes Evandro Biancarelli e Valter Maia e do diretor presidente da empresa, Walter da Costa e Silva Filho.<\/p>\n\n\n\n<p><strong>Exemplo<\/strong><\/p>\n\n\n\n<figure class=\"wp-block-gallery has-nested-images columns-default is-cropped wp-block-gallery-2 is-layout-flex wp-block-gallery-is-layout-flex\">\n<figure class=\"wp-block-image size-large\"><img loading=\"lazy\" decoding=\"async\" width=\"1280\" height=\"854\" data-id=\"319164\" src=\"https:\/\/jundiai.sp.gov.br\/noticias\/wp-content\/uploads\/sites\/32\/2023\/06\/visita_tangara-7-1-1280x854.jpg\" alt=\"\" class=\"wp-image-319164\" srcset=\"https:\/\/jundiai.sp.gov.br\/noticias\/wp-content\/uploads\/sites\/32\/2023\/06\/visita_tangara-7-1-1280x854.jpg 1280w, https:\/\/jundiai.sp.gov.br\/noticias\/wp-content\/uploads\/sites\/32\/2023\/06\/visita_tangara-7-1-300x200.jpg 300w, https:\/\/jundiai.sp.gov.br\/noticias\/wp-content\/uploads\/sites\/32\/2023\/06\/visita_tangara-7-1-768x512.jpg 768w, https:\/\/jundiai.sp.gov.br\/noticias\/wp-content\/uploads\/sites\/32\/2023\/06\/visita_tangara-7-1-1536x1024.jpg 1536w, https:\/\/jundiai.sp.gov.br\/noticias\/wp-content\/uploads\/sites\/32\/2023\/06\/visita_tangara-7-1-450x300.jpg 450w, https:\/\/jundiai.sp.gov.br\/noticias\/wp-content\/uploads\/sites\/32\/2023\/06\/visita_tangara-7-1.jpg 1900w\" sizes=\"auto, (max-width: 1280px) 100vw, 1280px\" \/><figcaption class=\"wp-element-caption\">Grupo de Tangar\u00e1 esteve no Mundo das Crian\u00e7as: preserva\u00e7\u00e3o aliada ao lazer<\/figcaption><\/figure>\n<\/figure>\n\n\n\n<p>A comitiva ainda conheceu de perto o funcionamento da Esta\u00e7\u00e3o de Tratamento de \u00c1gua do Anhangaba\u00fa e da Esta\u00e7\u00e3o de Tratamento de Esgoto Jundia\u00ed &#8211; esta operada pela Companhia Saneamento de Jundia\u00ed (CSJ), por meio de concess\u00e3o. O \u2018tour\u2019 pela DAE terminou no complexo de parques administrado pela empresa, s\u00edmbolos de preserva\u00e7\u00e3o aliada \u00e0 qualidade de vida e lazer.<\/p>\n\n\n\n<p>\u201cApenas nos \u00faltimos dez dias, recebemos a equipe da Semae de Piracicaba e a visita da subsecret\u00e1ria de Recursos H\u00eddricos e Saneamento B\u00e1sico da Secretaria de Meio Ambiente, Infraestrutura e Log\u00edstica do Estado de S\u00e3o Paulo, Samanta Souza. Agora, foi a vez de Tangar\u00e1. A DAE \u00e9 uma refer\u00eancia\u201d, avaliou Costa e Silva.<\/p>\n\n\n\n<p><strong>Assessoria de Comunica\u00e7\u00e3o &#8211; DAE Jundia\u00ed<\/strong><\/p>\n\n\n\n<p><strong>Fotos: DAE Jundia\u00ed<\/strong><\/p>\n","protected":false},"excerpt":{"rendered":"<p>Conhecer de perto o monitoramento da opera\u00e7\u00e3o do abastecimento, tratamento de \u00e1gua e do esgoto, al\u00e9m do Parque da Cidade e do Mundo das Crian\u00e7as, foi o objetivo da visita de uma comitiva da cidade Tangar\u00e1 da Serra (MT), \u00e0 DAE Jundia\u00ed, realizada nesta segunda e ter\u00e7a-feira, dias 5 e 6. O diretor do Servi\u00e7o [&hellip;]<\/p>\n","protected":false},"author":51,"featured_media":319163,"comment_status":"closed","ping_status":"0","sticky":false,"template":"","format":"standard","meta":{"footnotes":""},"categories":[2],"tags":[66,1940,2973,1436,47,2277,3811],"ods":[],"class_list":["post-319161","post","type-post","status-publish","format-standard","has-post-thumbnail","hentry","category-noticias","tag-dae","tag-dae-jundiai","tag-estacao-de-tratamento-de-agua","tag-mundo-das-criancas","tag-parque-da-cidade","tag-saneamento","tag-tratamento-de-agua"],"_links":{"self":[{"href":"https:\/\/jundiai.sp.gov.br\/noticias\/wp-json\/wp\/v2\/posts\/319161","targetHints":{"allow":["GET"]}}],"collection":[{"href":"https:\/\/jundiai.sp.gov.br\/noticias\/wp-json\/wp\/v2\/posts"}],"about":[{"href":"https:\/\/jundiai.sp.gov.br\/noticias\/wp-json\/wp\/v2\/types\/post"}],"author":[{"embeddable":true,"href":"https:\/\/jundiai.sp.gov.br\/noticias\/wp-json\/wp\/v2\/users\/51"}],"replies":[{"embeddable":true,"href":"https:\/\/jundiai.sp.gov.br\/noticias\/wp-json\/wp\/v2\/comments?post=319161"}],"version-history":[{"count":2,"href":"https:\/\/jundiai.sp.gov.br\/noticias\/wp-json\/wp\/v2\/posts\/319161\/revisions"}],"predecessor-version":[{"id":319167,"href":"https:\/\/jundiai.sp.gov.br\/noticias\/wp-json\/wp\/v2\/posts\/319161\/revisions\/319167"}],"wp:featuredmedia":[{"embeddable":true,"href":"https:\/\/jundiai.sp.gov.br\/noticias\/wp-json\/wp\/v2\/media\/319163"}],"wp:attachment":[{"href":"https:\/\/jundiai.sp.gov.br\/noticias\/wp-json\/wp\/v2\/media?parent=319161"}],"wp:term":[{"taxonomy":"category","embeddable":true,"href":"https:\/\/jundiai.sp.gov.br\/noticias\/wp-json\/wp\/v2\/categories?post=319161"},{"taxonomy":"post_tag","embeddable":true,"href":"https:\/\/jundiai.sp.gov.br\/noticias\/wp-json\/wp\/v2\/tags?post=319161"},{"taxonomy":"ods","embeddable":true,"href":"https:\/\/jundiai.sp.gov.br\/noticias\/wp-json\/wp\/v2\/ods?post=319161"}],"curies":[{"name":"wp","href":"https:\/\/api.w.org\/{rel}","templated":true}]}}