{"id":319248,"date":"2023-06-11T09:05:00","date_gmt":"2023-06-11T12:05:00","guid":{"rendered":"https:\/\/jundiai.sp.gov.br\/noticias\/?p=319248"},"modified":"2023-06-07T12:13:21","modified_gmt":"2023-06-07T15:13:21","slug":"6o-conexidades-no-parque-da-uva-contara-com-atracoes-culturais-gratuitas","status":"publish","type":"post","link":"https:\/\/jundiai.sp.gov.br\/noticias\/2023\/06\/11\/6o-conexidades-no-parque-da-uva-contara-com-atracoes-culturais-gratuitas\/","title":{"rendered":"6\u00ba Conexidades no Parque da Uva contar\u00e1 com atra\u00e7\u00f5es culturais gratuitas"},"content":{"rendered":"\n<p>Al\u00e9m de conferir os estandes e palestras programados sobre as boas pr\u00e1ticas e conex\u00f5es entre o Poder P\u00fablico e a iniciativa privada, quem for ao Parque Comendador Antonio Carbonari (Parque da Uva) entre esta ter\u00e7a-feira (13) e o s\u00e1bado (17) para o <a href=\"https:\/\/www.conexidades.com.br\/\" target=\"_blank\" rel=\"noreferrer noopener\">6\u00ba Conexidades<\/a> poder\u00e1 conferir, tamb\u00e9m gratuitamente, uma s\u00e9rie de atra\u00e7\u00f5es culturais gratuitas preparadas pela Prefeitura para os visitantes.<\/p>\n\n\n\n<p>\u201c\u00c9 muito importante destacar que, al\u00e9m das presen\u00e7as das autoridades e das apresenta\u00e7\u00f5es e palestras t\u00e9cnicas, a programa\u00e7\u00e3o do Conexidades \u00e9 aberta tamb\u00e9m para que os interessados em geral possam prestigiar os nossos artistas e profissionais de Cultura. Assim Jundia\u00ed, al\u00e9m de compartilhar suas boas pr\u00e1ticas governamentais e institucionais, enriquece a cena cultural local, e d\u00e1 palco \u00e0 sua classe art\u00edstica local\u201d, comentou o gestor de Cultura, Marcelo Peroni.<\/p>\n\n\n\n<p>Logo na abertura oficial, programada para esta ter\u00e7a (13), \u00e0s 19h, no Palco Principal, o p\u00fablico poder\u00e1 conferir a apresenta\u00e7\u00e3o da Orquestra Sinf\u00f4nica Municipal de Jundia\u00ed (OSMJ), corpo art\u00edstico municipal em sua forma\u00e7\u00e3o camer\u00edstica de septeto, e a performance de Baby Fusion &#8211; Dan\u00e7a com beb\u00eas, coreografia apresentada por m\u00e3es e seus beb\u00eas, utilizando movimento de Jazz Dance.<\/p>\n\n\n\n<figure class=\"wp-block-image size-large\"><img loading=\"lazy\" decoding=\"async\" width=\"1280\" height=\"854\" src=\"https:\/\/jundiai.sp.gov.br\/noticias\/wp-content\/uploads\/sites\/32\/2023\/06\/septeto_osmj-1280x854.jpg\" alt=\"\" class=\"wp-image-319250\" srcset=\"https:\/\/jundiai.sp.gov.br\/noticias\/wp-content\/uploads\/sites\/32\/2023\/06\/septeto_osmj-1280x854.jpg 1280w, https:\/\/jundiai.sp.gov.br\/noticias\/wp-content\/uploads\/sites\/32\/2023\/06\/septeto_osmj-300x200.jpg 300w, https:\/\/jundiai.sp.gov.br\/noticias\/wp-content\/uploads\/sites\/32\/2023\/06\/septeto_osmj-768x512.jpg 768w, https:\/\/jundiai.sp.gov.br\/noticias\/wp-content\/uploads\/sites\/32\/2023\/06\/septeto_osmj-1536x1024.jpg 1536w, https:\/\/jundiai.sp.gov.br\/noticias\/wp-content\/uploads\/sites\/32\/2023\/06\/septeto_osmj-450x300.jpg 450w, https:\/\/jundiai.sp.gov.br\/noticias\/wp-content\/uploads\/sites\/32\/2023\/06\/septeto_osmj.jpg 1900w\" sizes=\"auto, (max-width: 1280px) 100vw, 1280px\" \/><figcaption class=\"wp-element-caption\">Para a abertura, a OSMJ leva o seu septeto para uma apresenta\u00e7\u00e3o especial aos visitantes <\/figcaption><\/figure>\n\n\n\n<p>As atra\u00e7\u00f5es art\u00edsticas seguem, ao longo da programa\u00e7\u00e3o, com apresenta\u00e7\u00f5es no Coreto do Parque. Na quarta (14), \u00e0s 18h, o grupo Soul Balan\u00e7o apresenta seu show musical dan\u00e7ante e envolvente, com cl\u00e1ssicos da MPB, Reggae, Forr\u00f3 e Pagode 90. J\u00e1 a partir das 19h30, \u00e9 a vez do show da banda Lan\u00e7a Perfume, que traz em seu repert\u00f3rio de Pop Rock uma homenagem ao Rock e inspira\u00e7\u00f5es em Charlie Brown JR, CPM 22, Blink 182 e O Rappa.<\/p>\n\n\n\n<p>J\u00e1 na quinta (15), a programa\u00e7\u00e3o no Coreto traz, \u00e0s 18h, a mistura de Xaxado, Xote, Bai\u00e3o, Coco e Forr\u00f3 P\u00e9 de Serra com o grupo Forr\u00f3 di Fole. J\u00e1 \u00e0s 19h30, o grupo Funk\u2019s Natra apresenta um show dan\u00e7ante com o melhor da Soul Music brasileira, Samba Rock e repert\u00f3rio do grande Tim Maia.<\/p>\n\n\n\n<p>Na sexta (16), \u00e0s 18h, \u00e9 a vez de a banda Oxidade prestar seu \u201cTributo a Rita Lee\u201d, cantora que em seus mais de 50 anos de carreira foi uma das mulheres protagonistas e propagadora do Pop Rock Nacional. J\u00e1 \u00e0s 19h30, o Coreto recebe o \u201cFlashback Experience\u201d, show de imers\u00e3o no universo da m\u00fasica Pop internacional dos anos 1980 com a banda Flash Beat, num arranjo vocal din\u00e2mico que ir\u00e1 estimular o p\u00fablico a relembrar can\u00e7\u00f5es do passado.<\/p>\n\n\n\n<p>No s\u00e1bado (17), quem encerra a programa\u00e7\u00e3o art\u00edstica \u00e9 a banda Sigla, que sobe no palco \u00e0s 12h, para uma apresenta\u00e7\u00e3o com can\u00e7\u00f5es do universo do Rock Nacional, destacando as vozes femininas que consagraram, esse repert\u00f3rio, como C\u00e1ssia Eller e Nando Reis e Pitty.<\/p>\n\n\n\n<figure class=\"wp-block-image size-large\"><img loading=\"lazy\" decoding=\"async\" width=\"1280\" height=\"854\" src=\"https:\/\/jundiai.sp.gov.br\/noticias\/wp-content\/uploads\/sites\/32\/2023\/06\/baby_fusion-1280x854.jpg\" alt=\"\" class=\"wp-image-319251\" srcset=\"https:\/\/jundiai.sp.gov.br\/noticias\/wp-content\/uploads\/sites\/32\/2023\/06\/baby_fusion-1280x854.jpg 1280w, https:\/\/jundiai.sp.gov.br\/noticias\/wp-content\/uploads\/sites\/32\/2023\/06\/baby_fusion-300x200.jpg 300w, https:\/\/jundiai.sp.gov.br\/noticias\/wp-content\/uploads\/sites\/32\/2023\/06\/baby_fusion-768x512.jpg 768w, https:\/\/jundiai.sp.gov.br\/noticias\/wp-content\/uploads\/sites\/32\/2023\/06\/baby_fusion-1536x1024.jpg 1536w, https:\/\/jundiai.sp.gov.br\/noticias\/wp-content\/uploads\/sites\/32\/2023\/06\/baby_fusion-450x300.jpg 450w, https:\/\/jundiai.sp.gov.br\/noticias\/wp-content\/uploads\/sites\/32\/2023\/06\/baby_fusion.jpg 1900w\" sizes=\"auto, (max-width: 1280px) 100vw, 1280px\" \/><figcaption class=\"wp-element-caption\">A abertura contar\u00e1 ainda com a apresenta\u00e7\u00e3o das m\u00e3es e beb\u00eas do Baby Fusion<\/figcaption><\/figure>\n\n\n\n<p><strong>Conexidades<\/strong><br>O Conexidades \u00e9 organizado pelo MULTIPLICIDADES, com apoio da Uni\u00e3o dos Vereadores do Estado de S\u00e3o Paulo (UVESP). Esta edi\u00e7\u00e3o traz como tema \u201cEduca\u00e7\u00e3o Tecnol\u00f3gica: a ferramenta de transforma\u00e7\u00e3o das cidades\u201d e conta com o apoio da Prefeitura de Jundia\u00ed e da C\u00e2mara Municipal.<\/p>\n\n\n\n<p>Localizado no Pavilh\u00e3o 2, o estande de Jundia\u00ed contar\u00e1 com cerca de 400 metros quadrados, onde ser\u00e3o apresentadas as iniciativas inovadoras da Prefeitura que j\u00e1 vem servindo de refer\u00eancia para organiza\u00e7\u00f5es nacionais e internacionais. Al\u00e9m de palestras e estandes sobre cada uma das Plataforma de Governo, o programa municipal Cidade das Crian\u00e7as e as pol\u00edticas p\u00fablicas voltadas para as Inf\u00e2ncias em Jundia\u00ed ter\u00e3o um destaque especial nesta programa\u00e7\u00e3o.<\/p>\n\n\n\n<p>O Parque da Uva fica na avenida Jundia\u00ed, s\/n \u2013 Anhangaba\u00fa.<\/p>\n\n\n\n<figure class=\"wp-block-gallery has-nested-images columns-default is-cropped wp-block-gallery-1 is-layout-flex wp-block-gallery-is-layout-flex\">\n<figure class=\"wp-block-image size-large\"><a href=\"https:\/\/jundiai.sp.gov.br\/noticias\/wp-content\/uploads\/sites\/32\/2023\/06\/soul-balanco_1.png\"><img loading=\"lazy\" decoding=\"async\" width=\"500\" height=\"500\" data-id=\"319261\" src=\"https:\/\/jundiai.sp.gov.br\/noticias\/wp-content\/uploads\/sites\/32\/2023\/06\/soul-balanco_1.png\" alt=\"\" class=\"wp-image-319261\"\/><\/a><figcaption class=\"wp-element-caption\">Soul Balan\u00e7o<\/figcaption><\/figure>\n\n\n\n<figure class=\"wp-block-image size-large\"><a href=\"https:\/\/jundiai.sp.gov.br\/noticias\/wp-content\/uploads\/sites\/32\/2023\/06\/lanca-perfume_1.jpg\"><img loading=\"lazy\" decoding=\"async\" width=\"500\" height=\"500\" data-id=\"319258\" src=\"https:\/\/jundiai.sp.gov.br\/noticias\/wp-content\/uploads\/sites\/32\/2023\/06\/lanca-perfume_1.jpg\" alt=\"\" class=\"wp-image-319258\" srcset=\"https:\/\/jundiai.sp.gov.br\/noticias\/wp-content\/uploads\/sites\/32\/2023\/06\/lanca-perfume_1.jpg 500w, https:\/\/jundiai.sp.gov.br\/noticias\/wp-content\/uploads\/sites\/32\/2023\/06\/lanca-perfume_1-300x300.jpg 300w, https:\/\/jundiai.sp.gov.br\/noticias\/wp-content\/uploads\/sites\/32\/2023\/06\/lanca-perfume_1-100x100.jpg 100w\" sizes=\"auto, (max-width: 500px) 100vw, 500px\" \/><\/a><figcaption class=\"wp-element-caption\">Lan\u00e7a Perfume<\/figcaption><\/figure>\n\n\n\n<figure class=\"wp-block-image size-large\"><a href=\"https:\/\/jundiai.sp.gov.br\/noticias\/wp-content\/uploads\/sites\/32\/2023\/06\/funks-natra_1.jpeg\"><img loading=\"lazy\" decoding=\"async\" width=\"500\" height=\"500\" data-id=\"319256\" src=\"https:\/\/jundiai.sp.gov.br\/noticias\/wp-content\/uploads\/sites\/32\/2023\/06\/funks-natra_1.jpeg\" alt=\"\" class=\"wp-image-319256\" srcset=\"https:\/\/jundiai.sp.gov.br\/noticias\/wp-content\/uploads\/sites\/32\/2023\/06\/funks-natra_1.jpeg 500w, https:\/\/jundiai.sp.gov.br\/noticias\/wp-content\/uploads\/sites\/32\/2023\/06\/funks-natra_1-300x300.jpeg 300w, https:\/\/jundiai.sp.gov.br\/noticias\/wp-content\/uploads\/sites\/32\/2023\/06\/funks-natra_1-100x100.jpeg 100w\" sizes=\"auto, (max-width: 500px) 100vw, 500px\" \/><\/a><figcaption class=\"wp-element-caption\">Funk&#8217;s Natra<\/figcaption><\/figure>\n\n\n\n<figure class=\"wp-block-image size-large\"><a href=\"https:\/\/jundiai.sp.gov.br\/noticias\/wp-content\/uploads\/sites\/32\/2023\/06\/oxidade_1.jpg\"><img loading=\"lazy\" decoding=\"async\" width=\"500\" height=\"500\" data-id=\"319259\" src=\"https:\/\/jundiai.sp.gov.br\/noticias\/wp-content\/uploads\/sites\/32\/2023\/06\/oxidade_1.jpg\" alt=\"\" class=\"wp-image-319259\"\/><\/a><figcaption class=\"wp-element-caption\">Oxidade<\/figcaption><\/figure>\n\n\n\n<figure class=\"wp-block-image size-large\"><a href=\"https:\/\/jundiai.sp.gov.br\/noticias\/wp-content\/uploads\/sites\/32\/2023\/06\/flash-beat_1.png\"><img loading=\"lazy\" decoding=\"async\" width=\"500\" height=\"500\" data-id=\"319260\" src=\"https:\/\/jundiai.sp.gov.br\/noticias\/wp-content\/uploads\/sites\/32\/2023\/06\/flash-beat_1.png\" alt=\"\" class=\"wp-image-319260\" srcset=\"https:\/\/jundiai.sp.gov.br\/noticias\/wp-content\/uploads\/sites\/32\/2023\/06\/flash-beat_1.png 500w, https:\/\/jundiai.sp.gov.br\/noticias\/wp-content\/uploads\/sites\/32\/2023\/06\/flash-beat_1-300x300.png 300w, https:\/\/jundiai.sp.gov.br\/noticias\/wp-content\/uploads\/sites\/32\/2023\/06\/flash-beat_1-100x100.png 100w\" sizes=\"auto, (max-width: 500px) 100vw, 500px\" \/><\/a><figcaption class=\"wp-element-caption\">Flash Beat<\/figcaption><\/figure>\n\n\n\n<figure class=\"wp-block-image size-large\"><a href=\"https:\/\/jundiai.sp.gov.br\/noticias\/wp-content\/uploads\/sites\/32\/2023\/06\/sigla_1.jpg\"><img loading=\"lazy\" decoding=\"async\" width=\"500\" height=\"500\" data-id=\"319257\" src=\"https:\/\/jundiai.sp.gov.br\/noticias\/wp-content\/uploads\/sites\/32\/2023\/06\/sigla_1.jpg\" alt=\"\" class=\"wp-image-319257\"\/><\/a><figcaption class=\"wp-element-caption\">Sigla<\/figcaption><\/figure>\n<\/figure>\n\n\n\n<p><strong>Assessoria de Imprensa<br>Fotos: Fot\u00f3grafos PMJ e Divulga\u00e7\u00e3o<\/strong><\/p>\n","protected":false},"excerpt":{"rendered":"<p>Al\u00e9m de conferir os estandes e palestras programados sobre as boas pr\u00e1ticas e conex\u00f5es entre o Poder P\u00fablico e a iniciativa privada, quem for ao Parque Comendador Antonio Carbonari (Parque da Uva) entre esta ter\u00e7a-feira (13) e o s\u00e1bado (17) para o 6\u00ba Conexidades poder\u00e1 conferir, tamb\u00e9m gratuitamente, uma s\u00e9rie de atra\u00e7\u00f5es culturais gratuitas preparadas [&hellip;]<\/p>\n","protected":false},"author":14,"featured_media":319275,"comment_status":"closed","ping_status":"0","sticky":false,"template":"","format":"standard","meta":{"footnotes":""},"categories":[2],"tags":[62,1154,2515,29,399,307,276],"ods":[],"class_list":["post-319248","post","type-post","status-publish","format-standard","has-post-thumbnail","hentry","category-noticias","tag-casa-civil","tag-cidade-das-criancas","tag-conexidades","tag-cultura","tag-musica","tag-orquestra-municipal-de-jundiai","tag-parque-da-uva"],"_links":{"self":[{"href":"https:\/\/jundiai.sp.gov.br\/noticias\/wp-json\/wp\/v2\/posts\/319248","targetHints":{"allow":["GET"]}}],"collection":[{"href":"https:\/\/jundiai.sp.gov.br\/noticias\/wp-json\/wp\/v2\/posts"}],"about":[{"href":"https:\/\/jundiai.sp.gov.br\/noticias\/wp-json\/wp\/v2\/types\/post"}],"author":[{"embeddable":true,"href":"https:\/\/jundiai.sp.gov.br\/noticias\/wp-json\/wp\/v2\/users\/14"}],"replies":[{"embeddable":true,"href":"https:\/\/jundiai.sp.gov.br\/noticias\/wp-json\/wp\/v2\/comments?post=319248"}],"version-history":[{"count":4,"href":"https:\/\/jundiai.sp.gov.br\/noticias\/wp-json\/wp\/v2\/posts\/319248\/revisions"}],"predecessor-version":[{"id":319264,"href":"https:\/\/jundiai.sp.gov.br\/noticias\/wp-json\/wp\/v2\/posts\/319248\/revisions\/319264"}],"wp:featuredmedia":[{"embeddable":true,"href":"https:\/\/jundiai.sp.gov.br\/noticias\/wp-json\/wp\/v2\/media\/319275"}],"wp:attachment":[{"href":"https:\/\/jundiai.sp.gov.br\/noticias\/wp-json\/wp\/v2\/media?parent=319248"}],"wp:term":[{"taxonomy":"category","embeddable":true,"href":"https:\/\/jundiai.sp.gov.br\/noticias\/wp-json\/wp\/v2\/categories?post=319248"},{"taxonomy":"post_tag","embeddable":true,"href":"https:\/\/jundiai.sp.gov.br\/noticias\/wp-json\/wp\/v2\/tags?post=319248"},{"taxonomy":"ods","embeddable":true,"href":"https:\/\/jundiai.sp.gov.br\/noticias\/wp-json\/wp\/v2\/ods?post=319248"}],"curies":[{"name":"wp","href":"https:\/\/api.w.org\/{rel}","templated":true}]}}