{"id":319318,"date":"2023-06-07T15:28:08","date_gmt":"2023-06-07T18:28:08","guid":{"rendered":"https:\/\/jundiai.sp.gov.br\/noticias\/?p=319318"},"modified":"2023-06-07T15:28:08","modified_gmt":"2023-06-07T18:28:08","slug":"funss-busca-modelos-para-treinamento-dos-alunos-matriculados-em-dois-cursos-gratuitos","status":"publish","type":"post","link":"https:\/\/jundiai.sp.gov.br\/noticias\/2023\/06\/07\/funss-busca-modelos-para-treinamento-dos-alunos-matriculados-em-dois-cursos-gratuitos\/","title":{"rendered":"Funss busca modelos para treinamento dos alunos matriculados em dois cursos gratuitos"},"content":{"rendered":"\n<p>O Fundo Social de Solidariedade de Jundia\u00ed (Funss) disponibilizar\u00e1 vagas para pessoas interessadas em atuar como modelos de unhas, barba e corte masculino<strong>. <\/strong>A iniciativa faz parte das aulas pr\u00e1ticas do curso de Manicure e Pedicure, bem como de Barbeiro, servindo como treinamento aos alunos j\u00e1 matriculados nas duas capacita\u00e7\u00f5es. Para participar \u00e9 necess\u00e1rio entrar em contato com o Fundo Social pelo telefone para agendar e reservar.<\/p>\n\n\n\n<p>A cada dia, ser\u00e3o disponibilizadas vagas limitadas. Os atendimentos ser\u00e3o gratuitos e ocorrer\u00e3o na sede do Funss, no Parque da Uva, nas datas e nos hor\u00e1rios a seguir:<\/p>\n\n\n\n<p><strong>Manicure e Pedicure:&nbsp;<\/strong><\/p>\n\n\n\n<p>10 vagas de modelo por dia<\/p>\n\n\n\n<p>Datas: 12, 13, 14, 19, 20, 21, 26 e 27\/06<\/p>\n\n\n\n<p>Hor\u00e1rio: 18h \u00e0s 22h<\/p>\n\n\n\n<p><strong>Barbeiro:&nbsp;<\/strong><\/p>\n\n\n\n<p>5 vagas de modelo por dia<\/p>\n\n\n\n<p>Datas: 12, 13, 14, 15, 19, 20, 21 e 22\/06<\/p>\n\n\n\n<p>Hor\u00e1rio: 13h \u00e0s 17h<\/p>\n\n\n\n<p>O endere\u00e7o do Fundo Social \u00e9 a avenida Dona Manoela Lacerda de Vergueiro, s\/n, port\u00e3o 03, anexo ao Parque da Uva, bairro Anhangaba\u00fa. O funcionamento da unidade \u00e9 de segunda a sexta-feira, das 8h \u00e0s 17h, exceto feriados. Informa\u00e7\u00f5es pelos telefones (11) 4589-6319 e 4589-6320.<\/p>\n\n\n\n<p><strong>Assessoria de Imprensa<\/strong><strong><\/strong><\/p>\n\n\n\n<p><strong>Foto: Fot\u00f3grafo PMJ<\/strong><strong><\/strong><\/p>\n","protected":false},"excerpt":{"rendered":"<p>O Fundo Social de Solidariedade de Jundia\u00ed (Funss) disponibilizar\u00e1 vagas para pessoas interessadas em atuar como modelos de unhas, barba e corte masculino. A iniciativa faz parte das aulas pr\u00e1ticas do curso de Manicure e Pedicure, bem como de Barbeiro, servindo como treinamento aos alunos j\u00e1 matriculados nas duas capacita\u00e7\u00f5es. Para participar \u00e9 necess\u00e1rio entrar [&hellip;]<\/p>\n","protected":false},"author":49,"featured_media":319321,"comment_status":"closed","ping_status":"0","sticky":false,"template":"","format":"standard","meta":{"footnotes":""},"categories":[2],"tags":[1039,416],"ods":[],"class_list":["post-319318","post","type-post","status-publish","format-standard","has-post-thumbnail","hentry","category-noticias","tag-cursos-funss","tag-fundo-social-de-solidariedade-funss"],"_links":{"self":[{"href":"https:\/\/jundiai.sp.gov.br\/noticias\/wp-json\/wp\/v2\/posts\/319318","targetHints":{"allow":["GET"]}}],"collection":[{"href":"https:\/\/jundiai.sp.gov.br\/noticias\/wp-json\/wp\/v2\/posts"}],"about":[{"href":"https:\/\/jundiai.sp.gov.br\/noticias\/wp-json\/wp\/v2\/types\/post"}],"author":[{"embeddable":true,"href":"https:\/\/jundiai.sp.gov.br\/noticias\/wp-json\/wp\/v2\/users\/49"}],"replies":[{"embeddable":true,"href":"https:\/\/jundiai.sp.gov.br\/noticias\/wp-json\/wp\/v2\/comments?post=319318"}],"version-history":[{"count":1,"href":"https:\/\/jundiai.sp.gov.br\/noticias\/wp-json\/wp\/v2\/posts\/319318\/revisions"}],"predecessor-version":[{"id":319322,"href":"https:\/\/jundiai.sp.gov.br\/noticias\/wp-json\/wp\/v2\/posts\/319318\/revisions\/319322"}],"wp:featuredmedia":[{"embeddable":true,"href":"https:\/\/jundiai.sp.gov.br\/noticias\/wp-json\/wp\/v2\/media\/319321"}],"wp:attachment":[{"href":"https:\/\/jundiai.sp.gov.br\/noticias\/wp-json\/wp\/v2\/media?parent=319318"}],"wp:term":[{"taxonomy":"category","embeddable":true,"href":"https:\/\/jundiai.sp.gov.br\/noticias\/wp-json\/wp\/v2\/categories?post=319318"},{"taxonomy":"post_tag","embeddable":true,"href":"https:\/\/jundiai.sp.gov.br\/noticias\/wp-json\/wp\/v2\/tags?post=319318"},{"taxonomy":"ods","embeddable":true,"href":"https:\/\/jundiai.sp.gov.br\/noticias\/wp-json\/wp\/v2\/ods?post=319318"}],"curies":[{"name":"wp","href":"https:\/\/api.w.org\/{rel}","templated":true}]}}