{"id":320010,"date":"2023-06-20T17:04:27","date_gmt":"2023-06-20T20:04:27","guid":{"rendered":"https:\/\/jundiai.sp.gov.br\/noticias\/?p=320010"},"modified":"2023-06-20T17:04:27","modified_gmt":"2023-06-20T20:04:27","slug":"inscricoes-para-seletiva-de-futsal-feminino-vao-ate-sexta-feira","status":"publish","type":"post","link":"https:\/\/jundiai.sp.gov.br\/noticias\/2023\/06\/20\/inscricoes-para-seletiva-de-futsal-feminino-vao-ate-sexta-feira\/","title":{"rendered":"Inscri\u00e7\u00f5es para seletiva de futsal feminino v\u00e3o at\u00e9 sexta-feira"},"content":{"rendered":"\n<p>Se voc\u00ea tem talento ou \u00e9 apaixonada por futebol e tem idade entre 9 e 15 anos, chegou a hora de tentar a sorte. A Unidade de Gest\u00e3o de Esportes e Lazer (UGEL) de Jundia\u00ed promove a seletiva para o futsal feminino nos dias 26, 27, 28, 29 e 30, no Centro Esportivo Rom\u00e3o de Souza, na Col\u00f4nia.<br><br>As avalia\u00e7\u00f5es s\u00e3o para as categorias sub-11, sub-13 e sub-15. Nos dias 26, 27 e 29, os testes ser\u00e3o \u00e0s 13h30. Nos dias 28 e 29, \u00e0s 8h30. As inscri\u00e7\u00f5es s\u00e3o gratuitas e terminam nesta sexta (23), pelo <a href=\"https:\/\/bit.ly\/SeletivaFutsalFemininoTimeJundiai\">link<\/a>.<\/p>\n\n\n\n<p>As atletas selecionadas ser\u00e3o convidadas a treinar com o Time Jundia\u00ed e tamb\u00e9m poder\u00e3o representar a cidade em campeonatos ou torneios oficiais.<\/p>\n\n\n\n<p>No dia do teste, \u00e9 necess\u00e1rio chegar com chegar com 15 minutos de anteced\u00eancia, trajando roupa adequada para a pr\u00e1tica esportiva e apresentar um documento com foto.<\/p>\n\n\n\n<figure class=\"wp-block-image size-large\"><img loading=\"lazy\" decoding=\"async\" width=\"960\" height=\"960\" src=\"https:\/\/jundiai.sp.gov.br\/noticias\/wp-content\/uploads\/sites\/32\/2023\/06\/card-seletiva-futsal-1-960x960.jpg\" alt=\"\" class=\"wp-image-320012\" srcset=\"https:\/\/jundiai.sp.gov.br\/noticias\/wp-content\/uploads\/sites\/32\/2023\/06\/card-seletiva-futsal-1-960x960.jpg 960w, https:\/\/jundiai.sp.gov.br\/noticias\/wp-content\/uploads\/sites\/32\/2023\/06\/card-seletiva-futsal-1-300x300.jpg 300w, https:\/\/jundiai.sp.gov.br\/noticias\/wp-content\/uploads\/sites\/32\/2023\/06\/card-seletiva-futsal-1-100x100.jpg 100w, https:\/\/jundiai.sp.gov.br\/noticias\/wp-content\/uploads\/sites\/32\/2023\/06\/card-seletiva-futsal-1-768x768.jpg 768w, https:\/\/jundiai.sp.gov.br\/noticias\/wp-content\/uploads\/sites\/32\/2023\/06\/card-seletiva-futsal-1.jpg 1080w\" sizes=\"auto, (max-width: 960px) 100vw, 960px\" \/><\/figure>\n\n\n\n<p><strong>Assessoria de Imprensa<\/strong><br><\/p>\n","protected":false},"excerpt":{"rendered":"<p>Se voc\u00ea tem talento ou \u00e9 apaixonada por futebol e tem idade entre 9 e 15 anos, chegou a hora de tentar a sorte. A Unidade de Gest\u00e3o de Esportes e Lazer (UGEL) de Jundia\u00ed promove a seletiva para o futsal feminino nos dias 26, 27, 28, 29 e 30, no Centro Esportivo Rom\u00e3o de [&hellip;]<\/p>\n","protected":false},"author":50,"featured_media":320013,"comment_status":"closed","ping_status":"0","sticky":false,"template":"","format":"standard","meta":{"footnotes":""},"categories":[2],"tags":[411,35,1045],"ods":[],"class_list":["post-320010","post","type-post","status-publish","format-standard","has-post-thumbnail","hentry","category-noticias","tag-centro-esportivo","tag-esporte-e-lazer","tag-time-jundiai"],"_links":{"self":[{"href":"https:\/\/jundiai.sp.gov.br\/noticias\/wp-json\/wp\/v2\/posts\/320010","targetHints":{"allow":["GET"]}}],"collection":[{"href":"https:\/\/jundiai.sp.gov.br\/noticias\/wp-json\/wp\/v2\/posts"}],"about":[{"href":"https:\/\/jundiai.sp.gov.br\/noticias\/wp-json\/wp\/v2\/types\/post"}],"author":[{"embeddable":true,"href":"https:\/\/jundiai.sp.gov.br\/noticias\/wp-json\/wp\/v2\/users\/50"}],"replies":[{"embeddable":true,"href":"https:\/\/jundiai.sp.gov.br\/noticias\/wp-json\/wp\/v2\/comments?post=320010"}],"version-history":[{"count":1,"href":"https:\/\/jundiai.sp.gov.br\/noticias\/wp-json\/wp\/v2\/posts\/320010\/revisions"}],"predecessor-version":[{"id":320014,"href":"https:\/\/jundiai.sp.gov.br\/noticias\/wp-json\/wp\/v2\/posts\/320010\/revisions\/320014"}],"wp:featuredmedia":[{"embeddable":true,"href":"https:\/\/jundiai.sp.gov.br\/noticias\/wp-json\/wp\/v2\/media\/320013"}],"wp:attachment":[{"href":"https:\/\/jundiai.sp.gov.br\/noticias\/wp-json\/wp\/v2\/media?parent=320010"}],"wp:term":[{"taxonomy":"category","embeddable":true,"href":"https:\/\/jundiai.sp.gov.br\/noticias\/wp-json\/wp\/v2\/categories?post=320010"},{"taxonomy":"post_tag","embeddable":true,"href":"https:\/\/jundiai.sp.gov.br\/noticias\/wp-json\/wp\/v2\/tags?post=320010"},{"taxonomy":"ods","embeddable":true,"href":"https:\/\/jundiai.sp.gov.br\/noticias\/wp-json\/wp\/v2\/ods?post=320010"}],"curies":[{"name":"wp","href":"https:\/\/api.w.org\/{rel}","templated":true}]}}