{"id":320018,"date":"2023-06-20T16:09:27","date_gmt":"2023-06-20T19:09:27","guid":{"rendered":"https:\/\/jundiai.sp.gov.br\/noticias\/?p=320018"},"modified":"2023-08-04T17:21:54","modified_gmt":"2023-08-04T20:21:54","slug":"conferencia-dos-direitos-da-pessoa-com-deficiencia-chega-a-14a-edicao","status":"publish","type":"post","link":"https:\/\/jundiai.sp.gov.br\/noticias\/2023\/06\/20\/conferencia-dos-direitos-da-pessoa-com-deficiencia-chega-a-14a-edicao\/","title":{"rendered":"Confer\u00eancia dos Direitos da Pessoa com Defici\u00eancia chega a 14\u00aa edi\u00e7\u00e3o"},"content":{"rendered":"\n<p>A 14\u00aa edi\u00e7\u00e3o da Confer\u00eancia dos Direitos da Pessoa com Defici\u00eancia chegou ao fim nesta ter\u00e7a-feira (20), com a elei\u00e7\u00e3o dos novos 28 conselheiros do bi\u00eanio 2023\/2025. O evento, realizado pelo Conselho Municipal dos Direitos da Pessoa com Defici\u00eancia (CMDPCD) \u2013 vinculado \u00e0 Unidade de Gest\u00e3o da Casa Civil (UGCC), teve in\u00edcio na segunda-feira (19), com atividades culturais, debates tem\u00e1ticos sobre inclus\u00e3o e discuss\u00f5es sobre acessibilidade, sa\u00fade, educa\u00e7\u00e3o, assist\u00eancia social, educa\u00e7\u00e3o, cultura e esportes.<\/p>\n\n\n\n<p>\u201cOs Conselhos Municipais t\u00eam um papel extremamente importante na conex\u00e3o entre o Poder P\u00fablico e a sociedade civil. \u00c9 por meio deles que recebemos as principais demandas e temos aux\u00edlio na elabora\u00e7\u00e3o de pol\u00edticas p\u00fablicas assertivas e inclusivas. Eventos como a Confer\u00eancia s\u00e3o muito enriquecedores, pois fornecem uma grande contribui\u00e7\u00e3o para a sociedade\u201d, comenta o Gestor da Casa Civil, Dr. Gustavo Maryssael.<\/p>\n\n\n\n<figure class=\"wp-block-image size-large\"><img loading=\"lazy\" decoding=\"async\" width=\"1280\" height=\"854\" src=\"https:\/\/jundiai.sp.gov.br\/noticias\/wp-content\/uploads\/sites\/32\/2023\/06\/conferencia_conselho_municipal_pessoa_deficiencia_unip_pa-28-1280x854.jpg\" alt=\"\" class=\"wp-image-320019\" srcset=\"https:\/\/jundiai.sp.gov.br\/noticias\/wp-content\/uploads\/sites\/32\/2023\/06\/conferencia_conselho_municipal_pessoa_deficiencia_unip_pa-28-1280x854.jpg 1280w, https:\/\/jundiai.sp.gov.br\/noticias\/wp-content\/uploads\/sites\/32\/2023\/06\/conferencia_conselho_municipal_pessoa_deficiencia_unip_pa-28-300x200.jpg 300w, https:\/\/jundiai.sp.gov.br\/noticias\/wp-content\/uploads\/sites\/32\/2023\/06\/conferencia_conselho_municipal_pessoa_deficiencia_unip_pa-28-768x512.jpg 768w, https:\/\/jundiai.sp.gov.br\/noticias\/wp-content\/uploads\/sites\/32\/2023\/06\/conferencia_conselho_municipal_pessoa_deficiencia_unip_pa-28-1536x1024.jpg 1536w, https:\/\/jundiai.sp.gov.br\/noticias\/wp-content\/uploads\/sites\/32\/2023\/06\/conferencia_conselho_municipal_pessoa_deficiencia_unip_pa-28-450x300.jpg 450w, https:\/\/jundiai.sp.gov.br\/noticias\/wp-content\/uploads\/sites\/32\/2023\/06\/conferencia_conselho_municipal_pessoa_deficiencia_unip_pa-28.jpg 1900w\" sizes=\"auto, (max-width: 1280px) 100vw, 1280px\" \/><figcaption class=\"wp-element-caption\">Dr. Gustavo Maryssael ressaltou o papel dos Conselhos na conex\u00e3o entre sociedade e Poder P\u00fablico<\/figcaption><\/figure>\n\n\n\n<p>O Gestor de Governo e Finan\u00e7as, Jos\u00e9 Antonio Parimoschi, tamb\u00e9m compareceu ao evento e elogiou a iniciativa. \u201cA Confer\u00eancia \u00e9 um momento de debate para propor melhorias e consolidar as boas pr\u00e1ticas aplicadas pelo munic\u00edpio. O importante \u00e9 que cada edi\u00e7\u00e3o deixe um legado e contribua com uma Jundia\u00ed cada vez mais desenvolvida\u201d, afirma Parimoschi.<\/p>\n\n\n\n<p>\u201cEssa \u00e9 uma boa oportunidade para pessoas que buscam fazer a diferen\u00e7a na sociedade. O nosso objetivo \u00e9 reunir os principais atores da causa para a cria\u00e7\u00e3o de pol\u00edticas que gerem a inclus\u00e3o social e a equidade\u201d, opina o Presidente do Conselho, Filipi Lima.<\/p>\n\n\n\n<p>Para o assessor de Pol\u00edticas para a Pessoa com Defici\u00eancia, Marco Antonio dos Santos, a cidade conquista a cada Confer\u00eancia. \u201c\u00c9 um momento de debates de propostas que fazem a diferen\u00e7a no dia a dia das pessoas. Jundia\u00ed \u00e9 uma cidade que busca se atualizar a cada ano e criar condi\u00e7\u00f5es para que todas as pessoas possam se desenvolver e buscar o seu espa\u00e7o\u201d, argumenta Marco.<\/p>\n\n\n\n<figure class=\"wp-block-image size-large\"><img loading=\"lazy\" decoding=\"async\" width=\"1280\" height=\"854\" src=\"https:\/\/jundiai.sp.gov.br\/noticias\/wp-content\/uploads\/sites\/32\/2023\/06\/conferencia_conselho_municipal_pessoa_deficiencia_unip_pa-71-1280x854.jpg\" alt=\"\" class=\"wp-image-320021\" srcset=\"https:\/\/jundiai.sp.gov.br\/noticias\/wp-content\/uploads\/sites\/32\/2023\/06\/conferencia_conselho_municipal_pessoa_deficiencia_unip_pa-71-1280x854.jpg 1280w, https:\/\/jundiai.sp.gov.br\/noticias\/wp-content\/uploads\/sites\/32\/2023\/06\/conferencia_conselho_municipal_pessoa_deficiencia_unip_pa-71-300x200.jpg 300w, https:\/\/jundiai.sp.gov.br\/noticias\/wp-content\/uploads\/sites\/32\/2023\/06\/conferencia_conselho_municipal_pessoa_deficiencia_unip_pa-71-768x512.jpg 768w, https:\/\/jundiai.sp.gov.br\/noticias\/wp-content\/uploads\/sites\/32\/2023\/06\/conferencia_conselho_municipal_pessoa_deficiencia_unip_pa-71-1536x1024.jpg 1536w, https:\/\/jundiai.sp.gov.br\/noticias\/wp-content\/uploads\/sites\/32\/2023\/06\/conferencia_conselho_municipal_pessoa_deficiencia_unip_pa-71-450x300.jpg 450w, https:\/\/jundiai.sp.gov.br\/noticias\/wp-content\/uploads\/sites\/32\/2023\/06\/conferencia_conselho_municipal_pessoa_deficiencia_unip_pa-71.jpg 1900w\" sizes=\"auto, (max-width: 1280px) 100vw, 1280px\" \/><figcaption class=\"wp-element-caption\">Guia Informativo para a Inclus\u00e3o de Jovens com Defici\u00eancia foi lan\u00e7ado durante evento<\/figcaption><\/figure>\n\n\n\n<p>Tamb\u00e9m estiveram presentes os gestores Tiago Texera (Promo\u00e7\u00e3o de Sa\u00fade) e Maria Brant (Assist\u00eancia e Desenvolvimento Social), al\u00e9m do Presidente da C\u00e2mara Municipal, Antonio Carlos Albino.<\/p>\n\n\n\n<p><strong>Jovens<\/strong><br>Ap\u00f3s um trabalho intersetorial entre as Assessorias da Pessoa com Defici\u00eancia, Juventude e Direitos Humanos, a Prefeitura aproveitou o evento para lan\u00e7ar o Guia Informativo para a Inclus\u00e3o de Jovens com Defici\u00eancia. A cartilha tem como objetivo auxiliar os jovens com defici\u00eancia no dia e dia e informar os servi\u00e7os ofertados pelo poder p\u00fablico a eles. A iniciativa surgiu a partir de escutas do Plano Municipal da Juventude. <a href=\"https:\/\/inclusao.jundiai.sp.gov.br\/servicos\/guia-informativo-para-inclusao-de-jovens-com-deficiencia\/\" data-type=\"URL\" data-id=\"https:\/\/inclusao.jundiai.sp.gov.br\/servicos\/guia-informativo-para-inclusao-de-jovens-com-deficiencia\/\">Clique aqui<\/a> para ter acesso.<\/p>\n\n\n\n<p><strong>Assessoria de Imprensa<br>Fotos: Fot\u00f3grafo PMJ<\/strong><\/p>\n","protected":false},"excerpt":{"rendered":"<p>A 14\u00aa edi\u00e7\u00e3o da Confer\u00eancia dos Direitos da Pessoa com Defici\u00eancia chegou ao fim nesta ter\u00e7a-feira (20), com a elei\u00e7\u00e3o dos novos 28 conselheiros do bi\u00eanio 2023\/2025. O evento, realizado pelo Conselho Municipal dos Direitos da Pessoa com Defici\u00eancia (CMDPCD) \u2013 vinculado \u00e0 Unidade de Gest\u00e3o da Casa Civil (UGCC), teve in\u00edcio na segunda-feira (19), [&hellip;]<\/p>\n","protected":false},"author":90,"featured_media":320019,"comment_status":"closed","ping_status":"0","sticky":false,"template":"","format":"standard","meta":{"footnotes":""},"categories":[2],"tags":[989,991,1031,4018,1440,1357],"ods":[],"class_list":["post-320018","post","type-post","status-publish","format-standard","has-post-thumbnail","hentry","category-noticias","tag-assessoria-de-politicas-de-direitos-humanos","tag-assessoria-de-politicas-para-a-juventude","tag-assessoria-de-politicas-para-pessoa-com-deficiencia","tag-conferencia-dos-direitos-da-pessoa-com-deficiencia","tag-conselho-municipal-dos-direitos-da-pessoa-com-deficiencia","tag-unidade-de-gestao-da-casa-civil-ugcc"],"_links":{"self":[{"href":"https:\/\/jundiai.sp.gov.br\/noticias\/wp-json\/wp\/v2\/posts\/320018","targetHints":{"allow":["GET"]}}],"collection":[{"href":"https:\/\/jundiai.sp.gov.br\/noticias\/wp-json\/wp\/v2\/posts"}],"about":[{"href":"https:\/\/jundiai.sp.gov.br\/noticias\/wp-json\/wp\/v2\/types\/post"}],"author":[{"embeddable":true,"href":"https:\/\/jundiai.sp.gov.br\/noticias\/wp-json\/wp\/v2\/users\/90"}],"replies":[{"embeddable":true,"href":"https:\/\/jundiai.sp.gov.br\/noticias\/wp-json\/wp\/v2\/comments?post=320018"}],"version-history":[{"count":2,"href":"https:\/\/jundiai.sp.gov.br\/noticias\/wp-json\/wp\/v2\/posts\/320018\/revisions"}],"predecessor-version":[{"id":323636,"href":"https:\/\/jundiai.sp.gov.br\/noticias\/wp-json\/wp\/v2\/posts\/320018\/revisions\/323636"}],"wp:featuredmedia":[{"embeddable":true,"href":"https:\/\/jundiai.sp.gov.br\/noticias\/wp-json\/wp\/v2\/media\/320019"}],"wp:attachment":[{"href":"https:\/\/jundiai.sp.gov.br\/noticias\/wp-json\/wp\/v2\/media?parent=320018"}],"wp:term":[{"taxonomy":"category","embeddable":true,"href":"https:\/\/jundiai.sp.gov.br\/noticias\/wp-json\/wp\/v2\/categories?post=320018"},{"taxonomy":"post_tag","embeddable":true,"href":"https:\/\/jundiai.sp.gov.br\/noticias\/wp-json\/wp\/v2\/tags?post=320018"},{"taxonomy":"ods","embeddable":true,"href":"https:\/\/jundiai.sp.gov.br\/noticias\/wp-json\/wp\/v2\/ods?post=320018"}],"curies":[{"name":"wp","href":"https:\/\/api.w.org\/{rel}","templated":true}]}}