{"id":320280,"date":"2023-06-22T15:58:22","date_gmt":"2023-06-22T18:58:22","guid":{"rendered":"https:\/\/jundiai.sp.gov.br\/noticias\/?p=320280"},"modified":"2023-06-22T15:58:22","modified_gmt":"2023-06-22T18:58:22","slug":"funss-publica-listagem-de-selecionados-para-cursos-gratuitos","status":"publish","type":"post","link":"https:\/\/jundiai.sp.gov.br\/noticias\/2023\/06\/22\/funss-publica-listagem-de-selecionados-para-cursos-gratuitos\/","title":{"rendered":"Funss publica listagem de selecionados para cursos gratuitos"},"content":{"rendered":"\n<p>Nesta quinta-feira (22), o Fundo Social de Solidariedade de Jundia\u00ed (Funss) divulga a lista de alunos contemplados para as vagas em diversos cursos. A pr\u00e9-inscri\u00e7\u00e3o foi feita pela internet, no dia 19 de junho, e o crit\u00e9rio de sele\u00e7\u00e3o e forma\u00e7\u00e3o das turmas foi a ordem de envio do formul\u00e1rio Google, que considerou hora, minuto e segundo. Confira a listagem, abaixo:<\/p>\n\n\n\n<p><strong>Esmalta\u00e7\u00e3o em gel<\/strong><\/p>\n\n\n\n<ol class=\"wp-block-list\">\n<li>Giulia Leite Casoti<\/li>\n\n\n\n<li>Silvana Aparecida Ortolani Machado<\/li>\n\n\n\n<li>Angela Antonia Caetano Magro<\/li>\n\n\n\n<li>Cicera Marreiro De Lima<\/li>\n\n\n\n<li>Silvana Da Silva Pinheiro<\/li>\n\n\n\n<li>Elaine Carla Monteiro De Brito<\/li>\n\n\n\n<li>Nat\u00e1lia Regina Da Cruz<\/li>\n\n\n\n<li>Telma Cordeiro Neves<\/li>\n\n\n\n<li>Karine Da Silva Ferreira Lumiatti<\/li>\n\n\n\n<li>Marta De Cassia Alves<\/li>\n\n\n\n<li>Francisca Tatiana De Almeuda<\/li>\n\n\n\n<li>Francisca Livaneide Do Nascimento Pietrantonio<\/li>\n\n\n\n<li>Joelma Noberto Da Silva<\/li>\n\n\n\n<li>Josie Kelly Ribeiro Da Silva<\/li>\n\n\n\n<li>Rafaela De Moraes Silva Ribeiro<\/li>\n\n\n\n<li>Andreza Scarton<\/li>\n\n\n\n<li>Natal\u00ed Quit\u00e9ria Silva Soares<\/li>\n\n\n\n<li>Rafaela Brandao Alves<\/li>\n<\/ol>\n\n\n\n<p><strong>Maquiagem profissional b\u00e1sico<\/strong><\/p>\n\n\n\n<ol class=\"wp-block-list\">\n<li>Stefani Caroline Vasques Marcon<\/li>\n\n\n\n<li>Tamires Nicolau<\/li>\n\n\n\n<li>Giovana Rafaella Trascini<\/li>\n\n\n\n<li>Arlete De C\u00e1ssia Tavares<\/li>\n\n\n\n<li>Anahi Marciano De Oliveira<\/li>\n\n\n\n<li>Lidiane Mayra Galv\u00e3o<\/li>\n\n\n\n<li>Solange Vasques<\/li>\n\n\n\n<li>Priscila Ferreira Marques Monteiro<\/li>\n\n\n\n<li>Vardirene Pereira Socorro<\/li>\n\n\n\n<li>Beatriz Silva Ruocco<\/li>\n\n\n\n<li>Agatha Naomy Silvestre Da Costa<\/li>\n\n\n\n<li>S\u00f4nia Regina Da Silva Lima<\/li>\n\n\n\n<li>Luana Rafaela Barbosa Marciano<\/li>\n\n\n\n<li>Raquel Pereira Rodrigues<\/li>\n\n\n\n<li>Eduarda Soares Alves<\/li>\n<\/ol>\n\n\n\n<p><strong>Oficina de boneca de pano<\/strong><\/p>\n\n\n\n<ol class=\"wp-block-list\">\n<li>Maria Luiza Geraldo<\/li>\n\n\n\n<li>Patr\u00edcia Nalini Martorano<\/li>\n\n\n\n<li>Gislene Batista Da Silva<\/li>\n\n\n\n<li>Maria L\u00facia Da Silva Cavalotti<\/li>\n\n\n\n<li>Elisa Spinace<\/li>\n\n\n\n<li>Vanuza Pereira Da Silva<\/li>\n\n\n\n<li>Rosemary Aparecida Duarte<\/li>\n\n\n\n<li>Luciane De Cassia Forati Mania<\/li>\n\n\n\n<li>Glecia Rocha Da Silva<\/li>\n\n\n\n<li>Lucilene Caroline Gimenes<\/li>\n<\/ol>\n\n\n\n<p><strong>Oficina: pontos b\u00e1sicos de macram\u00ea<\/strong><\/p>\n\n\n\n<ol class=\"wp-block-list\">\n<li>Karina Aparecida Da Silva Rocha<\/li>\n\n\n\n<li>Maria Elizabete Dos Santos Belchior<\/li>\n\n\n\n<li>Fernnanda Santos<\/li>\n\n\n\n<li>Maria De Jesus Sousa Messias<\/li>\n\n\n\n<li>Rosana Aparecida Pinto Silva<\/li>\n\n\n\n<li>Fabiana Coelho Santos De Assumpcao<\/li>\n\n\n\n<li>Luana Marques De Oliveira Paschoalin<\/li>\n\n\n\n<li>Luciene Carlos<\/li>\n\n\n\n<li>Adriana Garcia Rezzaghi<\/li>\n\n\n\n<li>Maristela Lopes<\/li>\n<\/ol>\n\n\n\n<p><strong>Oficina de Pintura Country<\/strong><\/p>\n\n\n\n<ol class=\"wp-block-list\">\n<li>Simone Ribeiro Martins<\/li>\n\n\n\n<li>T\u00e2nia De S\u00e1 Martins Carvalho Matheus<\/li>\n\n\n\n<li>Helena Teruko Yoshida Kazama<\/li>\n\n\n\n<li>Valeria Regina Thomasini Gregio<\/li>\n\n\n\n<li>Janice Bunese Sladkevicius<\/li>\n\n\n\n<li>Cristina Szwarctuch<\/li>\n\n\n\n<li>Karina Rosa Da Silva<\/li>\n\n\n\n<li>Dani Figueiredo<\/li>\n<\/ol>\n\n\n\n<p><strong>Bolachas decoradas<\/strong><\/p>\n\n\n\n<ol class=\"wp-block-list\">\n<li>Aline Pereira Kida<\/li>\n\n\n\n<li>Erika Nikitza Shiauha Harth Chu<\/li>\n\n\n\n<li>Maria Elisa Da Silva Rangel De Castro<\/li>\n\n\n\n<li>K\u00e1tia Cilene Fernandes Morato<\/li>\n\n\n\n<li>Ana Carolina Vizone Silva<\/li>\n\n\n\n<li>Edilaine Spinace<\/li>\n\n\n\n<li>Luzenir Alves De Lima<\/li>\n\n\n\n<li>Micheli Cristina De Souza Ferrari<\/li>\n\n\n\n<li>Alzira Pereira Dos Santos<\/li>\n\n\n\n<li>Elisana De F\u00e1tima Miras Pires Gimenes<\/li>\n\n\n\n<li>Rosilene Rocha De Souza<\/li>\n\n\n\n<li>Erika Fernanda Trevisan De Almeida Vendramini<\/li>\n\n\n\n<li>Simone Cergoli Navigle<\/li>\n\n\n\n<li>Gabriele Martins<\/li>\n\n\n\n<li>Margarete Da Silva Cuesta De Lima<\/li>\n\n\n\n<li>Renata Rodrigues Cust\u00f3dio Da Silva<\/li>\n\n\n\n<li>Camila Gilioli Rodrigues<\/li>\n\n\n\n<li>Priscila Cristine Da Silva Almeida<\/li>\n\n\n\n<li>Sheila Pincinato<\/li>\n\n\n\n<li>Jefferson Luis Dos Santos<\/li>\n<\/ol>\n\n\n\n<p><strong>Pizzas cl\u00e1ssicas \u2013 Turma 1\u00aa<\/strong><\/p>\n\n\n\n<ol class=\"wp-block-list\">\n<li>Ariana Dominis<\/li>\n\n\n\n<li>D\u00e9bora Polo Alves<\/li>\n\n\n\n<li>Marcos Otavio Alves De Lima<\/li>\n\n\n\n<li>Fabio Aparecido Tiburcio<\/li>\n\n\n\n<li>Michelle Da Cunha Buzaneli<\/li>\n\n\n\n<li>Denise De Santis Pinto<\/li>\n\n\n\n<li>Noeli Ferreira<\/li>\n\n\n\n<li>Milena Arbach De Lima<\/li>\n\n\n\n<li>Elisabete Da Silva Taboada<\/li>\n\n\n\n<li>Giovanna Fernanda Seme\u00e3o De Almeida<\/li>\n\n\n\n<li>Neide Barbosa Da Silva<\/li>\n\n\n\n<li>Tiago Vilucci Ruiz R\u00f3pa<\/li>\n\n\n\n<li>Jefferson Felipe Manha<\/li>\n\n\n\n<li>Alexandre De Camargo Fiori<\/li>\n\n\n\n<li>Gerson Aparecido Hoehne<\/li>\n\n\n\n<li>Paulo Diogo De Oliveira Guagliano<\/li>\n\n\n\n<li>Jaqueline Isabel Dos Santos Theodoro<\/li>\n\n\n\n<li>Maria Aparecida De Lima D&#8217;amico<\/li>\n\n\n\n<li>Eliana Martins<\/li>\n\n\n\n<li>Andre Luiz Gon\u00e7alves<\/li>\n<\/ol>\n\n\n\n<p><strong>Pizzas Cl\u00e1ssicas \u2013 Turma 2<\/strong><\/p>\n\n\n\n<ol class=\"wp-block-list\">\n<li>Vanessa Aparecida Cestaroli<\/li>\n\n\n\n<li>Fabiana Michele Da Cruz<\/li>\n\n\n\n<li>Eduardo Di Pietrantonio<\/li>\n\n\n\n<li>Maurino Gon\u00e7alves<\/li>\n\n\n\n<li>Cristiane Regina Biasin<\/li>\n\n\n\n<li>Elisabete Assis Da Silva<\/li>\n\n\n\n<li>Adriana Rodrigues Carneiro Gon\u00e7alves<\/li>\n\n\n\n<li>Gideone Nascimento Martins Bastos<\/li>\n\n\n\n<li>Talita Gabriela Tomaz Leal<\/li>\n\n\n\n<li>Kau\u00ea De S\u00e1 Martins Carvalho Matheus<\/li>\n\n\n\n<li>Adilson Ferreira De Lima<\/li>\n\n\n\n<li>Juliana Mantovani De Souza<\/li>\n\n\n\n<li>Helio Pasetto<\/li>\n\n\n\n<li>Rosangela Rodrigues<\/li>\n\n\n\n<li>Douglas Pessim Mar\u00e7al<\/li>\n\n\n\n<li>Janaina Anastacio<\/li>\n\n\n\n<li>Djalma Donizeti Franco De Godoy<\/li>\n\n\n\n<li>Lucineia Aparecida Santos Pereira<\/li>\n\n\n\n<li>S\u00f4nia Regina Pires De Lima<\/li>\n\n\n\n<li>Jos\u00e9 Ant\u00f4nio Siqueira De Lima<\/li>\n<\/ol>\n\n\n\n<p><strong>Workshop de caldos e sopas<\/strong><\/p>\n\n\n\n<ol class=\"wp-block-list\">\n<li>Katia Regina Da Veiga<\/li>\n\n\n\n<li>Samara Amaral Dos Santos<\/li>\n\n\n\n<li>Jessica Ivany Do Prado Rocha<\/li>\n\n\n\n<li>Marina De Oliveira Garcia<\/li>\n\n\n\n<li>Michele Suiter Cenini<\/li>\n\n\n\n<li>Fatima Regina Lamas Leandro<\/li>\n\n\n\n<li>Rachel Fornasari<\/li>\n\n\n\n<li>Ivone Monteiro<\/li>\n\n\n\n<li>Ana Rosa Fraga<\/li>\n\n\n\n<li>Cleusa Gon\u00e7alves Tomaz Leal<\/li>\n\n\n\n<li>Fernanda Lima Vieira Da Rocha<\/li>\n\n\n\n<li>Heloisa Shizuko Inamura<\/li>\n\n\n\n<li>Camilla Lamas Leandro<\/li>\n\n\n\n<li>Cam\u00edla Vieira<\/li>\n\n\n\n<li>Everton Cirino Sudre<\/li>\n\n\n\n<li>Ana Paula Maria Da Silva<\/li>\n\n\n\n<li>Marcela Luzia Cavalli Soares Da Silva<\/li>\n\n\n\n<li>Priscila Augusto<\/li>\n\n\n\n<li>Adriana Aparecida Silva Santos<\/li>\n\n\n\n<li>Solange Macedo Pasetto<\/li>\n<\/ol>\n\n\n\n<p><strong>Do\u00e7aria Brasileira<\/strong><\/p>\n\n\n\n<ol class=\"wp-block-list\">\n<li>Larissa Jenifer Da Silva<\/li>\n\n\n\n<li>Rebeca Dos Santos Anjos<\/li>\n\n\n\n<li>Felomena Maximiano Silva De Sa<\/li>\n\n\n\n<li>Adriana Lopes Da Silva<\/li>\n\n\n\n<li>Vanessa Carvalho Da Silva<\/li>\n\n\n\n<li>Regiane Nascimento Passos<\/li>\n\n\n\n<li>Grazielle Florentino De Oliveira<\/li>\n\n\n\n<li>Suely Da Silva Monteiro<\/li>\n\n\n\n<li>Claudia Cristina Affonso<\/li>\n\n\n\n<li>Cristiane Donizete Passos Trindade<\/li>\n\n\n\n<li>Genilson Marcos Campos Da Silva<\/li>\n\n\n\n<li>Rafaela Gobbo Rubio<\/li>\n\n\n\n<li>Thabata Regina De Souza Lucas<\/li>\n\n\n\n<li>Nayara Sbardelatti Rodrigues Gualaci<\/li>\n\n\n\n<li>Renata Buscato Martins<\/li>\n\n\n\n<li>Geyza Ac\u00eancio Pellizzer<\/li>\n\n\n\n<li>Fabiana De Lima Fernandes<\/li>\n\n\n\n<li>D\u00e9bora Moron Cavallini<\/li>\n\n\n\n<li>Ariane De Moraes Giraldelli<\/li>\n\n\n\n<li>Zenith Alves Rodrigues<\/li>\n<\/ol>\n\n\n\n<p><strong>Workshop de risotos<\/strong><\/p>\n\n\n\n<ol class=\"wp-block-list\">\n<li>Aline De Souza Santana<\/li>\n\n\n\n<li>Lilian Aires Dilelle Alves<\/li>\n\n\n\n<li>Rossana De Moura Benatti<\/li>\n\n\n\n<li>Marlei Aparecida De Souza<\/li>\n\n\n\n<li>Ana Lucia Ribeiro<\/li>\n\n\n\n<li>Marcella Batista Lins<\/li>\n\n\n\n<li>Heloise De Fatima Pagotto<\/li>\n\n\n\n<li>Thalita Da Silva Ferreira De Lima<\/li>\n\n\n\n<li>Vanessa Passoni Camargo<\/li>\n\n\n\n<li>Adriana Regina Perugini Rodrigues Santos<\/li>\n\n\n\n<li>Eliana M\u00e1rcia \u00c1lvares Ribeiro Cavalli<\/li>\n\n\n\n<li>V\u00e2nia Regina Marcuci<\/li>\n\n\n\n<li>Eliana Pedroso Rodrigues Vicentin<\/li>\n\n\n\n<li>Katia Margarete Silv\u00e9rio Da Cunha<\/li>\n\n\n\n<li>Susete Picolo Zampirom<\/li>\n\n\n\n<li>Clotilde Salim<\/li>\n\n\n\n<li>Simone Raquel De Resende<\/li>\n\n\n\n<li>Su\u00e9len Karoline Lopes Fran\u00e7a<\/li>\n\n\n\n<li>Luciana Aparecida De Oliveira<\/li>\n\n\n\n<li>Nayara Gon\u00e7alves Da Silva<\/li>\n<\/ol>\n\n\n\n<p><strong>Cozinha brasileira<\/strong><\/p>\n\n\n\n<ol class=\"wp-block-list\">\n<li>Cristina Aparecida Da Silva<\/li>\n\n\n\n<li>Maria Rita Baialuna Dos Santos<\/li>\n\n\n\n<li>Graziela Pistarini<\/li>\n\n\n\n<li>Ju\u00e7ara Crisostomo Ruzza<\/li>\n\n\n\n<li>Claudio Roberto De Oliveira<\/li>\n\n\n\n<li>Mariana Penteado Cruppe<\/li>\n\n\n\n<li>Luiza Campos<\/li>\n\n\n\n<li>Sangela Aparecida Salvador Zanutto<\/li>\n\n\n\n<li>Valeska Lorrana De Carvalho<\/li>\n\n\n\n<li>Adriana Pagotto<\/li>\n\n\n\n<li>Maria Gisele Pereira Coelho<\/li>\n\n\n\n<li>Jos\u00e9 Carlos Rodrigues De Castro<\/li>\n\n\n\n<li>Angelica Alc\u00e2ntara Ribeiro<\/li>\n\n\n\n<li>Maria Cl\u00e1udia Bonaldo Maciel<\/li>\n\n\n\n<li>J\u00e9ssica Destri Bueno<\/li>\n\n\n\n<li>Karina Adriana De Oliveira Silva<\/li>\n\n\n\n<li>Alan Rodrigues<\/li>\n\n\n\n<li>Solangy Trivino<\/li>\n\n\n\n<li>F\u00e1bio Aparecido Tib\u00farcio<\/li>\n\n\n\n<li>Eduardo Di Pietrotonio<\/li>\n<\/ol>\n\n\n\n<p><strong>Workshop de marmitas fit<\/strong><\/p>\n\n\n\n<ol class=\"wp-block-list\">\n<li>Suelen De Moraes Zaniratto<\/li>\n\n\n\n<li>Cristiane De F\u00e1tima Madonia Fontenele<\/li>\n\n\n\n<li>Rosinei Bruno De Assis<\/li>\n\n\n\n<li>Maria Jos\u00e9 Da Costa E Silva<\/li>\n\n\n\n<li>Michele Bezerra Lucas Bueno<\/li>\n\n\n\n<li>Cristiane Rodrigues De Oliveira Gon\u00e7alves<\/li>\n\n\n\n<li>Katilene Tatiane Alves Siqueira<\/li>\n\n\n\n<li>Adisl\u00e2ine Mendes<\/li>\n\n\n\n<li>Adilis Mendes<\/li>\n\n\n\n<li>Tais Helena Mariano Peixoto<\/li>\n\n\n\n<li>Cintia Isabela Da Silva Balsamo<\/li>\n\n\n\n<li>Alair Viviane Costalonga<\/li>\n\n\n\n<li>Solange De Oliveira Acciari<\/li>\n\n\n\n<li>J\u00f4ae Cavalcante Lima<\/li>\n\n\n\n<li>Paula Cayres Braun De Toledo<\/li>\n\n\n\n<li>Aline De Souza Santana<\/li>\n\n\n\n<li>Mariana Penteado Cruppe<\/li>\n\n\n\n<li>Adriana Aparecida Silva Santos<\/li>\n\n\n\n<li>Adriana Regina Perugini Rodrigues Santos<\/li>\n\n\n\n<li>Adriana Pegotto<\/li>\n<\/ol>\n\n\n\n<p><strong>Auxiliar de Cabeleireiro<\/strong><\/p>\n\n\n\n<ol class=\"wp-block-list\">\n<li>Fl\u00e1via Matias Viana<\/li>\n\n\n\n<li>Bianca Fazam<\/li>\n\n\n\n<li>Graziela Melo Andrade Ricardo<\/li>\n\n\n\n<li>Samuel Dos Santos<\/li>\n\n\n\n<li>Fernando Silva<\/li>\n\n\n\n<li>Jhoneris Msrioska Colmenarez M\u00fajica<\/li>\n\n\n\n<li>Tatiane Mariano<\/li>\n\n\n\n<li>Jullyan Henrique De Almeida<\/li>\n\n\n\n<li>Carla Fernandes Dos Santos Marques<\/li>\n\n\n\n<li>Rita De C\u00e1ssia Martins<\/li>\n\n\n\n<li>Celeste Zanatta Ferrari Garc\u00eda<\/li>\n\n\n\n<li>Davi De Lima Santos<\/li>\n\n\n\n<li>Hillary Martins Santos<\/li>\n\n\n\n<li>Ligia Goes Nizio<\/li>\n\n\n\n<li>Nayara Danielli De Morais<\/li>\n\n\n\n<li>Adriana Batista Dos Reis<\/li>\n\n\n\n<li>Elis\u00e2ngela Cristina Silva Rodrigues Ramos<\/li>\n\n\n\n<li>Angelica Alcantara Ribeiro<\/li>\n<\/ol>\n\n\n\n<p><strong>Designer de Sobrancelha<\/strong><\/p>\n\n\n\n<ol class=\"wp-block-list\">\n<li>Elaine Dias Albano<\/li>\n\n\n\n<li>J\u00e9ssica Nayara Coelho Gomes Alves<\/li>\n\n\n\n<li>Evelyn Belafonte Dias<\/li>\n\n\n\n<li>Yasmin Cristina De Oliveira Cezario<\/li>\n\n\n\n<li>Francisca Lindomar De Almeida Dos Santos<\/li>\n\n\n\n<li>Christiane Alves De Oliveira Almeida<\/li>\n\n\n\n<li>Cristiane Aparecida Alves Aguilar<\/li>\n\n\n\n<li>Selvani Dias De Souza<\/li>\n\n\n\n<li>J\u00e9ssica Dos Santos Farias<\/li>\n\n\n\n<li>Luiz Carlos Louren\u00e7oni<\/li>\n\n\n\n<li>Tatiana Dos Santos Cimino Gar\u00e7on<\/li>\n\n\n\n<li>Patr\u00edcia Forati Mania<\/li>\n\n\n\n<li>Larissa Jana\u00edna De Oliveira Souza Caldeira<\/li>\n\n\n\n<li>Ana Paula Ferreira De Souza<\/li>\n\n\n\n<li>Juliana L\u00facio Baad<\/li>\n\n\n\n<li>Erisvalda Lima<\/li>\n\n\n\n<li>Luzia Luciane De Jesus Coronado<\/li>\n\n\n\n<li>Fernanda Mara Leite De Morais<\/li>\n\n\n\n<li>Carolina Alves<\/li>\n\n\n\n<li>Aline Saltorato Furquim<\/li>\n<\/ol>\n\n\n\n<p>Os contemplados receber\u00e3o uma mensagem de WhatsApp para confirma\u00e7\u00e3o da matr\u00edcula. Se o contemplado n\u00e3o responder \u00e0 mensagem em 24 horas, ter\u00e1 sua pr\u00e9-inscri\u00e7\u00e3o cancelada. As fichas n\u00e3o contempladas est\u00e3o, automaticamente, na lista de espera e poder\u00e3o ser convocadas somente em caso de desist\u00eancia at\u00e9 o segundo dia do curso.<\/p>\n\n\n\n<p>As aulas ser\u00e3o realizadas na sede do Fundo Social, cujo endere\u00e7o \u00e9 o Parque da Uva. O acesso \u00e9 pela avenida Dona Manoela Lacerda de Vergueiro, s\/n, port\u00e3o 03, bairro Anhangaba\u00fa. O funcionamento da unidade \u00e9 de segunda a sexta-feira, das 8h \u00e0s 17h, exceto feriados. Informa\u00e7\u00f5es pelos telefones (11) 4589-6319 e 4589-6320.<\/p>\n\n\n\n<p><strong>Assessoria de Imprensa<\/strong><\/p>\n","protected":false},"excerpt":{"rendered":"<p>Nesta quinta-feira (22), o Fundo Social de Solidariedade de Jundia\u00ed (Funss) divulga a lista de alunos contemplados para as vagas em diversos cursos. A pr\u00e9-inscri\u00e7\u00e3o foi feita pela internet, no dia 19 de junho, e o crit\u00e9rio de sele\u00e7\u00e3o e forma\u00e7\u00e3o das turmas foi a ordem de envio do formul\u00e1rio Google, que considerou hora, minuto [&hellip;]<\/p>\n","protected":false},"author":39,"featured_media":320287,"comment_status":"closed","ping_status":"0","sticky":false,"template":"","format":"standard","meta":{"footnotes":""},"categories":[2],"tags":[416],"ods":[],"class_list":["post-320280","post","type-post","status-publish","format-standard","has-post-thumbnail","hentry","category-noticias","tag-fundo-social-de-solidariedade-funss"],"_links":{"self":[{"href":"https:\/\/jundiai.sp.gov.br\/noticias\/wp-json\/wp\/v2\/posts\/320280","targetHints":{"allow":["GET"]}}],"collection":[{"href":"https:\/\/jundiai.sp.gov.br\/noticias\/wp-json\/wp\/v2\/posts"}],"about":[{"href":"https:\/\/jundiai.sp.gov.br\/noticias\/wp-json\/wp\/v2\/types\/post"}],"author":[{"embeddable":true,"href":"https:\/\/jundiai.sp.gov.br\/noticias\/wp-json\/wp\/v2\/users\/39"}],"replies":[{"embeddable":true,"href":"https:\/\/jundiai.sp.gov.br\/noticias\/wp-json\/wp\/v2\/comments?post=320280"}],"version-history":[{"count":3,"href":"https:\/\/jundiai.sp.gov.br\/noticias\/wp-json\/wp\/v2\/posts\/320280\/revisions"}],"predecessor-version":[{"id":320289,"href":"https:\/\/jundiai.sp.gov.br\/noticias\/wp-json\/wp\/v2\/posts\/320280\/revisions\/320289"}],"wp:featuredmedia":[{"embeddable":true,"href":"https:\/\/jundiai.sp.gov.br\/noticias\/wp-json\/wp\/v2\/media\/320287"}],"wp:attachment":[{"href":"https:\/\/jundiai.sp.gov.br\/noticias\/wp-json\/wp\/v2\/media?parent=320280"}],"wp:term":[{"taxonomy":"category","embeddable":true,"href":"https:\/\/jundiai.sp.gov.br\/noticias\/wp-json\/wp\/v2\/categories?post=320280"},{"taxonomy":"post_tag","embeddable":true,"href":"https:\/\/jundiai.sp.gov.br\/noticias\/wp-json\/wp\/v2\/tags?post=320280"},{"taxonomy":"ods","embeddable":true,"href":"https:\/\/jundiai.sp.gov.br\/noticias\/wp-json\/wp\/v2\/ods?post=320280"}],"curies":[{"name":"wp","href":"https:\/\/api.w.org\/{rel}","templated":true}]}}