{"id":320429,"date":"2023-06-24T08:00:00","date_gmt":"2023-06-24T11:00:00","guid":{"rendered":"https:\/\/jundiai.sp.gov.br\/noticias\/?p=320429"},"modified":"2023-06-27T09:49:38","modified_gmt":"2023-06-27T12:49:38","slug":"motociclistas-pela-causa-empresas-ja-podem-se-inscrever-para-participar-do-evento","status":"publish","type":"post","link":"https:\/\/jundiai.sp.gov.br\/noticias\/2023\/06\/24\/motociclistas-pela-causa-empresas-ja-podem-se-inscrever-para-participar-do-evento\/","title":{"rendered":"Motociclistas Pela Causa: empresas j\u00e1 podem se inscrever para participar do evento"},"content":{"rendered":"\n<p>Empresas de produtos e servi\u00e7os ligadas ao ramo motocicl\u00edstico podem fazer a pr\u00e9-inscri\u00e7\u00e3o para participar do evento \u201cMotociclistas pela Causa\u201d, que ser\u00e1 realizado dia 23 de julho, das 10h \u00e0s 17h, no estacionamento do Pa\u00e7o Municipal. O <a href=\"https:\/\/docs.google.com\/forms\/d\/e\/1FAIpQLScLNOdAwva31TFw3xCpQsuFE2IB-1kVIFjNvgW5Kw9x0GwfIg\/viewform\">formul\u00e1rio \u00e9 on-line<\/a> e foi publicado na <a href=\"https:\/\/imprensaoficial.jundiai.sp.gov.br\/edicao-5289\/\">Imprensa Oficial<\/a> desta sexta-feira (23). Quem tem foodtruck tamb\u00e9m poder\u00e1 fazer a pr\u00e9-inscri\u00e7\u00e3o para atuar na \u00e1rea de alimenta\u00e7\u00e3o.&nbsp;<\/p>\n\n\n\n<p>A participa\u00e7\u00e3o \u00e9 gratuita e os interessados precisam ter o CNPJ registrado em Jundia\u00ed. A publica\u00e7\u00e3o com a lista dos convocados ser\u00e1 feita dia 3 de julho e todos ter\u00e3o at\u00e9 o dia 7 de julho para confirmar o interesse e apresentar a documenta\u00e7\u00e3o exigida. No dia 10 de julho ser\u00e1 divulgada tamb\u00e9m pela Imprensa Oficial a lista oficial dos participantes.<\/p>\n\n\n\n<figure class=\"wp-block-image size-large\"><img loading=\"lazy\" decoding=\"async\" width=\"1280\" height=\"765\" src=\"https:\/\/jundiai.sp.gov.br\/noticias\/wp-content\/uploads\/sites\/32\/2023\/06\/img-9282-1-1280x765.jpg\" alt=\"IMAGEM COLORIDA MOSTRA UMA M\u00c3O SEGURANDO UM L\u00c1PIS, EM DIRE\u00c7\u00c3O \u00c0 TELA DO COMPUTADOR. NELA EST\u00c1 O FORMUL\u00c1RIO ON-LINE PARA OS INTERESSADOS EM PARTICIPAR DO EVENTO MOTOCICLISTAS PELA CAUSA\" class=\"wp-image-320471\" srcset=\"https:\/\/jundiai.sp.gov.br\/noticias\/wp-content\/uploads\/sites\/32\/2023\/06\/img-9282-1-1280x765.jpg 1280w, https:\/\/jundiai.sp.gov.br\/noticias\/wp-content\/uploads\/sites\/32\/2023\/06\/img-9282-1-300x179.jpg 300w, https:\/\/jundiai.sp.gov.br\/noticias\/wp-content\/uploads\/sites\/32\/2023\/06\/img-9282-1-768x459.jpg 768w, https:\/\/jundiai.sp.gov.br\/noticias\/wp-content\/uploads\/sites\/32\/2023\/06\/img-9282-1-1536x918.jpg 1536w, https:\/\/jundiai.sp.gov.br\/noticias\/wp-content\/uploads\/sites\/32\/2023\/06\/img-9282-1.jpg 1900w\" sizes=\"auto, (max-width: 1280px) 100vw, 1280px\" \/><figcaption class=\"wp-element-caption\">Interessados em expor produtos e servi\u00e7os podem preencher a pr\u00e9-inscri\u00e7\u00e3o pela internet<\/figcaption><\/figure>\n\n\n\n<p>De acordo com o edital, podem fazer a pr\u00e9-inscri\u00e7\u00e3o empresas de atividades de com\u00e9rcio ou servi\u00e7o ligadas ao prop\u00f3sito do evento, como venda de motocicletas novas ou usadas, venda de pe\u00e7as de acess\u00f3rios em geral para motocicletas e motociclistas, servi\u00e7os de seguro, oficina e reparos para motocicletas. Ser\u00e3o disponibilizados 20 espa\u00e7os de 25 m\u00b2 cada um. J\u00e1 para os foodtrucks, ser\u00e3o destinadas 12 vagas, entre alimenta\u00e7\u00e3o e bebidas.<\/p>\n\n\n\n<p><strong>A\u00e7\u00f5es sociais<\/strong><\/p>\n\n\n\n<p>O <a href=\"https:\/\/jundiai.sp.gov.br\/noticias\/2023\/06\/16\/dia-do-motociclista-sera-comemorado-em-jundiai-com-evento-social-e-conscientizacao\/\">evento \u201cMotociclistas pela Causa\u201d ser\u00e1 dia 23 de julho<\/a>, das 10h \u00e0s 17h, no estacionamento do Pa\u00e7o Municipal. A organiza\u00e7\u00e3o \u00e9 da Prefeitura de Jundia\u00ed, em parceria com os motoclubes e apoio da Pol\u00edcia Civil do Estado de S\u00e3o Paulo.<\/p>\n\n\n\n<p>No dia est\u00e3o previstas participa\u00e7\u00f5es de profissionais de sa\u00fade especialistas da ABrELA (Associa\u00e7\u00e3o Brasileira de Esclerose Lateral Amiotr\u00f3fica) e da Associa\u00e7\u00e3o Pr\u00f3-Cura da ELA para orienta\u00e7\u00e3o sobre a doen\u00e7a, shows de rock e \u00e1rea de alimenta\u00e7\u00e3o com food trucks. Uma atra\u00e7\u00e3o especial ser\u00e1 a apresenta\u00e7\u00e3o de moto habilidade, feita pelo policial civil Zanoni Botelho, instrutor e competidor internacional. Motoclubes participantes: Andarilhos, Bodes do Asfalto, Brazilian Bikers, Caveiras do Japi, Expl\u00edcito, Filhos da Lua, Grupo Rota Brasil, Insanos, Ins\u00f4nia Adventure, Irmandade Duas Rodas, Legi\u00e3o Perdida, Nomad, Piores, Rebeli\u00e3o e Zanoni Team.<\/p>\n\n\n\n<p><strong>Assessoria de Imprensa<br>Foto: Fot\u00f3grafo\/PMJ <\/strong><\/p>\n","protected":false},"excerpt":{"rendered":"<p>Empresas de produtos e servi\u00e7os ligadas ao ramo motocicl\u00edstico podem fazer a pr\u00e9-inscri\u00e7\u00e3o para participar do evento \u201cMotociclistas pela Causa\u201d, que ser\u00e1 realizado dia 23 de julho, das 10h \u00e0s 17h, no estacionamento do Pa\u00e7o Municipal. O formul\u00e1rio \u00e9 on-line e foi publicado na Imprensa Oficial desta sexta-feira (23). Quem tem foodtruck tamb\u00e9m poder\u00e1 fazer [&hellip;]<\/p>\n","protected":false},"author":97,"featured_media":320435,"comment_status":"closed","ping_status":"0","sticky":false,"template":"","format":"standard","meta":{"footnotes":""},"categories":[2],"tags":[365,416,1936],"ods":[],"class_list":["post-320429","post","type-post","status-publish","format-standard","has-post-thumbnail","hentry","category-noticias","tag-desenvolvimento-economico-ciencia-e-tecnologia","tag-fundo-social-de-solidariedade-funss","tag-motociclista"],"_links":{"self":[{"href":"https:\/\/jundiai.sp.gov.br\/noticias\/wp-json\/wp\/v2\/posts\/320429","targetHints":{"allow":["GET"]}}],"collection":[{"href":"https:\/\/jundiai.sp.gov.br\/noticias\/wp-json\/wp\/v2\/posts"}],"about":[{"href":"https:\/\/jundiai.sp.gov.br\/noticias\/wp-json\/wp\/v2\/types\/post"}],"author":[{"embeddable":true,"href":"https:\/\/jundiai.sp.gov.br\/noticias\/wp-json\/wp\/v2\/users\/97"}],"replies":[{"embeddable":true,"href":"https:\/\/jundiai.sp.gov.br\/noticias\/wp-json\/wp\/v2\/comments?post=320429"}],"version-history":[{"count":8,"href":"https:\/\/jundiai.sp.gov.br\/noticias\/wp-json\/wp\/v2\/posts\/320429\/revisions"}],"predecessor-version":[{"id":320594,"href":"https:\/\/jundiai.sp.gov.br\/noticias\/wp-json\/wp\/v2\/posts\/320429\/revisions\/320594"}],"wp:featuredmedia":[{"embeddable":true,"href":"https:\/\/jundiai.sp.gov.br\/noticias\/wp-json\/wp\/v2\/media\/320435"}],"wp:attachment":[{"href":"https:\/\/jundiai.sp.gov.br\/noticias\/wp-json\/wp\/v2\/media?parent=320429"}],"wp:term":[{"taxonomy":"category","embeddable":true,"href":"https:\/\/jundiai.sp.gov.br\/noticias\/wp-json\/wp\/v2\/categories?post=320429"},{"taxonomy":"post_tag","embeddable":true,"href":"https:\/\/jundiai.sp.gov.br\/noticias\/wp-json\/wp\/v2\/tags?post=320429"},{"taxonomy":"ods","embeddable":true,"href":"https:\/\/jundiai.sp.gov.br\/noticias\/wp-json\/wp\/v2\/ods?post=320429"}],"curies":[{"name":"wp","href":"https:\/\/api.w.org\/{rel}","templated":true}]}}