{"id":321403,"date":"2023-07-07T10:07:18","date_gmt":"2023-07-07T13:07:18","guid":{"rendered":"https:\/\/jundiai.sp.gov.br\/noticias\/?p=321403"},"modified":"2023-07-07T10:07:18","modified_gmt":"2023-07-07T13:07:18","slug":"agenda-cultural-varias-opcoes-para-o-final-de-semana-na-cidade-2","status":"publish","type":"post","link":"https:\/\/jundiai.sp.gov.br\/noticias\/2023\/07\/07\/agenda-cultural-varias-opcoes-para-o-final-de-semana-na-cidade-2\/","title":{"rendered":"Agenda Cultural: V\u00e1rias op\u00e7\u00f5es para o final de semana na cidade"},"content":{"rendered":"\n<p>A Unidade de Gest\u00e3o de Cultura (UGC) programou para esse final de semana &#8211; s\u00e1bado (08) e domingo (09) &#8211; em seus equipamentos culturais, diversas a\u00e7\u00f5es com entrada gratuita, com o objetivo de reunir p\u00fablico das mais diferentes idades, sempre priorizando a\u00e7\u00f5es que possam contribuir com a difus\u00e3o cultural em diversos segmentos.<\/p>\n\n\n\n<p>Confira a programa\u00e7\u00e3o do final de semana nos equipamentos culturais:<\/p>\n\n\n\n<figure class=\"wp-block-image size-large\"><img loading=\"lazy\" decoding=\"async\" width=\"1280\" height=\"854\" src=\"https:\/\/jundiai.sp.gov.br\/noticias\/wp-content\/uploads\/sites\/32\/2023\/07\/ferias-1280x854.jpg\" alt=\"\" class=\"wp-image-321416\" srcset=\"https:\/\/jundiai.sp.gov.br\/noticias\/wp-content\/uploads\/sites\/32\/2023\/07\/ferias-1280x854.jpg 1280w, https:\/\/jundiai.sp.gov.br\/noticias\/wp-content\/uploads\/sites\/32\/2023\/07\/ferias-300x200.jpg 300w, https:\/\/jundiai.sp.gov.br\/noticias\/wp-content\/uploads\/sites\/32\/2023\/07\/ferias-768x512.jpg 768w, https:\/\/jundiai.sp.gov.br\/noticias\/wp-content\/uploads\/sites\/32\/2023\/07\/ferias-1536x1024.jpg 1536w, https:\/\/jundiai.sp.gov.br\/noticias\/wp-content\/uploads\/sites\/32\/2023\/07\/ferias-450x300.jpg 450w, https:\/\/jundiai.sp.gov.br\/noticias\/wp-content\/uploads\/sites\/32\/2023\/07\/ferias.jpg 1900w\" sizes=\"auto, (max-width: 1280px) 100vw, 1280px\" \/><figcaption class=\"wp-element-caption\">Atividades para a fam\u00edlia inteira<\/figcaption><\/figure>\n\n\n\n<p><strong>F\u00e1brica das Inf\u00e2ncias Japy<\/strong><\/p>\n\n\n\n<p>A programa\u00e7\u00e3o gratuita voltada para o p\u00fablico infantojuvenil integra o programa municipal Cidade das Crian\u00e7as e pode ser apreciada por todas as fam\u00edlias.&nbsp;<\/p>\n\n\n\n<p>Sempre aos finais de semana \u2013 s\u00e1bados e domingos \u2013 com entrada gratuita, a partir das 10h30, com atra\u00e7\u00f5es diferenciadas para a garotada de 2 a 12 anos.<\/p>\n\n\n\n<p>Neste final de semana, no s\u00e1bado, a bailarina Andressa Rondon apresenta seu projeto contemplado pelo ProAc, \u201cA Tal Dan\u00e7a Criativa\u201d. J\u00e1 no domingo, h\u00e1 conta\u00e7\u00e3o de hist\u00f3ria com Duda Ohoe, \u201cA Casa Babayaga\u201d.<\/p>\n\n\n\n<p>A F\u00e1brica Japy est\u00e1 localizada na rua Lacerda Franco, 175, Vila Arens. Mais informa\u00e7\u00f5es 4521-0971. Hor\u00e1rio de funcionamento no s\u00e1bado e no domingo \u00e9 das 9h \u00e0s 13h.<\/p>\n\n\n\n<p><strong>Biblioteca Nelson Foot (BNF)<\/strong><\/p>\n\n\n\n<figure class=\"wp-block-gallery has-nested-images columns-default is-cropped wp-block-gallery-1 is-layout-flex wp-block-gallery-is-layout-flex\">\n<figure class=\"wp-block-image size-large\"><img loading=\"lazy\" decoding=\"async\" width=\"1280\" height=\"853\" data-id=\"321413\" src=\"https:\/\/jundiai.sp.gov.br\/noticias\/wp-content\/uploads\/sites\/32\/2023\/07\/xadrez-1.png\" alt=\"\" class=\"wp-image-321413\" srcset=\"https:\/\/jundiai.sp.gov.br\/noticias\/wp-content\/uploads\/sites\/32\/2023\/07\/xadrez-1.png 1280w, https:\/\/jundiai.sp.gov.br\/noticias\/wp-content\/uploads\/sites\/32\/2023\/07\/xadrez-1-300x200.png 300w, https:\/\/jundiai.sp.gov.br\/noticias\/wp-content\/uploads\/sites\/32\/2023\/07\/xadrez-1-768x512.png 768w, https:\/\/jundiai.sp.gov.br\/noticias\/wp-content\/uploads\/sites\/32\/2023\/07\/xadrez-1-450x300.png 450w\" sizes=\"auto, (max-width: 1280px) 100vw, 1280px\" \/><figcaption class=\"wp-element-caption\">Jogo de xadrez,<\/figcaption><\/figure>\n\n\n\n<figure class=\"wp-block-image size-large\"><img loading=\"lazy\" decoding=\"async\" width=\"1280\" height=\"720\" data-id=\"321410\" src=\"https:\/\/jundiai.sp.gov.br\/noticias\/wp-content\/uploads\/sites\/32\/2023\/07\/cia-cacavento1-1280x720.jpg\" alt=\"\" class=\"wp-image-321410\" srcset=\"https:\/\/jundiai.sp.gov.br\/noticias\/wp-content\/uploads\/sites\/32\/2023\/07\/cia-cacavento1-1280x720.jpg 1280w, https:\/\/jundiai.sp.gov.br\/noticias\/wp-content\/uploads\/sites\/32\/2023\/07\/cia-cacavento1-300x169.jpg 300w, https:\/\/jundiai.sp.gov.br\/noticias\/wp-content\/uploads\/sites\/32\/2023\/07\/cia-cacavento1-768x432.jpg 768w, https:\/\/jundiai.sp.gov.br\/noticias\/wp-content\/uploads\/sites\/32\/2023\/07\/cia-cacavento1-1536x864.jpg 1536w, https:\/\/jundiai.sp.gov.br\/noticias\/wp-content\/uploads\/sites\/32\/2023\/07\/cia-cacavento1.jpg 1600w\" sizes=\"auto, (max-width: 1280px) 100vw, 1280px\" \/><figcaption class=\"wp-element-caption\">Conta\u00e7\u00e3o de hist\u00f3rias e &#8230;<\/figcaption><\/figure>\n\n\n\n<figure class=\"wp-block-image size-large\"><img loading=\"lazy\" decoding=\"async\" width=\"960\" height=\"960\" data-id=\"321412\" src=\"https:\/\/jundiai.sp.gov.br\/noticias\/wp-content\/uploads\/sites\/32\/2023\/07\/foto-mario-rebolcas-polaroid-1-960x960.jpeg\" alt=\"\" class=\"wp-image-321412\" srcset=\"https:\/\/jundiai.sp.gov.br\/noticias\/wp-content\/uploads\/sites\/32\/2023\/07\/foto-mario-rebolcas-polaroid-1-960x960.jpeg 960w, https:\/\/jundiai.sp.gov.br\/noticias\/wp-content\/uploads\/sites\/32\/2023\/07\/foto-mario-rebolcas-polaroid-1-300x300.jpeg 300w, https:\/\/jundiai.sp.gov.br\/noticias\/wp-content\/uploads\/sites\/32\/2023\/07\/foto-mario-rebolcas-polaroid-1-100x100.jpeg 100w, https:\/\/jundiai.sp.gov.br\/noticias\/wp-content\/uploads\/sites\/32\/2023\/07\/foto-mario-rebolcas-polaroid-1-768x768.jpeg 768w, https:\/\/jundiai.sp.gov.br\/noticias\/wp-content\/uploads\/sites\/32\/2023\/07\/foto-mario-rebolcas-polaroid-1.jpeg 1440w\" sizes=\"auto, (max-width: 960px) 100vw, 960px\" \/><figcaption class=\"wp-element-caption\">lan\u00e7amento de livro, na BNF<\/figcaption><\/figure>\n<\/figure>\n\n\n\n<p>Na Biblioteca as atra\u00e7\u00f5es est\u00e3o concentradas no s\u00e1bado (08). A partir das 10h acontecem as aulas de xadrez na Biblioteca. Aberta a todos os interessados. No mesmo hor\u00e1rio, haver\u00e1 lan\u00e7amento dos livros da escritora Valderez de Mello (Vov\u00f3derez): \u201cVitinho o cabritinho mont\u00eas\u201d e \u201cPirilucas e Pozinho das Estralas\u201d.<\/p>\n\n\n\n<p>\u00c0s 11h tem apresenta\u00e7\u00e3o do Projeto L\u00ea No Ninho, com a participa\u00e7\u00e3o da Cia. Uni Verso &amp; Prosa.\u00a0 Voltado para crian\u00e7as de seis meses a quatro anos a atividade l\u00fadica que envolve pais e filhos ou cuidadores. Al\u00e9m do fortalecimento dos v\u00ednculos afetivos a proposta \u00e9 fomentar o gosto pela leitura entre crian\u00e7as. S\u00e3o 10 vagas gratuitas e a sess\u00e3o tem dura\u00e7\u00e3o de uma hora. A inscri\u00e7\u00e3o pode ser feita na Internet. Link de acesso ao formul\u00e1rio de inscri\u00e7\u00e3o: <a rel=\"noreferrer noopener\" href=\"https:\/\/docs.google.com\/forms\/d\/e\/1FAIpQLSe4FGNAKkyLIIHDGCMZHgmBzPPywnyNpb-aCIdpCfYLZXvR_w\/viewform\" target=\"_blank\">https:\/\/docs.google.com\/forms\/d\/e\/1FAIpQLSe4FGNAKkyLIIHDGCMZHgmBzPPywnyNpb-aCIdpCfYLZXvR_w\/viewform<\/a><\/p>\n\n\n\n<p>No per\u00edodo da tarde, das 15h \u00e0s 16h, tem conta\u00e7\u00e3o de hist\u00f3ria com a Cia Ca\u00e7a Vento. A partir de jogos divertidos, comandados pela Cia Ca\u00e7a Vento embarcaremos em diversas obras de maneira L\u00fadica e Divertida.<\/p>\n\n\n\n<p>\u00a0E abrindo a temporada de Oficinas de F\u00e9rias na Biblioteca, que ser\u00e1 realizada de 11 a 14 de julho, com tudo oferecido gratuitamente, o ator M\u00e1rio Rebou\u00e7as se apresenta das 16h \u00e0s 17h, com o mon\u00f3logo \u201cPolaroid\u201d, escrito a partir de um texto de Clarice Lispector.<\/p>\n\n\n\n<p>A Biblioteca est\u00e1 localizada no Complexo Argos, na rua Dr. Cavalcanti, 396 \u2013 Vila Arens. O hor\u00e1rio de funcionamento da BNF aos s\u00e1bados e feriados \u00e9 das 10h \u00e0s 17h. Durante a semana, das 9h \u00e0s 21h. Mais informa\u00e7\u00f5es pelo telefone: 4527-2110<\/p>\n\n\n\n<p><a href=\"https:\/\/cultura.jundiai.sp.gov.br\/espacos-culturais\/museu-historico-e-cultural-de-jundiai\/\">Museu Hist\u00f3rico e Cultural de Jundia\u00ed<\/a><\/p>\n\n\n\n<p>O Museu Hist\u00f3rico e Cultural \u2013 Solar do Bar\u00e3o, bem como seu jardim, s\u00e3o uma excelente op\u00e7\u00e3o de lazer e cultura. O p\u00fablico poder\u00e1 conferir a exposi\u00e7\u00e3o \u201cHolocausto \u2013 para que nunca se negue, para que nunca se esque\u00e7a e para que nunca mais se repita\u201d. O Museu est\u00e1 localizado na rua Bar\u00e3o de Jundia\u00ed, 762 \u2013 Centro. O hor\u00e1rio de visita\u00e7\u00e3o \u00e9 das 10h \u00e0s 17h, de ter\u00e7a a domingo e feriados. Na segunda-feira, fechado para manuten\u00e7\u00e3o.<\/p>\n\n\n\n<p>O Solar do Bar\u00e3o est\u00e1 localizado na rua Bar\u00e3o de Jundia\u00ed, 762, Centro. Aberto no, s\u00e1bado e domingo, das 10h \u00e0s 17h. Mais informa\u00e7\u00f5es 4521-6259.<\/p>\n\n\n\n<p><strong>Museu Ferrovi\u00e1rio<\/strong><\/p>\n\n\n\n<figure class=\"wp-block-image size-large\"><img loading=\"lazy\" decoding=\"async\" width=\"1280\" height=\"853\" src=\"https:\/\/jundiai.sp.gov.br\/noticias\/wp-content\/uploads\/sites\/32\/2023\/07\/ferroviario1-3-1280x853.jpg\" alt=\"\" class=\"wp-image-321418\" srcset=\"https:\/\/jundiai.sp.gov.br\/noticias\/wp-content\/uploads\/sites\/32\/2023\/07\/ferroviario1-3-1280x853.jpg 1280w, https:\/\/jundiai.sp.gov.br\/noticias\/wp-content\/uploads\/sites\/32\/2023\/07\/ferroviario1-3-300x200.jpg 300w, https:\/\/jundiai.sp.gov.br\/noticias\/wp-content\/uploads\/sites\/32\/2023\/07\/ferroviario1-3-768x512.jpg 768w, https:\/\/jundiai.sp.gov.br\/noticias\/wp-content\/uploads\/sites\/32\/2023\/07\/ferroviario1-3-450x300.jpg 450w, https:\/\/jundiai.sp.gov.br\/noticias\/wp-content\/uploads\/sites\/32\/2023\/07\/ferroviario1-3.jpg 1323w\" sizes=\"auto, (max-width: 1280px) 100vw, 1280px\" \/><figcaption class=\"wp-element-caption\">Museu Ferrovi\u00e1rio est\u00e1 aberto para visita\u00e7\u00e3o da popula\u00e7\u00e3o<\/figcaption><\/figure>\n\n\n\n<p>No local o visitante poder\u00e1 conferir a exposi\u00e7\u00e3o: \u201cFerrovias\u2026 muito al\u00e9m dos trilhos\u201d, que, dividida em duas salas, \u00e9 uma homenagem \u00e0s contribui\u00e7\u00f5es da ferrovia e dos ferrovi\u00e1rios, tanto no mundo, como no Brasil e em Jundia\u00ed.<\/p>\n\n\n\n<p>Por meio de documentos, fotos, r\u00e9plicas e pain\u00e9is interativos, a exposi\u00e7\u00e3o visa narrar n\u00e3o s\u00f3 a import\u00e2ncia da ferrovia para o desenvolvimento local e mundial, como tamb\u00e9m a import\u00e2ncia de seus trabalhadores e trabalhadoras.<\/p>\n\n\n\n<p>O Museu Ferrovi\u00e1rio est\u00e1 localizado na avenida Uni\u00e3o dos Ferrovi\u00e1rios, 1.760 \u2013 Espa\u00e7o Expressa (antigo Complexo Fepasa). Aberto de ter\u00e7a-feira a domingo, (inclusive nos feriados) das 10h \u00e0s 17h. Entrada gratuita. Mais informa\u00e7\u00f5es: 4589-6800.<\/p>\n\n\n\n<p><a href=\"https:\/\/cultura.jundiai.sp.gov.br\/espacos-culturais\/centro-jundiaiense-de-cultura-jorosil\/pinacoteca-diogenes-duarte-paes\/\">Pinacoteca Municipal Di\u00f3genes Duarte Paes<\/a><\/p>\n\n\n\n<figure class=\"wp-block-image size-full\"><img loading=\"lazy\" decoding=\"async\" width=\"1260\" height=\"799\" src=\"https:\/\/jundiai.sp.gov.br\/noticias\/wp-content\/uploads\/sites\/32\/2023\/07\/pinacoteca-a.jpg\" alt=\"\" class=\"wp-image-321407\" srcset=\"https:\/\/jundiai.sp.gov.br\/noticias\/wp-content\/uploads\/sites\/32\/2023\/07\/pinacoteca-a.jpg 1260w, https:\/\/jundiai.sp.gov.br\/noticias\/wp-content\/uploads\/sites\/32\/2023\/07\/pinacoteca-a-300x190.jpg 300w, https:\/\/jundiai.sp.gov.br\/noticias\/wp-content\/uploads\/sites\/32\/2023\/07\/pinacoteca-a-768x487.jpg 768w\" sizes=\"auto, (max-width: 1260px) 100vw, 1260px\" \/><figcaption class=\"wp-element-caption\">Na Pinacoteca h\u00e1 exposi\u00e7\u00f5es de \u00c9lvio Santiago e\u00a0Inos Corradin<\/figcaption><\/figure>\n\n\n\n<p>Tem in\u00edcio neste s\u00e1bado (08), a oficina de f\u00e9rias \u201cColagem\u201d, para crian\u00e7as com idade igual a superior a 10 anos. Sob a supervis\u00e3o da artista Camila Coelho Brand\u00e3o, a oficina ser\u00e1 realizada das 10h \u00e0s 12h, sendo que o participante dever\u00e1 levar para essa aula uma foto. Todo material a ser usado na oficina ser\u00e1 cedido pela artista. O n\u00famero de vagas oferecido s\u00e3o 20 e ser\u00e3o preenchidas por ordem de inscri\u00e7\u00e3o.<\/p>\n\n\n\n<p>Camila Brand\u00e3o, tem 25 anos, atriz, cantora, diretora e artista visual. Formou-se em audiovisual e cursa Filosofia na Universidade de S\u00e3o Paulo. Dentre suas \u00e1reas de pesquisa est\u00e3o&nbsp;videoarte, fotografia, poesia concreta e arte contempor\u00e2nea.<\/p>\n\n\n\n<p>A oficina \u201cColagem\u201d, \u00e9 uma contrapartida da artista que no in\u00edcio deste ano, promoveu na Pinacoteca, sua exposi\u00e7\u00e3o em conjunto com Anna Souza, \u201cPalavras em Coisas\u201d, mostra selecionada pelo edital Expo Artes 2022, da Unidade de Gest\u00e3o de Cultura (UGC).<strong><\/strong><\/p>\n\n\n\n<p>Outra possibilidade ao visitante ser\u00e1 a de conferir as exposi\u00e7\u00f5es montadas com as obras da reserva t\u00e9cnica da Pinacoteca, como as obras de&nbsp;Di\u00f3genes Duarte Paes, \u00c9lvio Santiago e&nbsp;Inos Corradin.<\/p>\n\n\n\n<p>A Pinacoteca est\u00e1 localizada na rua Bar\u00e3o de Jundia\u00ed, 109, Centro e est\u00e1 aberta para visita\u00e7\u00e3o de ter\u00e7a-feira a domingo das 10h \u00e0s 17h, inclusive nos feriados. Mais informa\u00e7\u00f5es 4568-2326.<\/p>\n\n\n\n<p><strong>Teatro Polytheama<\/strong><\/p>\n\n\n\n<figure class=\"wp-block-image size-full\"><img loading=\"lazy\" decoding=\"async\" width=\"1200\" height=\"650\" src=\"https:\/\/jundiai.sp.gov.br\/noticias\/wp-content\/uploads\/sites\/32\/2023\/07\/image-3-1200x650-1.png\" alt=\"\" class=\"wp-image-321405\" srcset=\"https:\/\/jundiai.sp.gov.br\/noticias\/wp-content\/uploads\/sites\/32\/2023\/07\/image-3-1200x650-1.png 1200w, https:\/\/jundiai.sp.gov.br\/noticias\/wp-content\/uploads\/sites\/32\/2023\/07\/image-3-1200x650-1-300x163.png 300w, https:\/\/jundiai.sp.gov.br\/noticias\/wp-content\/uploads\/sites\/32\/2023\/07\/image-3-1200x650-1-768x416.png 768w\" sizes=\"auto, (max-width: 1200px) 100vw, 1200px\" \/><figcaption class=\"wp-element-caption\">Com\u00e9dia faz parte da programa\u00e7\u00e3o do final de semana, no Teatro Polytheama<\/figcaption><\/figure>\n\n\n\n<p>No s\u00e1bado (08), a partir das 20h acontece a apresenta\u00e7\u00e3o do stand up \u201c Afonso Padilha \u2013 Tour 2023\u201d. Afonso Padilha apresenta novo show em Jundia\u00ed. Comediante, humorista, roteirista, escritor e pagodeiro, o curitibano.<\/p>\n\n\n\n<p>Afonso Padilha \u00e9 um dos nomes refer\u00eancia em stand up comedy do pa\u00eds. A com\u00e9dia sempre esteve presente em sua vida, mas foi a partir de 2010 que come\u00e7ou a levar a com\u00e9dia como trabalho. Al\u00e9m dos shows solos nos principais teatros e casas de shows, faz parte do 4 AMIGOS, maior grupo de stand up comedy do Brasil.<\/p>\n\n\n\n<p>Como roteirista j\u00e1 escreveu pe\u00e7as de teatro, esquetes para canais como o Porta dos Fundos e o Comedy Central. Em abril de 2020, lan\u00e7ou seu primeiro livro infantil \u201cPapai, cad\u00ea o vov\u00f4?\u201d, com ilustra\u00e7\u00e3o de Guilherme Bandeira.<\/p>\n\n\n\n<p>Os ingressos podem ser adquiridos na bilheteria do Teatro ou \u00a0<a rel=\"noreferrer noopener\" href=\"https:\/\/bileto.sympla.com.br\/event\/80668\/d\/182575\/s\/1232004?\" target=\"_blank\"><strong>na internet \u2013 por meio da plataforma Sympla<\/strong><\/a>.<\/p>\n\n\n\n<p>O Teatro Polytheama fica na rua Bar\u00e3o de Jundia\u00ed, 176 \u2013 Centro. Mais informa\u00e7\u00f5es pelo telefone (11) 4586-2472.<\/p>\n\n\n\n<p><strong>Assessoria de Imprensa<\/strong><br><strong>Fotos: Fot\u00f3grafos PMJ\/Divulga\u00e7\u00e3o<\/strong><\/p>\n","protected":false},"excerpt":{"rendered":"<p>A Unidade de Gest\u00e3o de Cultura (UGC) programou para esse final de semana &#8211; s\u00e1bado (08) e domingo (09) &#8211; em seus equipamentos culturais, diversas a\u00e7\u00f5es com entrada gratuita, com o objetivo de reunir p\u00fablico das mais diferentes idades, sempre priorizando a\u00e7\u00f5es que possam contribuir com a difus\u00e3o cultural em diversos segmentos. Confira a programa\u00e7\u00e3o [&hellip;]<\/p>\n","protected":false},"author":83,"featured_media":321416,"comment_status":"closed","ping_status":"0","sticky":false,"template":"","format":"standard","meta":{"footnotes":""},"categories":[2],"tags":[505,419,29,2251,450,290,370,3165,98],"ods":[],"class_list":["post-321403","post","type-post","status-publish","format-standard","has-post-thumbnail","hentry","category-noticias","tag-biblioteca-municipal-professor-nelson-foot","tag-complexo-argos","tag-cultura","tag-fabrica-das-infancias-japy","tag-museu-dos-ferroviarios","tag-museu-historico-e-cultural-solar-do-barao","tag-pinacoteca-municipal-diogenes-duarte-paes","tag-polytheama","tag-teatro-polytheama"],"_links":{"self":[{"href":"https:\/\/jundiai.sp.gov.br\/noticias\/wp-json\/wp\/v2\/posts\/321403","targetHints":{"allow":["GET"]}}],"collection":[{"href":"https:\/\/jundiai.sp.gov.br\/noticias\/wp-json\/wp\/v2\/posts"}],"about":[{"href":"https:\/\/jundiai.sp.gov.br\/noticias\/wp-json\/wp\/v2\/types\/post"}],"author":[{"embeddable":true,"href":"https:\/\/jundiai.sp.gov.br\/noticias\/wp-json\/wp\/v2\/users\/83"}],"replies":[{"embeddable":true,"href":"https:\/\/jundiai.sp.gov.br\/noticias\/wp-json\/wp\/v2\/comments?post=321403"}],"version-history":[{"count":4,"href":"https:\/\/jundiai.sp.gov.br\/noticias\/wp-json\/wp\/v2\/posts\/321403\/revisions"}],"predecessor-version":[{"id":321438,"href":"https:\/\/jundiai.sp.gov.br\/noticias\/wp-json\/wp\/v2\/posts\/321403\/revisions\/321438"}],"wp:featuredmedia":[{"embeddable":true,"href":"https:\/\/jundiai.sp.gov.br\/noticias\/wp-json\/wp\/v2\/media\/321416"}],"wp:attachment":[{"href":"https:\/\/jundiai.sp.gov.br\/noticias\/wp-json\/wp\/v2\/media?parent=321403"}],"wp:term":[{"taxonomy":"category","embeddable":true,"href":"https:\/\/jundiai.sp.gov.br\/noticias\/wp-json\/wp\/v2\/categories?post=321403"},{"taxonomy":"post_tag","embeddable":true,"href":"https:\/\/jundiai.sp.gov.br\/noticias\/wp-json\/wp\/v2\/tags?post=321403"},{"taxonomy":"ods","embeddable":true,"href":"https:\/\/jundiai.sp.gov.br\/noticias\/wp-json\/wp\/v2\/ods?post=321403"}],"curies":[{"name":"wp","href":"https:\/\/api.w.org\/{rel}","templated":true}]}}