{"id":321793,"date":"2023-07-12T15:13:15","date_gmt":"2023-07-12T18:13:15","guid":{"rendered":"https:\/\/jundiai.sp.gov.br\/noticias\/?p=321793"},"modified":"2023-07-12T15:13:15","modified_gmt":"2023-07-12T18:13:15","slug":"caiaque-e-opcao-de-lazer-nas-ferias-do-parque","status":"publish","type":"post","link":"https:\/\/jundiai.sp.gov.br\/noticias\/2023\/07\/12\/caiaque-e-opcao-de-lazer-nas-ferias-do-parque\/","title":{"rendered":"Caiaque \u00e9 op\u00e7\u00e3o de lazer nas f\u00e9rias do Parque"},"content":{"rendered":"\n<p>Quem escolher o Parque da Cidade para passar as f\u00e9rias ter\u00e1, al\u00e9m das diversas atra\u00e7\u00f5es do parque, mais uma op\u00e7\u00e3o de lazer gratuito em meio a natureza.<\/p>\n\n\n\n<p>A partir desta sexta-feira (14), a ONG Velas do Japi ir\u00e1 promover remadas de caiaque monitoradas na represa do Parque. A a\u00e7\u00e3o ser\u00e1 realizada nos dias 14, 21 e 28 de julho, \u00e0s 10 e \u00e0s 11 horas.<\/p>\n\n\n\n<p>Para participar, basta realizar o agendamento diretamente no Centro N\u00e1utico do Parque da Cidade ou atrav\u00e9s do Whatsapp (11) 99279-7454.<\/p>\n\n\n\n<p><strong>Projeto #Sextou+<\/strong><\/p>\n\n\n\n<p>Al\u00e9m da programa\u00e7\u00e3o de f\u00e9rias, o Velas do Japi tamb\u00e9m realiza o projeto #Sextou+, que promove aulas gratuitas de mobilidade e remada de caiaque para a popula\u00e7\u00e3o com mais de 60 anos. O projeto acontece toda sexta-feira, \u00e0s 14 horas.<\/p>\n\n\n\n<p><\/p>\n\n\n\n<p><strong>Assessoria de Comunica\u00e7\u00e3o \u2013 DAE Jundia\u00ed<\/strong><\/p>\n\n\n\n<p><strong>Fotos: DAE Jundia\u00ed<\/strong><\/p>\n","protected":false},"excerpt":{"rendered":"<p>Quem escolher o Parque da Cidade para passar as f\u00e9rias ter\u00e1, al\u00e9m das diversas atra\u00e7\u00f5es do parque, mais uma op\u00e7\u00e3o de lazer gratuito em meio a natureza. A partir desta sexta-feira (14), a ONG Velas do Japi ir\u00e1 promover remadas de caiaque monitoradas na represa do Parque. A a\u00e7\u00e3o ser\u00e1 realizada nos dias 14, 21 [&hellip;]<\/p>\n","protected":false},"author":89,"featured_media":321794,"comment_status":"closed","ping_status":"0","sticky":false,"template":"","format":"standard","meta":{"footnotes":""},"categories":[2],"tags":[4055,1940,3250,4054,47],"ods":[],"class_list":["post-321793","post","type-post","status-publish","format-standard","has-post-thumbnail","hentry","category-noticias","tag-caiaque","tag-dae-jundiai","tag-ferias","tag-ferias-no-parque","tag-parque-da-cidade"],"_links":{"self":[{"href":"https:\/\/jundiai.sp.gov.br\/noticias\/wp-json\/wp\/v2\/posts\/321793","targetHints":{"allow":["GET"]}}],"collection":[{"href":"https:\/\/jundiai.sp.gov.br\/noticias\/wp-json\/wp\/v2\/posts"}],"about":[{"href":"https:\/\/jundiai.sp.gov.br\/noticias\/wp-json\/wp\/v2\/types\/post"}],"author":[{"embeddable":true,"href":"https:\/\/jundiai.sp.gov.br\/noticias\/wp-json\/wp\/v2\/users\/89"}],"replies":[{"embeddable":true,"href":"https:\/\/jundiai.sp.gov.br\/noticias\/wp-json\/wp\/v2\/comments?post=321793"}],"version-history":[{"count":1,"href":"https:\/\/jundiai.sp.gov.br\/noticias\/wp-json\/wp\/v2\/posts\/321793\/revisions"}],"predecessor-version":[{"id":321795,"href":"https:\/\/jundiai.sp.gov.br\/noticias\/wp-json\/wp\/v2\/posts\/321793\/revisions\/321795"}],"wp:featuredmedia":[{"embeddable":true,"href":"https:\/\/jundiai.sp.gov.br\/noticias\/wp-json\/wp\/v2\/media\/321794"}],"wp:attachment":[{"href":"https:\/\/jundiai.sp.gov.br\/noticias\/wp-json\/wp\/v2\/media?parent=321793"}],"wp:term":[{"taxonomy":"category","embeddable":true,"href":"https:\/\/jundiai.sp.gov.br\/noticias\/wp-json\/wp\/v2\/categories?post=321793"},{"taxonomy":"post_tag","embeddable":true,"href":"https:\/\/jundiai.sp.gov.br\/noticias\/wp-json\/wp\/v2\/tags?post=321793"},{"taxonomy":"ods","embeddable":true,"href":"https:\/\/jundiai.sp.gov.br\/noticias\/wp-json\/wp\/v2\/ods?post=321793"}],"curies":[{"name":"wp","href":"https:\/\/api.w.org\/{rel}","templated":true}]}}