{"id":322442,"date":"2023-07-23T07:09:00","date_gmt":"2023-07-23T10:09:00","guid":{"rendered":"https:\/\/jundiai.sp.gov.br\/noticias\/?p=322442"},"modified":"2023-07-21T12:21:14","modified_gmt":"2023-07-21T15:21:14","slug":"troca-de-iluminacao-do-centro-comeca-nesta-segunda-feira-24","status":"publish","type":"post","link":"https:\/\/jundiai.sp.gov.br\/noticias\/2023\/07\/23\/troca-de-iluminacao-do-centro-comeca-nesta-segunda-feira-24\/","title":{"rendered":"Troca de ilumina\u00e7\u00e3o do Centro come\u00e7a nesta segunda-feira (24)"},"content":{"rendered":"\n<p>Em andamento ao Plano de Revitaliza\u00e7\u00e3o do Centro, a Prefeitura de Jundia\u00ed inicia, a partir desta segunda-feira (24), mais uma importante a\u00e7\u00e3o na regi\u00e3o. Com foco na requalifica\u00e7\u00e3o dos espa\u00e7os p\u00fablicos e no aumento da seguran\u00e7a, 170 novas lumin\u00e1rias em LED ser\u00e3o instaladas nas ruas Rangel Pestana, Padroeira, Siqueira de Moraes, Senador Fonseca, Coronel Leme da Fonseca, Ros\u00e1rio e Bar\u00e3o do Triunfo, al\u00e9m das pra\u00e7as. Em nova fase, 1700 l\u00e2mpadas ser\u00e3o instaladas em cem ruas de toda a regi\u00e3o. Vale lembrar que, na \u00faltima semana, foram iniciadas as obras na Pra\u00e7a Dom Pedro II (Pra\u00e7a das Rosas), em frente ao Hospital S\u00e3o Vicente.<\/p>\n\n\n\n<p>As a\u00e7\u00f5es fazem parte de um pacote que contempla um total de 25 propostas e tem investimentos estimados em R$50 milh\u00f5es. O projeto tamb\u00e9m prev\u00ea interven\u00e7\u00f5es urban\u00edsticas, em sa\u00fade, mobilidade, paisagismo, a\u00e7\u00f5es culturais, entre outros, respeitando a voca\u00e7\u00e3o e integra\u00e7\u00e3o dos espa\u00e7os p\u00fablicos.<\/p>\n\n\n\n<p>\u201cA revitaliza\u00e7\u00e3o do Centro est\u00e1 sendo feita em conjunto com a comunidade e busca resgatar a hist\u00f3ria local e estimular a ocupa\u00e7\u00e3o dos espa\u00e7os p\u00fablicos pelas pessoas. Todas as a\u00e7\u00f5es est\u00e3o sendo desenvolvidas de forma intersetorial e devem ser aplicadas a curto e m\u00e9dio prazo\u201d, explica o Prefeito Luiz Fernando Machado.<\/p>\n\n\n\n<figure class=\"wp-block-image size-large\"><img loading=\"lazy\" decoding=\"async\" width=\"1280\" height=\"854\" src=\"https:\/\/jundiai.sp.gov.br\/noticias\/wp-content\/uploads\/sites\/32\/2023\/07\/iluminacao-centro_antes_pt1-5-1280x854.jpg\" alt=\"\" class=\"wp-image-322448\" srcset=\"https:\/\/jundiai.sp.gov.br\/noticias\/wp-content\/uploads\/sites\/32\/2023\/07\/iluminacao-centro_antes_pt1-5-1280x854.jpg 1280w, https:\/\/jundiai.sp.gov.br\/noticias\/wp-content\/uploads\/sites\/32\/2023\/07\/iluminacao-centro_antes_pt1-5-300x200.jpg 300w, https:\/\/jundiai.sp.gov.br\/noticias\/wp-content\/uploads\/sites\/32\/2023\/07\/iluminacao-centro_antes_pt1-5-768x512.jpg 768w, https:\/\/jundiai.sp.gov.br\/noticias\/wp-content\/uploads\/sites\/32\/2023\/07\/iluminacao-centro_antes_pt1-5-1536x1024.jpg 1536w, https:\/\/jundiai.sp.gov.br\/noticias\/wp-content\/uploads\/sites\/32\/2023\/07\/iluminacao-centro_antes_pt1-5-450x300.jpg 450w, https:\/\/jundiai.sp.gov.br\/noticias\/wp-content\/uploads\/sites\/32\/2023\/07\/iluminacao-centro_antes_pt1-5.jpg 1900w\" sizes=\"auto, (max-width: 1280px) 100vw, 1280px\" \/><figcaption class=\"wp-element-caption\">Centro da cidade ter\u00e1 a troca de 1700 l\u00e2mpadas; execu\u00e7\u00e3o da primeira fase contempla 170 lumin\u00e1rias<\/figcaption><\/figure>\n\n\n\n<p>Algumas das principais propostas a serem executadas s\u00e3o a reforma do Largo de S\u00e3o Bento, Pra\u00e7a do F\u00f3rum, Pra\u00e7a da Matriz, Pra\u00e7a Rui Barbosa; aumento da arboriza\u00e7\u00e3o da regi\u00e3o; eliminar a polui\u00e7\u00e3o visual pelo excesso de publicidades; reformas das cal\u00e7adas, com prolongamento do cal\u00e7ad\u00e3o da rua Bar\u00e3o de Jundia\u00ed at\u00e9 o cruzamento da rua Dr. Leonardo Cavalcanti com a rua S\u00e3o Bento. O trecho compreende a Pinacoteca Municipal, o Teatro Polytheama, o Museu Hist\u00f3rico e Cultural \u2013 Solar do Bar\u00e3o e o Centro das Artes, formando uma grande rota cultural.<\/p>\n\n\n\n<p>Vale salientar que algumas atua\u00e7\u00f5es j\u00e1 est\u00e3o em andamento, como a intensifica\u00e7\u00e3o da limpeza p\u00fablica, a opera\u00e7\u00e3o Centro Seguro, da Guarda Municipal, e as abordagens sociais aos moradores de rua, feitas pela Unidade de Gest\u00e3o de Assist\u00eancia e Desenvolvimento Social (UGADS). \u201cAs interven\u00e7\u00f5es est\u00e3o sendo feitas com base na voca\u00e7\u00e3o e integra\u00e7\u00e3o dos espa\u00e7os p\u00fablicos. As obras de requalifica\u00e7\u00e3o urban\u00edstica, somadas a abordagens de seguran\u00e7a e a\u00e7\u00f5es de limpeza p\u00fablica tornar\u00e3o a regi\u00e3o central mais atrativa e ir\u00e3o fomentar novos com\u00e9rcios e empreendedores\u201d, afirma o Gestor de Governo e Finan\u00e7as, Jos\u00e9 Antonio Parimoschi.<\/p>\n\n\n\n<p><strong>Assessoria de Imprensa<br>Foto: Fot\u00f3grafo PMJ<\/strong><\/p>\n","protected":false},"excerpt":{"rendered":"<p>Em andamento ao Plano de Revitaliza\u00e7\u00e3o do Centro, a Prefeitura de Jundia\u00ed inicia, a partir desta segunda-feira (24), mais uma importante a\u00e7\u00e3o na regi\u00e3o. Com foco na requalifica\u00e7\u00e3o dos espa\u00e7os p\u00fablicos e no aumento da seguran\u00e7a, 170 novas lumin\u00e1rias em LED ser\u00e3o instaladas nas ruas Rangel Pestana, Padroeira, Siqueira de Moraes, Senador Fonseca, Coronel Leme [&hellip;]<\/p>\n","protected":false},"author":90,"featured_media":322448,"comment_status":"closed","ping_status":"0","sticky":false,"template":"","format":"standard","meta":{"footnotes":""},"categories":[2],"tags":[2489,2939,962,3711],"ods":[],"class_list":["post-322442","post","type-post","status-publish","format-standard","has-post-thumbnail","hentry","category-noticias","tag-centro","tag-iluminacao-led","tag-iluminacao-publica","tag-projeto-de-revitalizacao-do-centro"],"_links":{"self":[{"href":"https:\/\/jundiai.sp.gov.br\/noticias\/wp-json\/wp\/v2\/posts\/322442","targetHints":{"allow":["GET"]}}],"collection":[{"href":"https:\/\/jundiai.sp.gov.br\/noticias\/wp-json\/wp\/v2\/posts"}],"about":[{"href":"https:\/\/jundiai.sp.gov.br\/noticias\/wp-json\/wp\/v2\/types\/post"}],"author":[{"embeddable":true,"href":"https:\/\/jundiai.sp.gov.br\/noticias\/wp-json\/wp\/v2\/users\/90"}],"replies":[{"embeddable":true,"href":"https:\/\/jundiai.sp.gov.br\/noticias\/wp-json\/wp\/v2\/comments?post=322442"}],"version-history":[{"count":1,"href":"https:\/\/jundiai.sp.gov.br\/noticias\/wp-json\/wp\/v2\/posts\/322442\/revisions"}],"predecessor-version":[{"id":322449,"href":"https:\/\/jundiai.sp.gov.br\/noticias\/wp-json\/wp\/v2\/posts\/322442\/revisions\/322449"}],"wp:featuredmedia":[{"embeddable":true,"href":"https:\/\/jundiai.sp.gov.br\/noticias\/wp-json\/wp\/v2\/media\/322448"}],"wp:attachment":[{"href":"https:\/\/jundiai.sp.gov.br\/noticias\/wp-json\/wp\/v2\/media?parent=322442"}],"wp:term":[{"taxonomy":"category","embeddable":true,"href":"https:\/\/jundiai.sp.gov.br\/noticias\/wp-json\/wp\/v2\/categories?post=322442"},{"taxonomy":"post_tag","embeddable":true,"href":"https:\/\/jundiai.sp.gov.br\/noticias\/wp-json\/wp\/v2\/tags?post=322442"},{"taxonomy":"ods","embeddable":true,"href":"https:\/\/jundiai.sp.gov.br\/noticias\/wp-json\/wp\/v2\/ods?post=322442"}],"curies":[{"name":"wp","href":"https:\/\/api.w.org\/{rel}","templated":true}]}}