{"id":323278,"date":"2023-08-01T17:45:00","date_gmt":"2023-08-01T20:45:00","guid":{"rendered":"https:\/\/jundiai.sp.gov.br\/noticias\/?p=323278"},"modified":"2023-08-02T11:41:35","modified_gmt":"2023-08-02T14:41:35","slug":"empresarios-e-agencias-de-emprego-aprovam-o-novo-portal-jundiai-empreendedora","status":"publish","type":"post","link":"https:\/\/jundiai.sp.gov.br\/noticias\/2023\/08\/01\/empresarios-e-agencias-de-emprego-aprovam-o-novo-portal-jundiai-empreendedora\/","title":{"rendered":"Empres\u00e1rios e ag\u00eancias de emprego aprovam o novo portal Jundia\u00ed Empreendedora"},"content":{"rendered":"\n<p>Representantes de empresas e ag\u00eancias de emprego de Jundia\u00ed participaram, na manh\u00e3 desta ter\u00e7a-feira (1), da apresenta\u00e7\u00e3o da nova vers\u00e3o do portal Jundia\u00ed Empreendedora. O encontro aconteceu no audit\u00f3rio do Pa\u00e7o Municipal, com a participa\u00e7\u00e3o do prefeito Luiz Fernando Machado e gestores. \u201c\u00c9 necess\u00e1rio que n\u00f3s implementemos a\u00e7\u00f5es que sejam eficientes e resolutivas ao cidad\u00e3o que deseja, no setor p\u00fablico, ter o seu amparo. Ent\u00e3o, acredito que essa circunst\u00e2ncia, hoje, aqui na cidade, est\u00e1 muito bem consolidada com o portal Jundia\u00ed Empreendedora. Ele segue sendo muito interessante n\u00e3o s\u00f3 a Jundia\u00ed, pois se tornou um portal regional\u201d, afirmou Luiz Fernando.<\/p>\n\n\n\n<p>A apresenta\u00e7\u00e3o das novas funcionalidades e do novo layout do portal ficou a cargo de Cristiano Lopes, gestor de Desenvolvimento Econ\u00f4mico, Ci\u00eancia e Tecnologia. \u201cN\u00f3s estamos com mais de um milh\u00e3o de acessos no portal. Em menos de dois anos, atingimos n\u00fameros expressivos: temos 2,5 mil empresas que utilizam o portal s\u00f3 para poder preencher as vagas (de emprego), ent\u00e3o essa parte da empregabilidade est\u00e1 funcionando muito bem\u201d, destacou.<\/p>\n\n\n\n<figure class=\"wp-block-image size-large is-resized\"><img loading=\"lazy\" decoding=\"async\" src=\"https:\/\/jundiai.sp.gov.br\/noticias\/wp-content\/uploads\/sites\/32\/2023\/08\/lancamento_nova_fase_portal_jundiai_empreendedora_auditorio_pa-19-3-1280x854.jpg\" alt=\"FOTO COLORIDA MOSTRA O PREFEITO DE JUNDIA\u00cd, LUIZ FERNANDO MACHADO, DURANTE APRESENTA\u00c7\u00c3O DO NOVO PORTAL JUNDIA\u00cd EMPREENDEDORA. LUIZ FERNANDO EST\u00c1 EM P\u00c9, SEGFURANDO UM MICROFONE, DE FRENTE PARA O AUDIT\u00d3RIO\" class=\"wp-image-323281\" width=\"840\" height=\"560\" srcset=\"https:\/\/jundiai.sp.gov.br\/noticias\/wp-content\/uploads\/sites\/32\/2023\/08\/lancamento_nova_fase_portal_jundiai_empreendedora_auditorio_pa-19-3-1280x854.jpg 1280w, https:\/\/jundiai.sp.gov.br\/noticias\/wp-content\/uploads\/sites\/32\/2023\/08\/lancamento_nova_fase_portal_jundiai_empreendedora_auditorio_pa-19-3-300x200.jpg 300w, https:\/\/jundiai.sp.gov.br\/noticias\/wp-content\/uploads\/sites\/32\/2023\/08\/lancamento_nova_fase_portal_jundiai_empreendedora_auditorio_pa-19-3-768x512.jpg 768w, https:\/\/jundiai.sp.gov.br\/noticias\/wp-content\/uploads\/sites\/32\/2023\/08\/lancamento_nova_fase_portal_jundiai_empreendedora_auditorio_pa-19-3-1536x1024.jpg 1536w, https:\/\/jundiai.sp.gov.br\/noticias\/wp-content\/uploads\/sites\/32\/2023\/08\/lancamento_nova_fase_portal_jundiai_empreendedora_auditorio_pa-19-3-450x300.jpg 450w, https:\/\/jundiai.sp.gov.br\/noticias\/wp-content\/uploads\/sites\/32\/2023\/08\/lancamento_nova_fase_portal_jundiai_empreendedora_auditorio_pa-19-3.jpg 1900w\" sizes=\"auto, (max-width: 840px) 100vw, 840px\" \/><figcaption class=\"wp-element-caption\">Prefeito Luiz Fernando Machado ressalta a import\u00e2ncia do trabalho pela empregabilidade na cidade<\/figcaption><\/figure>\n\n\n\n<p>Focadas nos eixos \u201cempreendedorismo\u201d e \u201cgera\u00e7\u00e3o de emprego\u201d, as novas funcionalidades t\u00eam como miss\u00e3o facilitar tanto o acesso das empresas que buscam profissionais quanto das pessoas que desejam a oportunidade do emprego. Destaque, tamb\u00e9m, para os curr\u00edculos mais completos dos candidatos, vagas de emprego mais detalhadas e para a utilidade das salas do espa\u00e7o Jundia\u00ed Empreendedora nos processos seletivos e de treinamento. As explica\u00e7\u00f5es ficaram a cargo do assessor especial de Coopera\u00e7\u00e3o Internacional, Sami Mansour.<\/p>\n\n\n\n<p><strong>Saldo positivo<\/strong><\/p>\n\n\n\n<p>\u201cNo Brasil, onde existem tantas desigualdades, tantas dificuldades, Jundia\u00ed j\u00e1 conseguiu empregar mais de 10 mil pessoas por meio do portal. Nos dias de hoje, principalmente se considerar o per\u00edodo de um ano, nosso munic\u00edpio tem gerado saldos positivos de emprego. Nossa cidade \u00e9 uma das que mais geram emprego no Brasil gra\u00e7as \u00e0s empresas e ind\u00fastrias aqui instaladas, que nos procuram diariamente. Nossa miss\u00e3o \u00e9 auxiliar nesta conex\u00e3o entre empregadores e aqueles que buscam uma oportunidade. Estamos no caminho certo\u201d, comentou Jos\u00e9 Antonio Parimoschi, gestor de Governo e Finan\u00e7as.<\/p>\n\n\n\n<figure class=\"wp-block-image size-large\"><img loading=\"lazy\" decoding=\"async\" width=\"1280\" height=\"778\" src=\"https:\/\/jundiai.sp.gov.br\/noticias\/wp-content\/uploads\/sites\/32\/2023\/08\/img-0669-1280x778.jpg\" alt=\"IMAGEM COLORIDA MOSTRA VAGAS DE EMPREGO NO PORTAL JUNDIA\u00cd EMPREENDEDORA. \u00c0 DIREITA, UMA M\u00c3O SEGURA UMA CANETA PR\u00d3XIMO \u00c0 TELA\" class=\"wp-image-323289\" srcset=\"https:\/\/jundiai.sp.gov.br\/noticias\/wp-content\/uploads\/sites\/32\/2023\/08\/img-0669-1280x778.jpg 1280w, https:\/\/jundiai.sp.gov.br\/noticias\/wp-content\/uploads\/sites\/32\/2023\/08\/img-0669-300x182.jpg 300w, https:\/\/jundiai.sp.gov.br\/noticias\/wp-content\/uploads\/sites\/32\/2023\/08\/img-0669-768x467.jpg 768w, https:\/\/jundiai.sp.gov.br\/noticias\/wp-content\/uploads\/sites\/32\/2023\/08\/img-0669-1536x934.jpg 1536w, https:\/\/jundiai.sp.gov.br\/noticias\/wp-content\/uploads\/sites\/32\/2023\/08\/img-0669.jpg 1900w\" sizes=\"auto, (max-width: 1280px) 100vw, 1280px\" \/><figcaption class=\"wp-element-caption\">Novas funcionalidades foram aprovadas por empreendedores e ag\u00eancias de emprego de Jundia\u00ed<\/figcaption><\/figure>\n\n\n\n<p>Quem participou da reuni\u00e3o aprovou o novo portal Jundia\u00ed Empreendedora. \u201cAs atualiza\u00e7\u00f5es foram excelentes, principalmente pela quest\u00e3o de divulga\u00e7\u00e3o das vagas. H\u00e1 uma grande dificuldade para n\u00f3s, empreendedores e empregadores, em encontrar isso de forma gratuita, f\u00e1cil. Gostamos muito do que foi mostrado, que n\u00e3o \u00e9 uma coisa muito burocr\u00e1tica e que qualquer pessoa pode acessar com toda facilidade\u201d, comentou Jaqueline Costa, representante da empresa Evolu\u00e7\u00e3o Gest\u00e3o Empresarial.<\/p>\n\n\n\n<p>O portal ainda conta com \u00e1reas para o com\u00e9rcio, empreendedorismo e internacionaliza\u00e7\u00e3o de Jundia\u00ed, com o Exporta + Jundia\u00ed e revista em cinco idiomas (portugu\u00eas, ingl\u00eas, espanhol, italiano e mandarim). Participaram do encontro, tamb\u00e9m, os gestores Gustavo Maryssael (Casa Civil), Maria Brant (Assist\u00eancia e Desenvolvimento Social), Simone Zanotello (Administra\u00e7\u00e3o e Gest\u00e3o de Pessoas) e Thiago Maia (Inova\u00e7\u00e3o e Rela\u00e7\u00e3o com o Cidad\u00e3o). Representando a Cijun (Companhia de Inform\u00e1tica de Jundia\u00ed), o Diretor T\u00e9cnico, Celso Monteiro. <\/p>\n\n\n\n<figure class=\"wp-block-image size-large\"><img loading=\"lazy\" decoding=\"async\" width=\"1280\" height=\"854\" src=\"https:\/\/jundiai.sp.gov.br\/noticias\/wp-content\/uploads\/sites\/32\/2023\/08\/lancamento_nova_fase_portal_jundiai_empreendedora_auditorio_pa-59-1280x854.jpg\" alt=\"FOTO COLORIDA MOSTRA O AUDIT\u00d3RIO DA PREFEITURA, DURANTE EVENTO DE APRESENTA\u00c7\u00c3O DO NOVO PORRTAL JUNDIA\u00cd EMPREENDEDORA. EM PRIMEIRO PLANO EST\u00c3O OS EMPRES\u00c1RIOS CONVIDADOS PARA A REUNI\u00c3O. AO FUNDO EST\u00c3O OS GESTORES CRISTIANO LOPES E JOS\u00c9 ANTONIO PARIMOSCHI\" class=\"wp-image-323282\" srcset=\"https:\/\/jundiai.sp.gov.br\/noticias\/wp-content\/uploads\/sites\/32\/2023\/08\/lancamento_nova_fase_portal_jundiai_empreendedora_auditorio_pa-59-1280x854.jpg 1280w, https:\/\/jundiai.sp.gov.br\/noticias\/wp-content\/uploads\/sites\/32\/2023\/08\/lancamento_nova_fase_portal_jundiai_empreendedora_auditorio_pa-59-300x200.jpg 300w, https:\/\/jundiai.sp.gov.br\/noticias\/wp-content\/uploads\/sites\/32\/2023\/08\/lancamento_nova_fase_portal_jundiai_empreendedora_auditorio_pa-59-768x512.jpg 768w, https:\/\/jundiai.sp.gov.br\/noticias\/wp-content\/uploads\/sites\/32\/2023\/08\/lancamento_nova_fase_portal_jundiai_empreendedora_auditorio_pa-59-1536x1024.jpg 1536w, https:\/\/jundiai.sp.gov.br\/noticias\/wp-content\/uploads\/sites\/32\/2023\/08\/lancamento_nova_fase_portal_jundiai_empreendedora_auditorio_pa-59-450x300.jpg 450w, https:\/\/jundiai.sp.gov.br\/noticias\/wp-content\/uploads\/sites\/32\/2023\/08\/lancamento_nova_fase_portal_jundiai_empreendedora_auditorio_pa-59.jpg 1900w\" sizes=\"auto, (max-width: 1280px) 100vw, 1280px\" \/><figcaption class=\"wp-element-caption\">Empresas podem fazer reservas de salas para processos seletivos e treinamentos <\/figcaption><\/figure>\n\n\n\n<p><strong><strong>Assessoria de Imprensa<br>Fotos: Fot\u00f3grafo<\/strong> PMJ<\/strong><\/p>\n","protected":false},"excerpt":{"rendered":"<p>Representantes de empresas e ag\u00eancias de emprego de Jundia\u00ed participaram, na manh\u00e3 desta ter\u00e7a-feira (1), da apresenta\u00e7\u00e3o da nova vers\u00e3o do portal Jundia\u00ed Empreendedora. O encontro aconteceu no audit\u00f3rio do Pa\u00e7o Municipal, com a participa\u00e7\u00e3o do prefeito Luiz Fernando Machado e gestores. \u201c\u00c9 necess\u00e1rio que n\u00f3s implementemos a\u00e7\u00f5es que sejam eficientes e resolutivas ao cidad\u00e3o [&hellip;]<\/p>\n","protected":false},"author":97,"featured_media":323281,"comment_status":"closed","ping_status":"0","sticky":false,"template":"","format":"standard","meta":{"footnotes":""},"categories":[2],"tags":[365,3496,1527,487],"ods":[],"class_list":["post-323278","post","type-post","status-publish","format-standard","has-post-thumbnail","hentry","category-noticias","tag-desenvolvimento-economico-ciencia-e-tecnologia","tag-emprego-e-renda","tag-jundiai-empreendedora","tag-tecnologia-e-inovacao"],"_links":{"self":[{"href":"https:\/\/jundiai.sp.gov.br\/noticias\/wp-json\/wp\/v2\/posts\/323278","targetHints":{"allow":["GET"]}}],"collection":[{"href":"https:\/\/jundiai.sp.gov.br\/noticias\/wp-json\/wp\/v2\/posts"}],"about":[{"href":"https:\/\/jundiai.sp.gov.br\/noticias\/wp-json\/wp\/v2\/types\/post"}],"author":[{"embeddable":true,"href":"https:\/\/jundiai.sp.gov.br\/noticias\/wp-json\/wp\/v2\/users\/97"}],"replies":[{"embeddable":true,"href":"https:\/\/jundiai.sp.gov.br\/noticias\/wp-json\/wp\/v2\/comments?post=323278"}],"version-history":[{"count":9,"href":"https:\/\/jundiai.sp.gov.br\/noticias\/wp-json\/wp\/v2\/posts\/323278\/revisions"}],"predecessor-version":[{"id":323340,"href":"https:\/\/jundiai.sp.gov.br\/noticias\/wp-json\/wp\/v2\/posts\/323278\/revisions\/323340"}],"wp:featuredmedia":[{"embeddable":true,"href":"https:\/\/jundiai.sp.gov.br\/noticias\/wp-json\/wp\/v2\/media\/323281"}],"wp:attachment":[{"href":"https:\/\/jundiai.sp.gov.br\/noticias\/wp-json\/wp\/v2\/media?parent=323278"}],"wp:term":[{"taxonomy":"category","embeddable":true,"href":"https:\/\/jundiai.sp.gov.br\/noticias\/wp-json\/wp\/v2\/categories?post=323278"},{"taxonomy":"post_tag","embeddable":true,"href":"https:\/\/jundiai.sp.gov.br\/noticias\/wp-json\/wp\/v2\/tags?post=323278"},{"taxonomy":"ods","embeddable":true,"href":"https:\/\/jundiai.sp.gov.br\/noticias\/wp-json\/wp\/v2\/ods?post=323278"}],"curies":[{"name":"wp","href":"https:\/\/api.w.org\/{rel}","templated":true}]}}