{"id":323773,"date":"2023-08-08T11:46:12","date_gmt":"2023-08-08T14:46:12","guid":{"rendered":"https:\/\/jundiai.sp.gov.br\/noticias\/?p=323773"},"modified":"2023-08-08T11:46:30","modified_gmt":"2023-08-08T14:46:30","slug":"live-da-cultura-tera-temas-formativos","status":"publish","type":"post","link":"https:\/\/jundiai.sp.gov.br\/noticias\/2023\/08\/08\/live-da-cultura-tera-temas-formativos\/","title":{"rendered":"&#8216;Live da Cultura&#8217; ter\u00e1 temas formativos"},"content":{"rendered":"\n<p>Com media\u00e7\u00e3o do diretor do Departamento de Cultura da UGC, Jo\u00e3o Carlos De Luca, nesta quarta-feira (09) est\u00e1 programada mais \u201cLive: Espa\u00e7o Cultura\u201d, transmiss\u00e3o semanal via redes sociais como forma de presta\u00e7\u00e3o de servi\u00e7os \u00e0 classe art\u00edstica, esclarecimento de d\u00favidas em geral e sobre o Cadastro de Artistas, al\u00e9m da apresenta\u00e7\u00e3o de editais em andamento.<\/p>\n\n\n\n<p>Com transmiss\u00e3o ao vivo pelos canais da Cultura no&nbsp;<a rel=\"noreferrer noopener\" href=\"https:\/\/www.facebook.com\/culturajundiai\" target=\"_blank\">Facebook<\/a>&nbsp;e&nbsp;<a rel=\"noreferrer noopener\" href=\"https:\/\/www.youtube.com\/c\/CulturaJundia%C3%AD\/featured\" target=\"_blank\">YouTube<\/a>&nbsp;a partir das 16h, a \u201clive\u201d desta semana tamb\u00e9m contar\u00e1 com as exibi\u00e7\u00f5es de conte\u00fados formativos, de trabalhos contemplados pelos editais lan\u00e7ados pela Unidade em 2021 pela Lei Aldir Blanc de emerg\u00eancia cultural durante a pandemia.<\/p>\n\n\n\n<p>A apresenta\u00e7\u00e3o contar\u00e1 com o v\u00eddeo de Jos\u00e9 Roberto da Silva, com a &#8220;Oficina de boneca Abayomis&#8221;, s\u00edmbolo de resist\u00eancia. O v\u00eddeo mostra a confec\u00e7\u00e3o de uma boneca utilizando sobras de tecidos e retalhos, filmado no At\u00ealie Roberto Silva, com trilha sonora dentro da tem\u00e1tica. O conte\u00fado ainda apresenta a hist\u00f3ria de origem da boneca, que foi criada para as crian\u00e7as, jovens e adultos na \u00e9poca da escravid\u00e3o. As mulheres negras confeccionavam com peda\u00e7os de suas saias, \u00fanico pano encontrado nos navios negreiros, para acalmar e trazer alegria para todos.<\/p>\n\n\n\n<figure class=\"wp-block-image size-large\"><img loading=\"lazy\" decoding=\"async\" width=\"1280\" height=\"806\" src=\"https:\/\/jundiai.sp.gov.br\/noticias\/wp-content\/uploads\/sites\/32\/2023\/08\/live-cultura1-1280x806.jpg\" alt=\"\" class=\"wp-image-323778\" srcset=\"https:\/\/jundiai.sp.gov.br\/noticias\/wp-content\/uploads\/sites\/32\/2023\/08\/live-cultura1-1280x806.jpg 1280w, https:\/\/jundiai.sp.gov.br\/noticias\/wp-content\/uploads\/sites\/32\/2023\/08\/live-cultura1-300x189.jpg 300w, https:\/\/jundiai.sp.gov.br\/noticias\/wp-content\/uploads\/sites\/32\/2023\/08\/live-cultura1-768x484.jpg 768w, https:\/\/jundiai.sp.gov.br\/noticias\/wp-content\/uploads\/sites\/32\/2023\/08\/live-cultura1.jpg 1323w\" sizes=\"auto, (max-width: 1280px) 100vw, 1280px\" \/><figcaption class=\"wp-element-caption\">Jos\u00e9 Roberto da Silva apresentar\u00e1 a t\u00e9cnica de confec\u00e7\u00e3o de bonecas Abayomis<\/figcaption><\/figure>\n\n\n\n<p>J\u00e1 Larissa Gasparotto Rocca apresentar\u00e1 &#8220;T\u00e9cnica de durabilidade de maquiagem para artistas exemplificada em maquiagem 3D &#8211; A m\u00e1scara&#8221;. A maquiadora far\u00e1 um tutorial em tempo real explicitando todas as etapas da maquiagem at\u00e9 sua finaliza\u00e7\u00e3o. Voltada para artistas que s\u00e3o expostos a condi\u00e7\u00f5es especiais como efeitos da temperatura, suor, l\u00e1grimas e quaisquer outras circunst\u00e2ncias que podem afetar o efeito da produ\u00e7\u00e3o ao longo do tempo, o v\u00eddeo permanecer\u00e1 dispon\u00edvel na plataforma da Cultura. <\/p>\n\n\n\n<p>Mesmo ap\u00f3s as suas realiza\u00e7\u00f5es, todas as lives podem ser acompanhadas pelos artistas no\u00a0<a rel=\"noreferrer noopener\" href=\"https:\/\/cultura.jundiai.sp.gov.br\/videos\/\" target=\"_blank\">site da Cultura<\/a>.<\/p>\n\n\n\n<figure class=\"wp-block-image size-large\"><img loading=\"lazy\" decoding=\"async\" width=\"1280\" height=\"797\" src=\"https:\/\/jundiai.sp.gov.br\/noticias\/wp-content\/uploads\/sites\/32\/2023\/08\/live-cultura2-1280x797.jpg\" alt=\"\" class=\"wp-image-323779\" srcset=\"https:\/\/jundiai.sp.gov.br\/noticias\/wp-content\/uploads\/sites\/32\/2023\/08\/live-cultura2-1280x797.jpg 1280w, https:\/\/jundiai.sp.gov.br\/noticias\/wp-content\/uploads\/sites\/32\/2023\/08\/live-cultura2-300x187.jpg 300w, https:\/\/jundiai.sp.gov.br\/noticias\/wp-content\/uploads\/sites\/32\/2023\/08\/live-cultura2-768x478.jpg 768w, https:\/\/jundiai.sp.gov.br\/noticias\/wp-content\/uploads\/sites\/32\/2023\/08\/live-cultura2.jpg 1323w\" sizes=\"auto, (max-width: 1280px) 100vw, 1280px\" \/><figcaption class=\"wp-element-caption\">Larissa Gasparotto Rocca apresentar\u00e1 t\u00e9cnica de durabilidade de maquiagem<\/figcaption><\/figure>\n\n\n\n<p><strong>Assessoria de Imprensa<br>Fotos: Divulga\u00e7\u00e3o<\/strong><\/p>\n","protected":false},"excerpt":{"rendered":"<p>Com media\u00e7\u00e3o do diretor do Departamento de Cultura da UGC, Jo\u00e3o Carlos De Luca, nesta quarta-feira (09) est\u00e1 programada mais \u201cLive: Espa\u00e7o Cultura\u201d, transmiss\u00e3o semanal via redes sociais como forma de presta\u00e7\u00e3o de servi\u00e7os \u00e0 classe art\u00edstica, esclarecimento de d\u00favidas em geral e sobre o Cadastro de Artistas, al\u00e9m da apresenta\u00e7\u00e3o de editais em andamento. [&hellip;]<\/p>\n","protected":false},"author":39,"featured_media":321744,"comment_status":"closed","ping_status":"0","sticky":false,"template":"","format":"standard","meta":{"footnotes":""},"categories":[2],"tags":[29,2011],"ods":[],"class_list":["post-323773","post","type-post","status-publish","format-standard","has-post-thumbnail","hentry","category-noticias","tag-cultura","tag-lei-de-emergencia-cultural-aldir-blanc"],"_links":{"self":[{"href":"https:\/\/jundiai.sp.gov.br\/noticias\/wp-json\/wp\/v2\/posts\/323773","targetHints":{"allow":["GET"]}}],"collection":[{"href":"https:\/\/jundiai.sp.gov.br\/noticias\/wp-json\/wp\/v2\/posts"}],"about":[{"href":"https:\/\/jundiai.sp.gov.br\/noticias\/wp-json\/wp\/v2\/types\/post"}],"author":[{"embeddable":true,"href":"https:\/\/jundiai.sp.gov.br\/noticias\/wp-json\/wp\/v2\/users\/39"}],"replies":[{"embeddable":true,"href":"https:\/\/jundiai.sp.gov.br\/noticias\/wp-json\/wp\/v2\/comments?post=323773"}],"version-history":[{"count":4,"href":"https:\/\/jundiai.sp.gov.br\/noticias\/wp-json\/wp\/v2\/posts\/323773\/revisions"}],"predecessor-version":[{"id":323781,"href":"https:\/\/jundiai.sp.gov.br\/noticias\/wp-json\/wp\/v2\/posts\/323773\/revisions\/323781"}],"wp:featuredmedia":[{"embeddable":true,"href":"https:\/\/jundiai.sp.gov.br\/noticias\/wp-json\/wp\/v2\/media\/321744"}],"wp:attachment":[{"href":"https:\/\/jundiai.sp.gov.br\/noticias\/wp-json\/wp\/v2\/media?parent=323773"}],"wp:term":[{"taxonomy":"category","embeddable":true,"href":"https:\/\/jundiai.sp.gov.br\/noticias\/wp-json\/wp\/v2\/categories?post=323773"},{"taxonomy":"post_tag","embeddable":true,"href":"https:\/\/jundiai.sp.gov.br\/noticias\/wp-json\/wp\/v2\/tags?post=323773"},{"taxonomy":"ods","embeddable":true,"href":"https:\/\/jundiai.sp.gov.br\/noticias\/wp-json\/wp\/v2\/ods?post=323773"}],"curies":[{"name":"wp","href":"https:\/\/api.w.org\/{rel}","templated":true}]}}