{"id":324616,"date":"2023-08-20T08:14:00","date_gmt":"2023-08-20T11:14:00","guid":{"rendered":"https:\/\/jundiai.sp.gov.br\/noticias\/?p=324616"},"modified":"2023-08-18T13:20:10","modified_gmt":"2023-08-18T16:20:10","slug":"semana-do-feirante-2023-tem-palestras-homenagens-e-1o-festival-do-pastel-de-feira-de-jundiai","status":"publish","type":"post","link":"https:\/\/jundiai.sp.gov.br\/noticias\/2023\/08\/20\/semana-do-feirante-2023-tem-palestras-homenagens-e-1o-festival-do-pastel-de-feira-de-jundiai\/","title":{"rendered":"Semana do Feirante 2023 tem palestras, homenagens e 1\u00ba Festival do Pastel de Feira de Jundia\u00ed"},"content":{"rendered":"\n<p>Em comemora\u00e7\u00e3o ao Dia do Feirante, celebrado no 25 de agosto, a Prefeitura de Jundia\u00ed, por meio da Unidade de Agroneg\u00f3cio, Abastecimento e Turismo (UGAAT), preparou uma programa\u00e7\u00e3o na Semana do Feirante (entre 21 e 25 de agosto) com palestras, homenagens e o 1\u00ba Festival do Pastel de Feira, que ser\u00e1 realizado na pr\u00f3xima sexta-feira (25), no Parque da Uva, junto \u00e0 Feira do Empreendedor, Neg\u00f3cios e Servi\u00e7os (FENS).<\/p>\n\n\n\n<p>O Dia do Feirante \u00e9 comemorado em alus\u00e3o \u00e0 data em que ocorreu a primeira feira livre moderna, em S\u00e3o Paulo, em 1941, a partir da regulamenta\u00e7\u00e3o dos antigos \u201cmercados francos\u201d em homenagem a todos os profissionais espalhados pelo Pa\u00eds. A pr\u00e1tica partiu dos produtores rurais, que n\u00e3o conheciam o destino de seus produtos e passaram a buscar um contato mais direto com os clientes.<\/p>\n\n\n<div class=\"wp-block-image\">\n<figure class=\"aligncenter size-large\"><img loading=\"lazy\" decoding=\"async\" width=\"1280\" height=\"854\" src=\"https:\/\/jundiai.sp.gov.br\/noticias\/wp-content\/uploads\/sites\/32\/2023\/08\/feira_livre_vianelo-360-1280x854.jpg\" alt=\"\" class=\"wp-image-324654\" srcset=\"https:\/\/jundiai.sp.gov.br\/noticias\/wp-content\/uploads\/sites\/32\/2023\/08\/feira_livre_vianelo-360-1280x854.jpg 1280w, https:\/\/jundiai.sp.gov.br\/noticias\/wp-content\/uploads\/sites\/32\/2023\/08\/feira_livre_vianelo-360-300x200.jpg 300w, https:\/\/jundiai.sp.gov.br\/noticias\/wp-content\/uploads\/sites\/32\/2023\/08\/feira_livre_vianelo-360-768x512.jpg 768w, https:\/\/jundiai.sp.gov.br\/noticias\/wp-content\/uploads\/sites\/32\/2023\/08\/feira_livre_vianelo-360-1536x1024.jpg 1536w, https:\/\/jundiai.sp.gov.br\/noticias\/wp-content\/uploads\/sites\/32\/2023\/08\/feira_livre_vianelo-360-450x300.jpg 450w, https:\/\/jundiai.sp.gov.br\/noticias\/wp-content\/uploads\/sites\/32\/2023\/08\/feira_livre_vianelo-360.jpg 1900w\" sizes=\"auto, (max-width: 1280px) 100vw, 1280px\" \/><figcaption class=\"wp-element-caption\">Jundia\u00ed conta com 35 Feiras Livres e Varej\u00f5es, distribu\u00eddas em diversos pontos da cidade<\/figcaption><\/figure>\n<\/div>\n\n\n<p>&#8220;O feirante tem uma das profiss\u00f5es mais antigas e conhecidas e, no dia 25 de agosto, \u00e9 comemorado o seu dia. Por isso montamos uma programa\u00e7\u00e3o especial, com orienta\u00e7\u00f5es aos feirantes, para que os neg\u00f3cios fiquem ainda mais pr\u00f3speros e acompanhem a evolu\u00e7\u00e3o. E terminando com o 1\u00ba Festival do Pastel de Feira, que \u00e9 sempre uma das grandes atra\u00e7\u00f5es das feiras livres&#8221;, disse a diretora de Abastecimento de Jundia\u00ed, Georgea Casoti.<\/p>\n\n\n\n<p>Alguns feirantes tamb\u00e9m ser\u00e3o homenageados. J\u00e1 no Festival, que ser\u00e1 realizado no Parque da Uva, junto \u00e0 FENS, o p\u00fablico poder\u00e1 provar past\u00e9is e caldos de cana de 8 barracas das feiras de Jundia\u00ed. \u201cO feirante faz parte da nossa hist\u00f3ria. Eles acordam cedo para buscar as mercadorias fresquinhas, organizar e abrir a banca na feira e continuar pelo resto do dia com o sorriso no rosto, vencendo muitas vezes o calor, a chuva e as adversidades que os dias trazem, para sempre proporcionar o melhor atendimento poss\u00edvel\u201d, comenta o gestor de Agroneg\u00f3cio, Abastecimento e Turismo (UGAAT), Eduardo Alvarez.<\/p>\n\n\n\n<p>Hoje, o munic\u00edpio conta com 35 Feiras Livres e Varej\u00f5es, distribu\u00eddas em diversos pontos da cidade, al\u00e9m de um total de 310 cadastros de feirantes no departamento de Abastecimento. Al\u00e9m dos hortifrutis, nas feiras livres tamb\u00e9m s\u00e3o encontrados uma variedade de produtos aliment\u00edcios e n\u00e3o aliment\u00edcios, como utilidades, roupas, beleza e outros. As feiras s\u00e3o equipamentos de abastecimento cujo objetivo principal \u00e9 o escoamento da safra por produtores do munic\u00edpio. Para solicitar um ponto em feira no Munic\u00edpio, basta solicitar atrav\u00e9s do site balc\u00e3o do empreendedor e encaminhar os documentos necess\u00e1rios para an\u00e1lise e a aprova\u00e7\u00e3o. Para demais d\u00favidas acesse o site: abastecimento.jundiai.sp.gov.br<\/p>\n\n\n\n<p><strong>Programa\u00e7\u00e3o Semana do Feirante 2023 &#8211; Jundia\u00ed<\/strong><br>21\/08 &#8211; Abertura da Semana do Feirante com homenagens a feirantes<br>Local: Ciesp Jundia\u00ed<br>13h30 \u00e0s 17h00<\/p>\n\n\n\n<p>22\/08 &#8211; Palestra: &#8220;Chega de dor de cabe\u00e7a: regularize e venda mais e melhor&#8221;<br>Local: Audit\u00f3rio do Pa\u00e7o Municipal &#8211; 8\u00ba andar &#8211; ala norte<br>09h \u00e0s 12h e das 14h \u00e0s 17h<\/p>\n\n\n\n<p>23\/08 &#8211; Palestra: &#8220;Boas pr\u00e1ticas e manipula\u00e7\u00e3o dos alimentos&#8221;<br>Local: Audit\u00f3rio do Pa\u00e7o Municipal &#8211; 8\u00ba andar &#8211; ala norte<br>09h \u00e0s 12h e das 14h \u00e0s 17h<\/p>\n\n\n\n<p>24\/08 &#8211; Palestra: &#8220;Mid\u00edas sociais&#8221;<br>Local: Audit\u00f3rio do Pa\u00e7o Municipal &#8211; 8\u00ba andar &#8211; ala norte<br>09h \u00e0s 12h e das 14h \u00e0s 17h<\/p>\n\n\n\n<p>25\/08 &#8211; Palestra: &#8220;Boas pr\u00e1ticas e manipula\u00e7\u00e3o dos alimentos&#8221;<br>Local: Audit\u00f3rio do Pa\u00e7o Municipal &#8211; 8\u00ba andar &#8211; ala norte<br>09h \u00e0s 12h e das 14h \u00e0s 17h<\/p>\n\n\n\n<p>25\/08 &#8211; 1\u00ba Festival do Pastel de Feira de Jundia\u00ed<br>Local: Parque da Uva (junto \u00e0 FENS)<br>15h \u00e0s 22h<\/p>\n\n\n\n<p>Os feirantes e interessados poder\u00e3o fazer as inscri\u00e7\u00f5es para as palestras entrando em contato com a Unidade de Agroneg\u00f3cio, Abastecimento e Turismo (UGAAT) pelos telefones (11) 4589-8581\/8542.<\/p>\n\n\n<div class=\"wp-block-image\">\n<figure class=\"aligncenter size-large\"><img loading=\"lazy\" decoding=\"async\" width=\"1280\" height=\"854\" src=\"https:\/\/jundiai.sp.gov.br\/noticias\/wp-content\/uploads\/sites\/32\/2023\/08\/feira_livre_vianelo-274-1280x854.jpg\" alt=\"\" class=\"wp-image-324659\" srcset=\"https:\/\/jundiai.sp.gov.br\/noticias\/wp-content\/uploads\/sites\/32\/2023\/08\/feira_livre_vianelo-274-1280x854.jpg 1280w, https:\/\/jundiai.sp.gov.br\/noticias\/wp-content\/uploads\/sites\/32\/2023\/08\/feira_livre_vianelo-274-300x200.jpg 300w, https:\/\/jundiai.sp.gov.br\/noticias\/wp-content\/uploads\/sites\/32\/2023\/08\/feira_livre_vianelo-274-768x512.jpg 768w, https:\/\/jundiai.sp.gov.br\/noticias\/wp-content\/uploads\/sites\/32\/2023\/08\/feira_livre_vianelo-274-1536x1024.jpg 1536w, https:\/\/jundiai.sp.gov.br\/noticias\/wp-content\/uploads\/sites\/32\/2023\/08\/feira_livre_vianelo-274-450x300.jpg 450w, https:\/\/jundiai.sp.gov.br\/noticias\/wp-content\/uploads\/sites\/32\/2023\/08\/feira_livre_vianelo-274.jpg 1900w\" sizes=\"auto, (max-width: 1280px) 100vw, 1280px\" \/><figcaption class=\"wp-element-caption\">Semana do Feirante 2023 tem palestras, homenagens e 1\u00ba Festival do Pastel de Feira de Jundia\u00ed<\/figcaption><\/figure>\n<\/div>\n\n\n<p><strong>Assessoria de Imprensa<br>Fotos: Fot\u00f3grafos PMJ<\/strong><\/p>\n","protected":false},"excerpt":{"rendered":"<p>Em comemora\u00e7\u00e3o ao Dia do Feirante, celebrado no 25 de agosto, a Prefeitura de Jundia\u00ed, por meio da Unidade de Agroneg\u00f3cio, Abastecimento e Turismo (UGAAT), preparou uma programa\u00e7\u00e3o na Semana do Feirante (entre 21 e 25 de agosto) com palestras, homenagens e o 1\u00ba Festival do Pastel de Feira, que ser\u00e1 realizado na pr\u00f3xima sexta-feira [&hellip;]<\/p>\n","protected":false},"author":100,"featured_media":324659,"comment_status":"closed","ping_status":"0","sticky":false,"template":"","format":"standard","meta":{"footnotes":""},"categories":[2],"tags":[974],"ods":[],"class_list":["post-324616","post","type-post","status-publish","format-standard","has-post-thumbnail","hentry","category-noticias","tag-agronegocio-abastecimento-e-turismo"],"_links":{"self":[{"href":"https:\/\/jundiai.sp.gov.br\/noticias\/wp-json\/wp\/v2\/posts\/324616","targetHints":{"allow":["GET"]}}],"collection":[{"href":"https:\/\/jundiai.sp.gov.br\/noticias\/wp-json\/wp\/v2\/posts"}],"about":[{"href":"https:\/\/jundiai.sp.gov.br\/noticias\/wp-json\/wp\/v2\/types\/post"}],"author":[{"embeddable":true,"href":"https:\/\/jundiai.sp.gov.br\/noticias\/wp-json\/wp\/v2\/users\/100"}],"replies":[{"embeddable":true,"href":"https:\/\/jundiai.sp.gov.br\/noticias\/wp-json\/wp\/v2\/comments?post=324616"}],"version-history":[{"count":9,"href":"https:\/\/jundiai.sp.gov.br\/noticias\/wp-json\/wp\/v2\/posts\/324616\/revisions"}],"predecessor-version":[{"id":324663,"href":"https:\/\/jundiai.sp.gov.br\/noticias\/wp-json\/wp\/v2\/posts\/324616\/revisions\/324663"}],"wp:featuredmedia":[{"embeddable":true,"href":"https:\/\/jundiai.sp.gov.br\/noticias\/wp-json\/wp\/v2\/media\/324659"}],"wp:attachment":[{"href":"https:\/\/jundiai.sp.gov.br\/noticias\/wp-json\/wp\/v2\/media?parent=324616"}],"wp:term":[{"taxonomy":"category","embeddable":true,"href":"https:\/\/jundiai.sp.gov.br\/noticias\/wp-json\/wp\/v2\/categories?post=324616"},{"taxonomy":"post_tag","embeddable":true,"href":"https:\/\/jundiai.sp.gov.br\/noticias\/wp-json\/wp\/v2\/tags?post=324616"},{"taxonomy":"ods","embeddable":true,"href":"https:\/\/jundiai.sp.gov.br\/noticias\/wp-json\/wp\/v2\/ods?post=324616"}],"curies":[{"name":"wp","href":"https:\/\/api.w.org\/{rel}","templated":true}]}}