{"id":324922,"date":"2023-08-22T10:53:33","date_gmt":"2023-08-22T13:53:33","guid":{"rendered":"https:\/\/jundiai.sp.gov.br\/noticias\/?p=324922"},"modified":"2023-08-22T10:53:33","modified_gmt":"2023-08-22T13:53:33","slug":"live-espaco-cultura-da-semana-traz-mais-videos-com-propostas-artisticas-formativas","status":"publish","type":"post","link":"https:\/\/jundiai.sp.gov.br\/noticias\/2023\/08\/22\/live-espaco-cultura-da-semana-traz-mais-videos-com-propostas-artisticas-formativas\/","title":{"rendered":"\u2018Live: Espa\u00e7o Cultura\u2019 da semana traz mais v\u00eddeos com propostas art\u00edsticas formativas"},"content":{"rendered":"\n<p>A Unidade de Gest\u00e3o de Cultura (UGC) traz, nesta quarta-feira (23), a partir das 16h, mais uma edi\u00e7\u00e3o da \u201cLive: Espa\u00e7o Cultura\u201d, transmiss\u00e3o semanal com presta\u00e7\u00f5es de servi\u00e7os \u00e0 classe art\u00edstica e exibi\u00e7\u00f5es de conte\u00fados formativos contemplados nos editais emergenciais vinculados \u00e0 Lei Aldir Blanc lan\u00e7ados pela Unidade durante a pandemia.<\/p>\n\n\n\n<p>Com exibi\u00e7\u00e3o nos canais da Cultura no <a href=\"https:\/\/www.facebook.com\/culturajundiai\" target=\"_blank\" rel=\"noreferrer noopener\">Facebook<\/a> e <a href=\"https:\/\/www.youtube.com\/c\/CulturaJundia%C3%AD\/featured\" target=\"_blank\" rel=\"noreferrer noopener\">YouTube<\/a>, a transmiss\u00e3o da live inicia-se sempre com a media\u00e7\u00e3o do diretor do Departamento de Cultura da UGC, Jo\u00e3o Carlos De Luca, que ir\u00e1 apresentar os editais, chamamentos e concursos em andamento pela Unidade, al\u00e9m de tirar d\u00favidas dos participantes acerca do Cadastro de Artistas e assuntos em geral.<\/p>\n\n\n\n<p>Na sequ\u00eancia, ser\u00e1 a vez da exibi\u00e7\u00e3o dos trabalhos contemplados dos editais da Lei Aldir Blanc. Os trabalhos com propostas formativas desta semana ser\u00e3o: a oficina \u201cFuxicando\u201d, com Roberto Silva; \u201cInicia\u00e7\u00e3o \u00e0 dan\u00e7a contempor\u00e2nea\u201d, com Raquel Leopoldino; e \u201cReformas e Costura criativa\u201d, com Mariana Cereser.<\/p>\n\n\n\n<figure class=\"wp-block-gallery has-nested-images columns-default is-cropped wp-block-gallery-1 is-layout-flex wp-block-gallery-is-layout-flex\">\n<figure class=\"wp-block-image size-large\"><img loading=\"lazy\" decoding=\"async\" width=\"1280\" height=\"720\" data-id=\"324927\" src=\"https:\/\/jundiai.sp.gov.br\/noticias\/wp-content\/uploads\/sites\/32\/2023\/08\/aldir_blanc_3-1280x720.png\" alt=\"\" class=\"wp-image-324927\" srcset=\"https:\/\/jundiai.sp.gov.br\/noticias\/wp-content\/uploads\/sites\/32\/2023\/08\/aldir_blanc_3-1280x720.png 1280w, https:\/\/jundiai.sp.gov.br\/noticias\/wp-content\/uploads\/sites\/32\/2023\/08\/aldir_blanc_3-300x169.png 300w, https:\/\/jundiai.sp.gov.br\/noticias\/wp-content\/uploads\/sites\/32\/2023\/08\/aldir_blanc_3-768x432.png 768w, https:\/\/jundiai.sp.gov.br\/noticias\/wp-content\/uploads\/sites\/32\/2023\/08\/aldir_blanc_3-1536x864.png 1536w, https:\/\/jundiai.sp.gov.br\/noticias\/wp-content\/uploads\/sites\/32\/2023\/08\/aldir_blanc_3.png 1900w\" sizes=\"auto, (max-width: 1280px) 100vw, 1280px\" \/><\/figure>\n\n\n\n<figure class=\"wp-block-image size-large\"><img loading=\"lazy\" decoding=\"async\" width=\"1280\" height=\"720\" data-id=\"324926\" src=\"https:\/\/jundiai.sp.gov.br\/noticias\/wp-content\/uploads\/sites\/32\/2023\/08\/aldir_blanc_5-1280x720.png\" alt=\"\" class=\"wp-image-324926\" srcset=\"https:\/\/jundiai.sp.gov.br\/noticias\/wp-content\/uploads\/sites\/32\/2023\/08\/aldir_blanc_5-1280x720.png 1280w, https:\/\/jundiai.sp.gov.br\/noticias\/wp-content\/uploads\/sites\/32\/2023\/08\/aldir_blanc_5-300x169.png 300w, https:\/\/jundiai.sp.gov.br\/noticias\/wp-content\/uploads\/sites\/32\/2023\/08\/aldir_blanc_5-768x432.png 768w, https:\/\/jundiai.sp.gov.br\/noticias\/wp-content\/uploads\/sites\/32\/2023\/08\/aldir_blanc_5-1536x864.png 1536w, https:\/\/jundiai.sp.gov.br\/noticias\/wp-content\/uploads\/sites\/32\/2023\/08\/aldir_blanc_5.png 1920w\" sizes=\"auto, (max-width: 1280px) 100vw, 1280px\" \/><\/figure>\n\n\n\n<figure class=\"wp-block-image size-large\"><img loading=\"lazy\" decoding=\"async\" width=\"1588\" height=\"890\" data-id=\"324925\" src=\"https:\/\/jundiai.sp.gov.br\/noticias\/wp-content\/uploads\/sites\/32\/2023\/08\/aldir_blanc_6.png\" alt=\"\" class=\"wp-image-324925\"\/><\/figure>\n<figcaption class=\"blocks-gallery-caption wp-element-caption\">Artistas que se apresentam na live desta semana ser\u00e3o Roberto Silva, Raquel Leopoldino e Mariana Cereser<\/figcaption><\/figure>\n\n\n\n<p>Em &#8220;Fuxicando\u201d, Roberto Silva apresenta novas possibilidades para montagem de roupas e acess\u00f3rios, utilizando esta t\u00e9cnica de artesanato e de costura que utiliza retalhos de tecidos.<\/p>\n\n\n\n<p>J\u00e1 Raquel Leopoldino apresenta, em \u201cInicia\u00e7\u00e3o \u00e0 dan\u00e7a contempor\u00e2nea\u201d, uma videoaula com exerc\u00edcios para o primeiro contato do aluno com as pr\u00e1ticas da movimenta\u00e7\u00e3o contempor\u00e2nea e com o ch\u00e3o, desconstru\u00e7\u00e3o dos movimentos, estudo das articula\u00e7\u00f5es, contrapeso e improviso.<\/p>\n\n\n\n<p>E em seguida, ser\u00e1 a vez de \u201cReformas e Costura criativa\u201d, em que Mariana Cereser mostrar\u00e1, a partir de seu ateli\u00ea, ideias para reaproveitar e renovar pe\u00e7as antigas, al\u00e9m de realizar consertos, como trocas de z\u00edper, barra, ajuste e alargamento de pe\u00e7as.<\/p>\n\n\n\n<p>Quem n\u00e3o acompanhar a transmiss\u00e3o ao vivo poder\u00e1 acess\u00e1-la na \u00edntegra, no <a href=\"https:\/\/cultura.jundiai.sp.gov.br\/videos\/\" target=\"_blank\" rel=\"noreferrer noopener\">site<\/a>, no <a href=\"https:\/\/www.facebook.com\/culturajundiai\" target=\"_blank\" rel=\"noreferrer noopener\">Facebook<\/a> e no <a href=\"https:\/\/www.youtube.com\/c\/CulturaJundia%C3%AD\/featured\" target=\"_blank\" rel=\"noreferrer noopener\">YouTube<\/a> da Cultura.<\/p>\n\n\n\n<p><strong>Assessoria de Imprensa<br>Fotos: Divulga\u00e7\u00e3o<\/strong><\/p>\n","protected":false},"excerpt":{"rendered":"<p>A Unidade de Gest\u00e3o de Cultura (UGC) traz, nesta quarta-feira (23), a partir das 16h, mais uma edi\u00e7\u00e3o da \u201cLive: Espa\u00e7o Cultura\u201d, transmiss\u00e3o semanal com presta\u00e7\u00f5es de servi\u00e7os \u00e0 classe art\u00edstica e exibi\u00e7\u00f5es de conte\u00fados formativos contemplados nos editais emergenciais vinculados \u00e0 Lei Aldir Blanc lan\u00e7ados pela Unidade durante a pandemia. Com exibi\u00e7\u00e3o nos canais [&hellip;]<\/p>\n","protected":false},"author":14,"featured_media":324927,"comment_status":"closed","ping_status":"0","sticky":false,"template":"","format":"standard","meta":{"footnotes":""},"categories":[2],"tags":[29,2011,3461],"ods":[],"class_list":["post-324922","post","type-post","status-publish","format-standard","has-post-thumbnail","hentry","category-noticias","tag-cultura","tag-lei-de-emergencia-cultural-aldir-blanc","tag-live-espaco-cultura"],"_links":{"self":[{"href":"https:\/\/jundiai.sp.gov.br\/noticias\/wp-json\/wp\/v2\/posts\/324922","targetHints":{"allow":["GET"]}}],"collection":[{"href":"https:\/\/jundiai.sp.gov.br\/noticias\/wp-json\/wp\/v2\/posts"}],"about":[{"href":"https:\/\/jundiai.sp.gov.br\/noticias\/wp-json\/wp\/v2\/types\/post"}],"author":[{"embeddable":true,"href":"https:\/\/jundiai.sp.gov.br\/noticias\/wp-json\/wp\/v2\/users\/14"}],"replies":[{"embeddable":true,"href":"https:\/\/jundiai.sp.gov.br\/noticias\/wp-json\/wp\/v2\/comments?post=324922"}],"version-history":[{"count":3,"href":"https:\/\/jundiai.sp.gov.br\/noticias\/wp-json\/wp\/v2\/posts\/324922\/revisions"}],"predecessor-version":[{"id":324928,"href":"https:\/\/jundiai.sp.gov.br\/noticias\/wp-json\/wp\/v2\/posts\/324922\/revisions\/324928"}],"wp:featuredmedia":[{"embeddable":true,"href":"https:\/\/jundiai.sp.gov.br\/noticias\/wp-json\/wp\/v2\/media\/324927"}],"wp:attachment":[{"href":"https:\/\/jundiai.sp.gov.br\/noticias\/wp-json\/wp\/v2\/media?parent=324922"}],"wp:term":[{"taxonomy":"category","embeddable":true,"href":"https:\/\/jundiai.sp.gov.br\/noticias\/wp-json\/wp\/v2\/categories?post=324922"},{"taxonomy":"post_tag","embeddable":true,"href":"https:\/\/jundiai.sp.gov.br\/noticias\/wp-json\/wp\/v2\/tags?post=324922"},{"taxonomy":"ods","embeddable":true,"href":"https:\/\/jundiai.sp.gov.br\/noticias\/wp-json\/wp\/v2\/ods?post=324922"}],"curies":[{"name":"wp","href":"https:\/\/api.w.org\/{rel}","templated":true}]}}