{"id":325296,"date":"2023-08-25T15:00:00","date_gmt":"2023-08-25T18:00:00","guid":{"rendered":"https:\/\/jundiai.sp.gov.br\/noticias\/?p=325296"},"modified":"2023-08-25T17:56:07","modified_gmt":"2023-08-25T20:56:07","slug":"cerest-promove-encontro-sobre-saude-do-trabalhador-com-equipes-das-ubss","status":"publish","type":"post","link":"https:\/\/jundiai.sp.gov.br\/noticias\/2023\/08\/25\/cerest-promove-encontro-sobre-saude-do-trabalhador-com-equipes-das-ubss\/","title":{"rendered":"CEREST promove encontro sobre sa\u00fade do trabalhador com equipes das UBSs"},"content":{"rendered":"\n<p>O Centro de Refer\u00eancia em Sa\u00fade do Trabalhador de Jundia\u00ed (CEREST), da Unidade de Gest\u00e3o de Promo\u00e7\u00e3o da Sa\u00fade (UGPS), promoveu nesta sexta-feira (25) um encontro na Nova Unidade B\u00e1sica de Sa\u00fade (UBS) Jardim do Lago, para aprimorar os conhecimentos da equipe do servi\u00e7o sobre acidentes de trabalho e doen\u00e7as ocupacionais.<br><br>\u201cEstamos percorrendo todos os servi\u00e7os da rede municipal de sa\u00fade, ressaltando a import\u00e2ncia da identifica\u00e7\u00e3o tanto de acidentes de trabalho como de doen\u00e7as relacionadas ao trabalho, al\u00e9m de refor\u00e7ar junto \u00e0s equipes o fluxo de atendimento no CEREST e a import\u00e2ncia das notifica\u00e7\u00f5es\u201d, destacou o m\u00e9dico do trabalho da Vigil\u00e2ncia em Sa\u00fade do Trabalhador (VISAT\/CEREST), Marcelo Romano.<\/p>\n\n\n\n<figure class=\"wp-block-image size-large\"><img loading=\"lazy\" decoding=\"async\" width=\"1280\" height=\"720\" src=\"https:\/\/jundiai.sp.gov.br\/noticias\/wp-content\/uploads\/sites\/32\/2023\/08\/treinamento-cerest-1-1280x720.jpeg\" alt=\"\" class=\"wp-image-325299\" srcset=\"https:\/\/jundiai.sp.gov.br\/noticias\/wp-content\/uploads\/sites\/32\/2023\/08\/treinamento-cerest-1-1280x720.jpeg 1280w, https:\/\/jundiai.sp.gov.br\/noticias\/wp-content\/uploads\/sites\/32\/2023\/08\/treinamento-cerest-1-300x169.jpeg 300w, https:\/\/jundiai.sp.gov.br\/noticias\/wp-content\/uploads\/sites\/32\/2023\/08\/treinamento-cerest-1-768x432.jpeg 768w, https:\/\/jundiai.sp.gov.br\/noticias\/wp-content\/uploads\/sites\/32\/2023\/08\/treinamento-cerest-1-1536x864.jpeg 1536w, https:\/\/jundiai.sp.gov.br\/noticias\/wp-content\/uploads\/sites\/32\/2023\/08\/treinamento-cerest-1.jpeg 1600w\" sizes=\"auto, (max-width: 1280px) 100vw, 1280px\" \/><figcaption class=\"wp-element-caption\">Nos servi\u00e7os de sa\u00fade, as equipes est\u00e3o recebendo orienta\u00e7\u00f5es <\/figcaption><\/figure>\n\n\n\n<p>A a\u00e7\u00e3o integra o trabalho do CEREST voltado \u00e0 orienta\u00e7\u00e3o e educa\u00e7\u00e3o. \u201cO Munic\u00edpio atua em v\u00e1rias frentes para garantir ambientes de trabalho seguros e saud\u00e1veis. Al\u00e9m das a\u00e7\u00f5es de vigil\u00e2ncia, investiga\u00e7\u00e3o, preven\u00e7\u00e3o e promo\u00e7\u00e3o da sa\u00fade, somos refer\u00eancia t\u00e9cnica e pedag\u00f3gica, ampliando informa\u00e7\u00f5es sobre o tema&#8221;,  acrescentou a coordenadora da VISAT\/CEREST, Fl\u00e1via Pagliarde Cerezer.<\/p>\n\n\n\n<p>Para a gerente da UBS, Gisely Biazzi, o encontro foi importante para o esclarecimento de d\u00favidas. \u201cOs equipamentos da Aten\u00e7\u00e3o B\u00e1sica s\u00e3o a porta de entrada no servi\u00e7o de sa\u00fade, na maioria das vezes, e \u00e9 fundamental conhecermos o fluxo de atendimento na chegada de um acidente de trabalho ou de uma doen\u00e7a que possa ter sido ocasionada pelo trabalho. Tamb\u00e9m \u00e9 importante a conscientiza\u00e7\u00e3o de cada profissional sobre os riscos de acidentes e sobre atitudes para a preven\u00e7\u00e3o, como o uso correto do EPI (Equipamento de Prote\u00e7\u00e3o Individual&nbsp;)\u201d, frisou.<br><br>O CEREST de Jundia\u00ed est\u00e1 entre os 18 melhores do Pa\u00eds, de acordo com classifica\u00e7\u00e3o realizada pelo Minist\u00e9rio da Sa\u00fade. O trabalho desenvolvido pelo \u00f3rg\u00e3o obteve a pontua\u00e7\u00e3o m\u00e1xima \u2013 165 pontos \u2013 no Qualifica CEREST do ano de 2022, instrumento de monitoramento das a\u00e7\u00f5es para a sa\u00fade do trabalhador.<\/p>\n\n\n\n<p><strong>Assessoria de Imprensa<br>Fotos: Fot\u00f3grafos PMJ<\/strong><\/p>\n","protected":false},"excerpt":{"rendered":"<p>O Centro de Refer\u00eancia em Sa\u00fade do Trabalhador de Jundia\u00ed (CEREST), da Unidade de Gest\u00e3o de Promo\u00e7\u00e3o da Sa\u00fade (UGPS), promoveu nesta sexta-feira (25) um encontro na Nova Unidade B\u00e1sica de Sa\u00fade (UBS) Jardim do Lago, para aprimorar os conhecimentos da equipe do servi\u00e7o sobre acidentes de trabalho e doen\u00e7as ocupacionais. \u201cEstamos percorrendo todos os [&hellip;]<\/p>\n","protected":false},"author":50,"featured_media":0,"comment_status":"closed","ping_status":"0","sticky":false,"template":"","format":"standard","meta":{"footnotes":""},"categories":[2],"tags":[262,3080,2262,981,3398,877],"ods":[],"class_list":["post-325296","post","type-post","status-publish","format-standard","hentry","category-noticias","tag-cerest","tag-jardim-do-lago","tag-nova-ubs-jardim-do-lago","tag-promocao-da-saude","tag-ubss","tag-vigilancia-em-saude-do-trabalhador-visat"],"_links":{"self":[{"href":"https:\/\/jundiai.sp.gov.br\/noticias\/wp-json\/wp\/v2\/posts\/325296","targetHints":{"allow":["GET"]}}],"collection":[{"href":"https:\/\/jundiai.sp.gov.br\/noticias\/wp-json\/wp\/v2\/posts"}],"about":[{"href":"https:\/\/jundiai.sp.gov.br\/noticias\/wp-json\/wp\/v2\/types\/post"}],"author":[{"embeddable":true,"href":"https:\/\/jundiai.sp.gov.br\/noticias\/wp-json\/wp\/v2\/users\/50"}],"replies":[{"embeddable":true,"href":"https:\/\/jundiai.sp.gov.br\/noticias\/wp-json\/wp\/v2\/comments?post=325296"}],"version-history":[{"count":6,"href":"https:\/\/jundiai.sp.gov.br\/noticias\/wp-json\/wp\/v2\/posts\/325296\/revisions"}],"predecessor-version":[{"id":325349,"href":"https:\/\/jundiai.sp.gov.br\/noticias\/wp-json\/wp\/v2\/posts\/325296\/revisions\/325349"}],"wp:attachment":[{"href":"https:\/\/jundiai.sp.gov.br\/noticias\/wp-json\/wp\/v2\/media?parent=325296"}],"wp:term":[{"taxonomy":"category","embeddable":true,"href":"https:\/\/jundiai.sp.gov.br\/noticias\/wp-json\/wp\/v2\/categories?post=325296"},{"taxonomy":"post_tag","embeddable":true,"href":"https:\/\/jundiai.sp.gov.br\/noticias\/wp-json\/wp\/v2\/tags?post=325296"},{"taxonomy":"ods","embeddable":true,"href":"https:\/\/jundiai.sp.gov.br\/noticias\/wp-json\/wp\/v2\/ods?post=325296"}],"curies":[{"name":"wp","href":"https:\/\/api.w.org\/{rel}","templated":true}]}}