{"id":325516,"date":"2023-08-29T10:52:02","date_gmt":"2023-08-29T13:52:02","guid":{"rendered":"https:\/\/jundiai.sp.gov.br\/noticias\/?p=325516"},"modified":"2023-08-29T10:53:43","modified_gmt":"2023-08-29T13:53:43","slug":"dia-nacional-de-combate-ao-fumo-servidor-dae-da-o-exemplo","status":"publish","type":"post","link":"https:\/\/jundiai.sp.gov.br\/noticias\/2023\/08\/29\/dia-nacional-de-combate-ao-fumo-servidor-dae-da-o-exemplo\/","title":{"rendered":"Dia Nacional de Combate ao Fumo: servidor DAE d\u00e1 o exemplo"},"content":{"rendered":"\n<p>Quando o assunto \u00e9 adutora, h\u00e1 quem diga que ele \u00e9 a pessoa que mais domina o assunto e resolve qualquer &#8220;parada&#8221;. Agora, o servidor da DAE Wilson Bernardo \u00e9 exemplo tamb\u00e9m quando a pauta \u00e9 cigarro: depois de 43 anos fumando, h\u00e1 um ano e meio o chefe da Se\u00e7\u00e3o de Adutora decidiu parar de fumar e, desta vez, garante que \u00e9 para sempre.<\/p>\n\n\n\n<p>\u201cPrecisa ter for\u00e7a de vontade e confiar em Deus\u201d, conta Wilson. No Dia Nacional de Combate ao Fumo, comemorado nesta ter\u00e7a-feira (29), o servidor, com 37 anos de empresa, conta sua hist\u00f3ria. Wilson come\u00e7ou a fumar com 16 anos. \u201cMeu pai, minha m\u00e3e e uma irm\u00e3 fumavam. Eu era jovem e achava bonito\u201d, lembra.<\/p>\n\n\n\n<p>H\u00e1 alguns anos, ele tentou parar, mas desistiu. Chegou a fumar 40 cigarros por dia \u2013 mais at\u00e9 quando passava por uma situa\u00e7\u00e3o estressante. Ano passado, ao ser diagnosticado com pneumonia e ver os exames mostrando como estavam seus pulm\u00f5es, deixou uma das filhas jogar os ma\u00e7os no lixo.<\/p>\n\n\n\n<figure class=\"wp-block-image size-full\"><img loading=\"lazy\" decoding=\"async\" width=\"1600\" height=\"1200\" src=\"https:\/\/jundiai.sp.gov.br\/noticias\/wp-content\/uploads\/sites\/32\/2023\/08\/dae-fumo.jpeg\" alt=\"\" class=\"wp-image-325517\"\/><figcaption class=\"wp-element-caption\">Chefe da Se\u00e7\u00e3o de Adutora, o servidor Wilson Bernardo, 59 anos, largou o cigarro. Ele fumava h\u00e1 43 anos e comemora a nova vida: \u201cMelhorou tudo\u201d, conta<\/figcaption><\/figure>\n\n\n\n<p>\u201cDisse \u00e0 m\u00e9dica que as mesmas m\u00e3os que pegaram o cigarro pela primeira vez, iam deix\u00e1-los. E assim foi\u201d, conta, orgulhoso. Sem o cigarro, agora tem mais disposi\u00e7\u00e3o e o paladar ficou mais agu\u00e7ado. \u201cMelhorou tudo\u201d, comemora.<\/p>\n\n\n\n<p><strong>Ajuda gratuita<\/strong><\/p>\n\n\n\n<p>Em Jundia\u00ed, o Programa de Assist\u00eancia Intensiva ao Tabagista (PAIT), desenvolvido pela Unidade de Gest\u00e3o de Promo\u00e7\u00e3o da Sa\u00fade (UGPS), oferece acompanhamento gratuito por meio de a\u00e7\u00f5es coletivas e individualizadas, al\u00e9m de fazer a dispensa\u00e7\u00e3o de medicamentos se necess\u00e1rio.<\/p>\n\n\n\n<p>A iniciativa conta com grupos permanentes no NIS (avenida Carlos Salles Block, 74), \u00e0s ter\u00e7as-feiras, \u00e0s 9h30, e \u00e0s quartas, \u00e0s 14 horas, e no Complexo Argos (avenida Dr. Cavalcanti, 396), todas as segundas-feiras, \u00e0s 18 horas. Para participar, basta levar o cart\u00e3o de cadastro da Unidade B\u00e1sica de Sa\u00fade (UBS) e o CPF.<\/p>\n\n\n\n<p><strong>Assessoria DAE<\/strong><\/p>\n","protected":false},"excerpt":{"rendered":"<p>Quando o assunto \u00e9 adutora, h\u00e1 quem diga que ele \u00e9 a pessoa que mais domina o assunto e resolve qualquer &#8220;parada&#8221;. Agora, o servidor da DAE Wilson Bernardo \u00e9 exemplo tamb\u00e9m quando a pauta \u00e9 cigarro: depois de 43 anos fumando, h\u00e1 um ano e meio o chefe da Se\u00e7\u00e3o de Adutora decidiu parar [&hellip;]<\/p>\n","protected":false},"author":39,"featured_media":325522,"comment_status":"closed","ping_status":"0","sticky":false,"template":"","format":"standard","meta":{"footnotes":""},"categories":[2],"tags":[66,1178,981],"ods":[],"class_list":["post-325516","post","type-post","status-publish","format-standard","has-post-thumbnail","hentry","category-noticias","tag-dae","tag-pait","tag-promocao-da-saude"],"_links":{"self":[{"href":"https:\/\/jundiai.sp.gov.br\/noticias\/wp-json\/wp\/v2\/posts\/325516","targetHints":{"allow":["GET"]}}],"collection":[{"href":"https:\/\/jundiai.sp.gov.br\/noticias\/wp-json\/wp\/v2\/posts"}],"about":[{"href":"https:\/\/jundiai.sp.gov.br\/noticias\/wp-json\/wp\/v2\/types\/post"}],"author":[{"embeddable":true,"href":"https:\/\/jundiai.sp.gov.br\/noticias\/wp-json\/wp\/v2\/users\/39"}],"replies":[{"embeddable":true,"href":"https:\/\/jundiai.sp.gov.br\/noticias\/wp-json\/wp\/v2\/comments?post=325516"}],"version-history":[{"count":2,"href":"https:\/\/jundiai.sp.gov.br\/noticias\/wp-json\/wp\/v2\/posts\/325516\/revisions"}],"predecessor-version":[{"id":325519,"href":"https:\/\/jundiai.sp.gov.br\/noticias\/wp-json\/wp\/v2\/posts\/325516\/revisions\/325519"}],"wp:featuredmedia":[{"embeddable":true,"href":"https:\/\/jundiai.sp.gov.br\/noticias\/wp-json\/wp\/v2\/media\/325522"}],"wp:attachment":[{"href":"https:\/\/jundiai.sp.gov.br\/noticias\/wp-json\/wp\/v2\/media?parent=325516"}],"wp:term":[{"taxonomy":"category","embeddable":true,"href":"https:\/\/jundiai.sp.gov.br\/noticias\/wp-json\/wp\/v2\/categories?post=325516"},{"taxonomy":"post_tag","embeddable":true,"href":"https:\/\/jundiai.sp.gov.br\/noticias\/wp-json\/wp\/v2\/tags?post=325516"},{"taxonomy":"ods","embeddable":true,"href":"https:\/\/jundiai.sp.gov.br\/noticias\/wp-json\/wp\/v2\/ods?post=325516"}],"curies":[{"name":"wp","href":"https:\/\/api.w.org\/{rel}","templated":true}]}}