{"id":325640,"date":"2023-08-30T15:05:47","date_gmt":"2023-08-30T18:05:47","guid":{"rendered":"https:\/\/jundiai.sp.gov.br\/noticias\/?p=325640"},"modified":"2023-08-30T15:05:47","modified_gmt":"2023-08-30T18:05:47","slug":"campus-jundiai-apresenta-novas-startups-que-vao-receber-mentoria","status":"publish","type":"post","link":"https:\/\/jundiai.sp.gov.br\/noticias\/2023\/08\/30\/campus-jundiai-apresenta-novas-startups-que-vao-receber-mentoria\/","title":{"rendered":"Campus Jundia\u00ed apresenta novas startups que v\u00e3o receber mentoria"},"content":{"rendered":"\n<p>Desenvolver ferramentas tecnol\u00f3gicas para ajudar na comunica\u00e7\u00e3o com surdos, melhorar a qualidade do sono ou mesmo para identificar e combater pragas na produ\u00e7\u00e3o agr\u00edcola. Esses foram alguns dos projetos apresentados nesta quarta-feira (30), durante o evento \u201cAs novas startups &#8211; Campus Jundia\u00ed\u201d, organizado pela Unidade de Gest\u00e3o de Desenvolvimento Econ\u00f4mico, Ci\u00eancia e Tecnologia (UGDECT), no Pa\u00e7o Municipal.<\/p>\n\n\n\n<p>A iniciativa faz parte do programa Campus Jundia\u00ed, criado pela Prefeitura de Jundia\u00ed em 2021 com objetivo de oferecer um ecossistema de inova\u00e7\u00e3o no munic\u00edpio utilizando espa\u00e7os p\u00fablicos. O evento est\u00e1 em linha com o plano do prefeito Luiz Fernando Machado de fomentar o uso da tecnologia para aproximar o poder p\u00fablico das pessoas e melhorar a efici\u00eancia dos servi\u00e7os oferecidos. \u201cEstamos transformando Jundia\u00ed em um polo de inova\u00e7\u00e3o com capacidade para o desenvolvimento de novas tecnologias, gera\u00e7\u00e3o e difus\u00e3o de conhecimento. Al\u00e9m de gerar emprego e renda por meio do empreendedorismo, o objetivo \u00e9 preparar os jovens para os empregos do futuro, que, com certeza, ter\u00e3o muita rela\u00e7\u00e3o com a tecnologia\u201d, comenta o chefe do Executivo.<\/p>\n\n\n\n<figure class=\"wp-block-image size-large\"><img loading=\"lazy\" decoding=\"async\" width=\"1280\" height=\"854\" src=\"https:\/\/jundiai.sp.gov.br\/noticias\/wp-content\/uploads\/sites\/32\/2023\/08\/desenvolvimento-startups-44-1280x854.jpg\" alt=\"IMAGEM COLORIDA MOSTRA UM GRUPO DE PESSOAS, DURANTE EVENTO SOBRE STARTUPS NO PA\u00c7O MUNICIPAL. UMA PARTE DAS PESSOAS EST\u00c1 SENTADA E OUTRA EM P\u00c9\" class=\"wp-image-325642\" srcset=\"https:\/\/jundiai.sp.gov.br\/noticias\/wp-content\/uploads\/sites\/32\/2023\/08\/desenvolvimento-startups-44-1280x854.jpg 1280w, https:\/\/jundiai.sp.gov.br\/noticias\/wp-content\/uploads\/sites\/32\/2023\/08\/desenvolvimento-startups-44-300x200.jpg 300w, https:\/\/jundiai.sp.gov.br\/noticias\/wp-content\/uploads\/sites\/32\/2023\/08\/desenvolvimento-startups-44-768x512.jpg 768w, https:\/\/jundiai.sp.gov.br\/noticias\/wp-content\/uploads\/sites\/32\/2023\/08\/desenvolvimento-startups-44-1536x1024.jpg 1536w, https:\/\/jundiai.sp.gov.br\/noticias\/wp-content\/uploads\/sites\/32\/2023\/08\/desenvolvimento-startups-44-450x300.jpg 450w, https:\/\/jundiai.sp.gov.br\/noticias\/wp-content\/uploads\/sites\/32\/2023\/08\/desenvolvimento-startups-44.jpg 1900w\" sizes=\"auto, (max-width: 1280px) 100vw, 1280px\" \/><figcaption class=\"wp-element-caption\">Respons\u00e1veis pelas startups, representantes de institui\u00e7\u00f5es e gestores p\u00fablicos: uni\u00e3o de esfor\u00e7os<\/figcaption><\/figure>\n\n\n\n<p>As apresenta\u00e7\u00f5es foram acompanhadas por Jos\u00e9 Antonio Parimoschi, gestor das unidades de Governo e Finan\u00e7as e de Desenvolvimento Econ\u00f4mico, Ci\u00eancia e Tecnologia, e pela professora Camila Molena, da Fatec Deputado Ary Fossen (gestora do Campus). Tudo ainda est\u00e1 em fase de desenvolvimento e algumas j\u00e1 almejam a realiza\u00e7\u00e3o de testes. \u201cTemos um sistema de inova\u00e7\u00e3o para atrair novas empresas e isso faz com que a cidade seja cada vez mais atrativa para novas pesquisas, novas empresas e tecnologias. Usamos os espa\u00e7os p\u00fablicos j\u00e1 existentes para abrigar as startups neste processo de incuba\u00e7\u00e3o, para depois apoiar ou encontrar quem apoie a iniciativa, como j\u00e1 acontece na Faculdade de Medicina de Jundia\u00ed\u201d, destacou Parimoschi. \u201cA Prefeitura tem muito interesse na inova\u00e7\u00e3o, nas oportunidades que s\u00e3o geradas a partir da tecnologia. \u00c9 a\u00ed que voc\u00eas entram\u201d, completou, em refer\u00eancia \u00e0s startups.<\/p>\n\n\n\n<p><strong>Solu\u00e7\u00f5es<\/strong><\/p>\n\n\n\n<p>\u00c9 o caso, por exemplo, das alunas do ensino m\u00e9dio da Escola Professor Luiz Rosa. Elas est\u00e3o desenvolvendo um aplicativo para ajudar adolescentes surdos de 12 a 18 anos a se comunicarem. A professora Joyce Souza, da equipe de gest\u00e3o da escola, acompanhou as alunas e aprovou a iniciativa. \u201c\u00c9 um movimento poderoso para troca de experi\u00eancias e que pudemos mostrar esse projeto integrador dentro da escola\u201d.<\/p>\n\n\n\n<figure class=\"wp-block-image size-large\"><img loading=\"lazy\" decoding=\"async\" width=\"1280\" height=\"854\" src=\"https:\/\/jundiai.sp.gov.br\/noticias\/wp-content\/uploads\/sites\/32\/2023\/08\/desenvolvimento-startups-19-1280x854.jpg\" alt=\"FOTO COLORIDA MOSTRA QUATRO GAROTAS EM P\u00c9, CONVERSANDO COM PARTICIPANTES DO EVENTO SOBRE STARTUPS, NO PA\u00c7O MUNICIPAL\" class=\"wp-image-325643\" srcset=\"https:\/\/jundiai.sp.gov.br\/noticias\/wp-content\/uploads\/sites\/32\/2023\/08\/desenvolvimento-startups-19-1280x854.jpg 1280w, https:\/\/jundiai.sp.gov.br\/noticias\/wp-content\/uploads\/sites\/32\/2023\/08\/desenvolvimento-startups-19-300x200.jpg 300w, https:\/\/jundiai.sp.gov.br\/noticias\/wp-content\/uploads\/sites\/32\/2023\/08\/desenvolvimento-startups-19-768x512.jpg 768w, https:\/\/jundiai.sp.gov.br\/noticias\/wp-content\/uploads\/sites\/32\/2023\/08\/desenvolvimento-startups-19-1536x1024.jpg 1536w, https:\/\/jundiai.sp.gov.br\/noticias\/wp-content\/uploads\/sites\/32\/2023\/08\/desenvolvimento-startups-19-450x300.jpg 450w, https:\/\/jundiai.sp.gov.br\/noticias\/wp-content\/uploads\/sites\/32\/2023\/08\/desenvolvimento-startups-19.jpg 1900w\" sizes=\"auto, (max-width: 1280px) 100vw, 1280px\" \/><figcaption class=\"wp-element-caption\">Alunas da escola Luiz Rosa durante apresenta\u00e7\u00e3o do projeto: aplicativo vai ajudar adolescentes surdos<\/figcaption><\/figure>\n\n\n\n<p>De acordo com Camila Molena, da Fatec Jundia\u00ed, as apresenta\u00e7\u00f5es servem para que as startups sejam avaliadas, recebam feedbacks e saibam se est\u00e3o no caminho certo ou se precisam reavaliar a proposta. \u201cEsse \u00e9 um modelo que pode ser adotado por todas as escolas, inclusive, avaliando, alavancando e vendo o crescimento delas. \u00c9 o movimento de uma cultura diferenciada, que devemos ensinar \u00e0s pessoas\u201d.<\/p>\n\n\n\n<p>Participaram do evento, tamb\u00e9m, Vin\u00edcius Querencia e Guilherme Cuoghi Bellato, da Faculdade de Medicina de Jundia\u00ed (FMJ); Carlos Eduardo Schuster, da Fatec Jundia\u00ed; e William Estev\u00e3o Lino da Silva, da Etec Benedito Storani. Da Prefeitura, o gestor adjunto de Empreendedorismo, Wagner Soares, e o diretor do Departamento de Ci\u00eancia e Tecnologia, J\u00falio C\u00e9sar Durante. Representando a C\u00e2mara Municipal, o vereador Cristiano Lopes.<\/p>\n\n\n\n<p><strong>Assessoria de Imprensa<br>Fotos: Fot\u00f3grafo PMJ<\/strong><\/p>\n","protected":false},"excerpt":{"rendered":"<p>Desenvolver ferramentas tecnol\u00f3gicas para ajudar na comunica\u00e7\u00e3o com surdos, melhorar a qualidade do sono ou mesmo para identificar e combater pragas na produ\u00e7\u00e3o agr\u00edcola. Esses foram alguns dos projetos apresentados nesta quarta-feira (30), durante o evento \u201cAs novas startups &#8211; Campus Jundia\u00ed\u201d, organizado pela Unidade de Gest\u00e3o de Desenvolvimento Econ\u00f4mico, Ci\u00eancia e Tecnologia (UGDECT), no [&hellip;]<\/p>\n","protected":false},"author":97,"featured_media":325642,"comment_status":"closed","ping_status":"0","sticky":false,"template":"","format":"standard","meta":{"footnotes":""},"categories":[2],"tags":[2642,365,2405,3666],"ods":[],"class_list":["post-325640","post","type-post","status-publish","format-standard","has-post-thumbnail","hentry","category-noticias","tag-campus-jundiai","tag-desenvolvimento-economico-ciencia-e-tecnologia","tag-inovacao","tag-startups"],"_links":{"self":[{"href":"https:\/\/jundiai.sp.gov.br\/noticias\/wp-json\/wp\/v2\/posts\/325640","targetHints":{"allow":["GET"]}}],"collection":[{"href":"https:\/\/jundiai.sp.gov.br\/noticias\/wp-json\/wp\/v2\/posts"}],"about":[{"href":"https:\/\/jundiai.sp.gov.br\/noticias\/wp-json\/wp\/v2\/types\/post"}],"author":[{"embeddable":true,"href":"https:\/\/jundiai.sp.gov.br\/noticias\/wp-json\/wp\/v2\/users\/97"}],"replies":[{"embeddable":true,"href":"https:\/\/jundiai.sp.gov.br\/noticias\/wp-json\/wp\/v2\/comments?post=325640"}],"version-history":[{"count":6,"href":"https:\/\/jundiai.sp.gov.br\/noticias\/wp-json\/wp\/v2\/posts\/325640\/revisions"}],"predecessor-version":[{"id":325652,"href":"https:\/\/jundiai.sp.gov.br\/noticias\/wp-json\/wp\/v2\/posts\/325640\/revisions\/325652"}],"wp:featuredmedia":[{"embeddable":true,"href":"https:\/\/jundiai.sp.gov.br\/noticias\/wp-json\/wp\/v2\/media\/325642"}],"wp:attachment":[{"href":"https:\/\/jundiai.sp.gov.br\/noticias\/wp-json\/wp\/v2\/media?parent=325640"}],"wp:term":[{"taxonomy":"category","embeddable":true,"href":"https:\/\/jundiai.sp.gov.br\/noticias\/wp-json\/wp\/v2\/categories?post=325640"},{"taxonomy":"post_tag","embeddable":true,"href":"https:\/\/jundiai.sp.gov.br\/noticias\/wp-json\/wp\/v2\/tags?post=325640"},{"taxonomy":"ods","embeddable":true,"href":"https:\/\/jundiai.sp.gov.br\/noticias\/wp-json\/wp\/v2\/ods?post=325640"}],"curies":[{"name":"wp","href":"https:\/\/api.w.org\/{rel}","templated":true}]}}