{"id":326049,"date":"2023-09-05T18:08:07","date_gmt":"2023-09-05T21:08:07","guid":{"rendered":"https:\/\/jundiai.sp.gov.br\/noticias\/?p=326049"},"modified":"2023-09-05T18:11:51","modified_gmt":"2023-09-05T21:11:51","slug":"confira-como-ficara-o-transito-na-avenida-latorre-para-o-desfile-de-sete-de-setembro","status":"publish","type":"post","link":"https:\/\/jundiai.sp.gov.br\/noticias\/2023\/09\/05\/confira-como-ficara-o-transito-na-avenida-latorre-para-o-desfile-de-sete-de-setembro\/","title":{"rendered":"Confira como ficar\u00e1 o tr\u00e2nsito na avenida Latorre para o Desfile de Sete de Setembro"},"content":{"rendered":"\n<p>Devido ao <a href=\"https:\/\/jundiai.sp.gov.br\/noticias\/2023\/09\/01\/sete-de-setembro-tera-desfile-na-avenida-prefeito-luiz-latorre\/\">Desfile C\u00edvico e Militar de Sete de Setembro<\/a>, haver\u00e1 bloqueio para o tr\u00e2nsito de ve\u00edculos, das 7h \u00e0s 13h, na Avenida Prefeito Luiz Latorre, na faixa sentido bairro\/centro. Al\u00e9m das placas orientativas, os agentes de Tr\u00e2nsito ir\u00e3o monitorar o fluxo. Os condutores de ve\u00edculos ter\u00e3o as seguintes op\u00e7\u00f5es de desvios:<\/p>\n\n\n\n<p>Para quem estiver na Avenida Jacyro Martinasso e deseja acessar a Avenida Prefeito Luiz Latorre &#8211; vire \u00e0 direita no cruzamento com a Rua do Retiro, siga na Rua do Retiro a vire \u00e0 esquerda na Rua Professora Escol\u00e1stica de Toledo Pontes, mantenha a esquerda na bifurca\u00e7\u00e3o continuando at\u00e9 a Avenida Prefeito Luiz Latorre;<\/p>\n\n\n\n<p>Para quem est\u00e1 transitando na Av. Prefeito Luiz Latorre sentido Centro \u2013 O desvio ser\u00e1 na Rotat\u00f3ria Pr\u00f3ximo da JC Felivel, seguindo para a Avenida Prefeito Luiz Latorre sentido UNIP, pega a primeira faixa mais a direita, segue pela al\u00e7a de acesso para a marginal da Rodovia Jo\u00e3o Cereser, mantendo-se na faixa mais \u00e0 direita para acessar o bairro Vila Hortol\u00e2ndia ou seguindo pela segunda faixa para acessar a Rodovia Geraldo Dias;<\/p>\n\n\n\n<p>Condutores que estiverem transitando pela Avenida Prefeito Luiz Latorre e desejam acessar a Rodovia Anhanguera \u2013 seguem at\u00e9 o final, passam pelo T\u00fanel, narotat\u00f3ria pegar a primeira sa\u00edda para a Avenida Armando Giassetti, seguir at\u00e9 a sa\u00edda para a Rodovia Jo\u00e3o Cereser;<\/p>\n\n\n\n<p>J\u00e1 para quem est\u00e1 nos Bairros Jardim das Hort\u00eansias e Vila Bela &#8211; tem como op\u00e7\u00e3o de desvio a Rua do Retiro, Rua Luiz Gonzaga Martins Guimar\u00e3es, Av. Comendador Hermes Traldi e Avenida Dona Manoela Lacerda de Vergueiro.<\/p>\n\n\n\n<p><strong>Assessoria de Imprensa<br>Foto: Arquivo PMJ<\/strong><\/p>\n","protected":false},"excerpt":{"rendered":"<p>Devido ao Desfile C\u00edvico e Militar de Sete de Setembro, haver\u00e1 bloqueio para o tr\u00e2nsito de ve\u00edculos, das 7h \u00e0s 13h, na Avenida Prefeito Luiz Latorre, na faixa sentido bairro\/centro. Al\u00e9m das placas orientativas, os agentes de Tr\u00e2nsito ir\u00e3o monitorar o fluxo. Os condutores de ve\u00edculos ter\u00e3o as seguintes op\u00e7\u00f5es de desvios: Para quem estiver [&hellip;]<\/p>\n","protected":false},"author":14,"featured_media":326053,"comment_status":"closed","ping_status":"0","sticky":false,"template":"","format":"standard","meta":{"footnotes":""},"categories":[2],"tags":[29,4150,982,27],"ods":[],"class_list":["post-326049","post","type-post","status-publish","format-standard","has-post-thumbnail","hentry","category-noticias","tag-cultura","tag-desfile-de-sete-de-setembro","tag-mobilidade-e-transporte","tag-transito"],"_links":{"self":[{"href":"https:\/\/jundiai.sp.gov.br\/noticias\/wp-json\/wp\/v2\/posts\/326049","targetHints":{"allow":["GET"]}}],"collection":[{"href":"https:\/\/jundiai.sp.gov.br\/noticias\/wp-json\/wp\/v2\/posts"}],"about":[{"href":"https:\/\/jundiai.sp.gov.br\/noticias\/wp-json\/wp\/v2\/types\/post"}],"author":[{"embeddable":true,"href":"https:\/\/jundiai.sp.gov.br\/noticias\/wp-json\/wp\/v2\/users\/14"}],"replies":[{"embeddable":true,"href":"https:\/\/jundiai.sp.gov.br\/noticias\/wp-json\/wp\/v2\/comments?post=326049"}],"version-history":[{"count":8,"href":"https:\/\/jundiai.sp.gov.br\/noticias\/wp-json\/wp\/v2\/posts\/326049\/revisions"}],"predecessor-version":[{"id":326090,"href":"https:\/\/jundiai.sp.gov.br\/noticias\/wp-json\/wp\/v2\/posts\/326049\/revisions\/326090"}],"wp:featuredmedia":[{"embeddable":true,"href":"https:\/\/jundiai.sp.gov.br\/noticias\/wp-json\/wp\/v2\/media\/326053"}],"wp:attachment":[{"href":"https:\/\/jundiai.sp.gov.br\/noticias\/wp-json\/wp\/v2\/media?parent=326049"}],"wp:term":[{"taxonomy":"category","embeddable":true,"href":"https:\/\/jundiai.sp.gov.br\/noticias\/wp-json\/wp\/v2\/categories?post=326049"},{"taxonomy":"post_tag","embeddable":true,"href":"https:\/\/jundiai.sp.gov.br\/noticias\/wp-json\/wp\/v2\/tags?post=326049"},{"taxonomy":"ods","embeddable":true,"href":"https:\/\/jundiai.sp.gov.br\/noticias\/wp-json\/wp\/v2\/ods?post=326049"}],"curies":[{"name":"wp","href":"https:\/\/api.w.org\/{rel}","templated":true}]}}