{"id":326480,"date":"2023-09-18T09:36:45","date_gmt":"2023-09-18T12:36:45","guid":{"rendered":"https:\/\/jundiai.sp.gov.br\/noticias\/?p=326480"},"modified":"2023-09-18T09:40:49","modified_gmt":"2023-09-18T12:40:49","slug":"instituto-adimax-faz-doacao-de-1-440-fraldas-para-cidade-vicentina","status":"publish","type":"post","link":"https:\/\/jundiai.sp.gov.br\/noticias\/2023\/09\/18\/instituto-adimax-faz-doacao-de-1-440-fraldas-para-cidade-vicentina\/","title":{"rendered":"Instituto Adimax faz doa\u00e7\u00e3o de 1.440 fraldas para Cidade Vicentina"},"content":{"rendered":"\n<p>A exemplo de outras empresas da regi\u00e3o, o Instituto Adimax doou 1.440 fraldas geri\u00e1tricas para Cidade Vicentina Frederico Ozanam, entidade que assiste idosos, inclusive em situa\u00e7\u00e3o de vulnerabilidade. A a\u00e7\u00e3o contou com o apoio da Rede Jundia\u00ed de Coopera\u00e7\u00e3o, vinculada \u00e0 Unidade de Gest\u00e3o de Governo e Finan\u00e7as (UGGF). A doa\u00e7\u00e3o foi entregue pelo representante comercial da Adimax, Eduardo Pupo.<\/p>\n\n\n\n<p>\u201cA Adimax considera muito importante essas a\u00e7\u00f5es sociais. E apoiar a Cidade Vicentina, uma institui\u00e7\u00e3o que cuida de idosos do munic\u00edpio, \u00e9 gratificante&#8221;, refor\u00e7ou Eduardo. A institui\u00e7\u00e3o \u00e9 uma organiza\u00e7\u00e3o que tem o servi\u00e7o de acolhimento institucional da pessoa idosa e, tamb\u00e9m, realiza servi\u00e7o do Centro Dia da Pessoa Idosa. Atualmente, 86 idosos vivem na institui\u00e7\u00e3o.<\/p>\n\n\n<div class=\"wp-block-image\">\n<figure class=\"aligncenter size-large\"><img loading=\"lazy\" decoding=\"async\" width=\"1280\" height=\"854\" src=\"https:\/\/jundiai.sp.gov.br\/noticias\/wp-content\/uploads\/sites\/32\/2023\/09\/doacao_fraldas_cidade_vicentina-1-1-1280x854.jpg\" alt=\"\" class=\"wp-image-326552\" srcset=\"https:\/\/jundiai.sp.gov.br\/noticias\/wp-content\/uploads\/sites\/32\/2023\/09\/doacao_fraldas_cidade_vicentina-1-1-1280x854.jpg 1280w, https:\/\/jundiai.sp.gov.br\/noticias\/wp-content\/uploads\/sites\/32\/2023\/09\/doacao_fraldas_cidade_vicentina-1-1-300x200.jpg 300w, https:\/\/jundiai.sp.gov.br\/noticias\/wp-content\/uploads\/sites\/32\/2023\/09\/doacao_fraldas_cidade_vicentina-1-1-768x512.jpg 768w, https:\/\/jundiai.sp.gov.br\/noticias\/wp-content\/uploads\/sites\/32\/2023\/09\/doacao_fraldas_cidade_vicentina-1-1-1536x1024.jpg 1536w, https:\/\/jundiai.sp.gov.br\/noticias\/wp-content\/uploads\/sites\/32\/2023\/09\/doacao_fraldas_cidade_vicentina-1-1-450x300.jpg 450w, https:\/\/jundiai.sp.gov.br\/noticias\/wp-content\/uploads\/sites\/32\/2023\/09\/doacao_fraldas_cidade_vicentina-1-1.jpg 1900w\" sizes=\"auto, (max-width: 1280px) 100vw, 1280px\" \/><figcaption class=\"wp-element-caption\">Instituto Adimax faz doa\u00e7\u00e3o de 1.440 fraldas para Cidade Vicentina<\/figcaption><\/figure>\n<\/div>\n\n\n<p>&#8220;Essas a\u00e7\u00f5es sociais de doa\u00e7\u00e3o s\u00e3o muito importantes para a sustentabilidade dos idosos, principalmente porque muitos est\u00e3o em situa\u00e7\u00e3o de vulnerabilidade. E como a institui\u00e7\u00e3o \u00e9 filantr\u00f3pica, toda doa\u00e7\u00e3o ajuda muito nos cuidados di\u00e1rios&#8221;, disse a gerente de Desenvolvimento Social da Cidade Vicentina, Marcia Aparecida de Oliveira.<\/p>\n\n\n\n<p>Recentemente, o Instituto Adimax tamb\u00e9m fez uma doa\u00e7\u00e3o de uma tonelada de ra\u00e7\u00e3o para a Campanha Focinho Solid\u00e1rio, que atende tutores de c\u00e3es e gatos do munic\u00edpio que est\u00e3o inseridos no Cad\u00danico. \u201cTemos o Instituto Adimax como um parceiro importante do Munic\u00edpio e que apoia diversas causas. O objetivo da Rede Jundia\u00ed de Coopera\u00e7\u00e3o \u00e9 unir esfor\u00e7os da iniciativa privada, organiza\u00e7\u00f5es e do poder p\u00fablico a partir do fortalecimento de a\u00e7\u00f5es que potencializam resultados em benef\u00edcio da popula\u00e7\u00e3o\u201d, disse a diretora da Unidade Central de Parcerias Estrat\u00e9gicas, Daniele Ruiz, representando o gestor de Governo e Finan\u00e7as, Jos\u00e9 Antonio Parimoschi.<\/p>\n\n\n\n<p><strong>Assessoria de Imprensa<br>Foto: Fot\u00f3grafos PMJ<\/strong><\/p>\n","protected":false},"excerpt":{"rendered":"<p>A exemplo de outras empresas da regi\u00e3o, o Instituto Adimax doou 1.440 fraldas geri\u00e1tricas para Cidade Vicentina Frederico Ozanam, entidade que assiste idosos, inclusive em situa\u00e7\u00e3o de vulnerabilidade. A a\u00e7\u00e3o contou com o apoio da Rede Jundia\u00ed de Coopera\u00e7\u00e3o, vinculada \u00e0 Unidade de Gest\u00e3o de Governo e Finan\u00e7as (UGGF). A doa\u00e7\u00e3o foi entregue pelo representante [&hellip;]<\/p>\n","protected":false},"author":100,"featured_media":326552,"comment_status":"closed","ping_status":"0","sticky":false,"template":"","format":"standard","meta":{"footnotes":""},"categories":[2],"tags":[980,1051],"ods":[],"class_list":["post-326480","post","type-post","status-publish","format-standard","has-post-thumbnail","hentry","category-noticias","tag-assistencia-e-desenvolvimento-social","tag-rede-jundiai-de-cooperacao"],"_links":{"self":[{"href":"https:\/\/jundiai.sp.gov.br\/noticias\/wp-json\/wp\/v2\/posts\/326480","targetHints":{"allow":["GET"]}}],"collection":[{"href":"https:\/\/jundiai.sp.gov.br\/noticias\/wp-json\/wp\/v2\/posts"}],"about":[{"href":"https:\/\/jundiai.sp.gov.br\/noticias\/wp-json\/wp\/v2\/types\/post"}],"author":[{"embeddable":true,"href":"https:\/\/jundiai.sp.gov.br\/noticias\/wp-json\/wp\/v2\/users\/100"}],"replies":[{"embeddable":true,"href":"https:\/\/jundiai.sp.gov.br\/noticias\/wp-json\/wp\/v2\/comments?post=326480"}],"version-history":[{"count":15,"href":"https:\/\/jundiai.sp.gov.br\/noticias\/wp-json\/wp\/v2\/posts\/326480\/revisions"}],"predecessor-version":[{"id":326911,"href":"https:\/\/jundiai.sp.gov.br\/noticias\/wp-json\/wp\/v2\/posts\/326480\/revisions\/326911"}],"wp:featuredmedia":[{"embeddable":true,"href":"https:\/\/jundiai.sp.gov.br\/noticias\/wp-json\/wp\/v2\/media\/326552"}],"wp:attachment":[{"href":"https:\/\/jundiai.sp.gov.br\/noticias\/wp-json\/wp\/v2\/media?parent=326480"}],"wp:term":[{"taxonomy":"category","embeddable":true,"href":"https:\/\/jundiai.sp.gov.br\/noticias\/wp-json\/wp\/v2\/categories?post=326480"},{"taxonomy":"post_tag","embeddable":true,"href":"https:\/\/jundiai.sp.gov.br\/noticias\/wp-json\/wp\/v2\/tags?post=326480"},{"taxonomy":"ods","embeddable":true,"href":"https:\/\/jundiai.sp.gov.br\/noticias\/wp-json\/wp\/v2\/ods?post=326480"}],"curies":[{"name":"wp","href":"https:\/\/api.w.org\/{rel}","templated":true}]}}