{"id":326816,"date":"2023-09-15T18:50:53","date_gmt":"2023-09-15T21:50:53","guid":{"rendered":"https:\/\/jundiai.sp.gov.br\/noticias\/?p=326816"},"modified":"2023-09-15T18:50:53","modified_gmt":"2023-09-15T21:50:53","slug":"prefeitura-e-governo-do-estado-entregam-nova-plataforma-turistica-do-expressa","status":"publish","type":"post","link":"https:\/\/jundiai.sp.gov.br\/noticias\/2023\/09\/15\/prefeitura-e-governo-do-estado-entregam-nova-plataforma-turistica-do-expressa\/","title":{"rendered":"Prefeitura e Governo do Estado entregam nova Plataforma Tur\u00edstica do Expressa"},"content":{"rendered":"\n<p>Dando continuidade ao projeto de revitaliza\u00e7\u00e3o do Espa\u00e7o Expressa (antigo Complexo Fepasa), a Prefeitura de Jundia\u00ed e o Governo do Estado entregaram, na tarde desta sexta-feira (15), a reforma da Plataforma Tur\u00edstica do espa\u00e7o. O local serviu \u00e0s antigas instala\u00e7\u00f5es da Companhia Paulista de Estradas de Ferro e era usado como plataforma da linha Santos-Jundia\u00ed, uma das mais importantes do Brasil \u00e0 \u00e9poca. O Secret\u00e1rio de Turismo e Viagens do Estado, Roberto de Lucena, foi representado pelo assessor Clodoaldo Marques.<\/p>\n\n\n\n<p>\u201cDesde a aquisi\u00e7\u00e3o do Complexo Fepasa, em 2002, estamos promovendo o maior investimento da hist\u00f3ria do local. Jundia\u00ed tem o desenvolvimento atrelado \u00e0 ferrovia, por isso essa restaura\u00e7\u00e3o \u00e9 mais um passo importante no resgate da mem\u00f3ria e para a ressignifica\u00e7\u00e3o que estamos promovendo no Expressa atrav\u00e9s de elementos como a cultura, humanidades e pensando sempre no futuro&#8221;, afirmou o gestor de Governo e Finan\u00e7as, Jos\u00e9 Antonio Parimoschi.<\/p>\n\n\n<div class=\"wp-block-image\">\n<figure class=\"aligncenter size-large\"><img loading=\"lazy\" decoding=\"async\" width=\"1280\" height=\"854\" src=\"https:\/\/jundiai.sp.gov.br\/noticias\/wp-content\/uploads\/sites\/32\/2023\/09\/entrega_plataforma_turistica_expressa-78-1280x854.jpg\" alt=\"\" class=\"wp-image-326840\" srcset=\"https:\/\/jundiai.sp.gov.br\/noticias\/wp-content\/uploads\/sites\/32\/2023\/09\/entrega_plataforma_turistica_expressa-78-1280x854.jpg 1280w, https:\/\/jundiai.sp.gov.br\/noticias\/wp-content\/uploads\/sites\/32\/2023\/09\/entrega_plataforma_turistica_expressa-78-300x200.jpg 300w, https:\/\/jundiai.sp.gov.br\/noticias\/wp-content\/uploads\/sites\/32\/2023\/09\/entrega_plataforma_turistica_expressa-78-768x512.jpg 768w, https:\/\/jundiai.sp.gov.br\/noticias\/wp-content\/uploads\/sites\/32\/2023\/09\/entrega_plataforma_turistica_expressa-78-1536x1024.jpg 1536w, https:\/\/jundiai.sp.gov.br\/noticias\/wp-content\/uploads\/sites\/32\/2023\/09\/entrega_plataforma_turistica_expressa-78-450x300.jpg 450w, https:\/\/jundiai.sp.gov.br\/noticias\/wp-content\/uploads\/sites\/32\/2023\/09\/entrega_plataforma_turistica_expressa-78.jpg 1900w\" sizes=\"auto, (max-width: 1280px) 100vw, 1280px\" \/><figcaption class=\"wp-element-caption\">Prefeitura e Governo do Estado entregam nova Plataforma Tur\u00edstica do Expressa <\/figcaption><\/figure>\n<\/div>\n\n\n<p>O investimento total foi de R$ 419 mil. A obra foi custeada com recursos de conv\u00eanio da Secretaria de Estado do Turismo e de contrapartidas municipais.&nbsp;O Conselho Municipal de Turismo (COMTUR) foi quem deliberou a escolha do projeto. O local recebeu recupera\u00e7\u00e3o das estruturas met\u00e1licas da cobertura das plataformas, substitui\u00e7\u00e3o total das telhas, instala\u00e7\u00e3o de calhas e rufos, recupera\u00e7\u00e3o estrutural da plataforma, implanta\u00e7\u00e3o de rampas de acessibilidade, recupera\u00e7\u00e3o das esquadrias e substitui\u00e7\u00f5es dos vidros e recupera\u00e7\u00e3o das portas de acesso.<\/p>\n\n\n\n<p>&#8220;A entrega desse espa\u00e7o \u00e9 fruto de um esfor\u00e7o intersetorial. Sempre acreditamos que a transforma\u00e7\u00e3o da sociedade se dar\u00e1 tamb\u00e9m pela Cultura. Por isso estamos ampliando os investimentos ano ap\u00f3s ano e democratizando cada vez mais o acesso aos espa\u00e7os p\u00fablicos&#8221;, disse o gestor de Cultura, Marcelo Peroni.<\/p>\n\n\n\n<p>A reforma da Plataforma Tur\u00edstica integra o projeto de revitaliza\u00e7\u00e3o completa do Espa\u00e7o Expressa, que tem investimentos estimados em R$ 50 milh\u00f5es. No projeto total de revitaliza\u00e7\u00e3o do Expressa, tamb\u00e9m h\u00e1 um projeto para a implementa\u00e7\u00e3o de um Parque Linear, que est\u00e1 inserido na a\u00e7\u00e3o de requalifica\u00e7\u00e3o do Centro e que j\u00e1 foi iniciado.<\/p>\n\n\n<div class=\"wp-block-image\">\n<figure class=\"aligncenter size-large\"><img loading=\"lazy\" decoding=\"async\" width=\"1280\" height=\"854\" src=\"https:\/\/jundiai.sp.gov.br\/noticias\/wp-content\/uploads\/sites\/32\/2023\/09\/entrega_plataforma_turistica_expressa-36-2-1280x854.jpg\" alt=\"\" class=\"wp-image-326841\" srcset=\"https:\/\/jundiai.sp.gov.br\/noticias\/wp-content\/uploads\/sites\/32\/2023\/09\/entrega_plataforma_turistica_expressa-36-2-1280x854.jpg 1280w, https:\/\/jundiai.sp.gov.br\/noticias\/wp-content\/uploads\/sites\/32\/2023\/09\/entrega_plataforma_turistica_expressa-36-2-300x200.jpg 300w, https:\/\/jundiai.sp.gov.br\/noticias\/wp-content\/uploads\/sites\/32\/2023\/09\/entrega_plataforma_turistica_expressa-36-2-768x512.jpg 768w, https:\/\/jundiai.sp.gov.br\/noticias\/wp-content\/uploads\/sites\/32\/2023\/09\/entrega_plataforma_turistica_expressa-36-2-1536x1024.jpg 1536w, https:\/\/jundiai.sp.gov.br\/noticias\/wp-content\/uploads\/sites\/32\/2023\/09\/entrega_plataforma_turistica_expressa-36-2-450x300.jpg 450w, https:\/\/jundiai.sp.gov.br\/noticias\/wp-content\/uploads\/sites\/32\/2023\/09\/entrega_plataforma_turistica_expressa-36-2.jpg 1900w\" sizes=\"auto, (max-width: 1280px) 100vw, 1280px\" \/><figcaption class=\"wp-element-caption\">Gestor de Governo e Finan\u00e7as, Jos\u00e9 Antonio Parimoschi, falou sobre a import\u00e2ncia da entrega<\/figcaption><\/figure>\n<\/div>\n\n\n<p>\u201cTemos um anseio muito grande para que o acervo da ferrovia, que hoje pertence ao Governo Federal, passe para o munic\u00edpio, para que possamos fazer a restaura\u00e7\u00e3o de diversos objetos que podem refor\u00e7ar ainda mais a voca\u00e7\u00e3o rural e hist\u00f3rica do turismo de Jundia\u00ed&#8221;, lembrou o gestor de Agroneg\u00f3cio, Abastecimento e Turismo, Eduardo Alvarez.<\/p>\n\n\n\n<p>Al\u00e9m de servidores de diversas Unidades de Gest\u00e3o da Prefeitura, estiveram presentes na inaugura\u00e7\u00e3o os vereadores C\u00edcero da Sa\u00fade, Daniel Lemos e Faouaz Taha.<\/p>\n\n\n\n<p><strong>Assessoria de Imprensa<br>Fotos: Fot\u00f3grafos PMJ<\/strong><\/p>\n","protected":false},"excerpt":{"rendered":"<p>Dando continuidade ao projeto de revitaliza\u00e7\u00e3o do Espa\u00e7o Expressa (antigo Complexo Fepasa), a Prefeitura de Jundia\u00ed e o Governo do Estado entregaram, na tarde desta sexta-feira (15), a reforma da Plataforma Tur\u00edstica do espa\u00e7o. O local serviu \u00e0s antigas instala\u00e7\u00f5es da Companhia Paulista de Estradas de Ferro e era usado como plataforma da linha Santos-Jundia\u00ed, [&hellip;]<\/p>\n","protected":false},"author":100,"featured_media":326840,"comment_status":"closed","ping_status":"0","sticky":false,"template":"","format":"standard","meta":{"footnotes":""},"categories":[2],"tags":[974,598,29],"ods":[],"class_list":["post-326816","post","type-post","status-publish","format-standard","has-post-thumbnail","hentry","category-noticias","tag-agronegocio-abastecimento-e-turismo","tag-conselho-de-turismo-comtur","tag-cultura"],"_links":{"self":[{"href":"https:\/\/jundiai.sp.gov.br\/noticias\/wp-json\/wp\/v2\/posts\/326816","targetHints":{"allow":["GET"]}}],"collection":[{"href":"https:\/\/jundiai.sp.gov.br\/noticias\/wp-json\/wp\/v2\/posts"}],"about":[{"href":"https:\/\/jundiai.sp.gov.br\/noticias\/wp-json\/wp\/v2\/types\/post"}],"author":[{"embeddable":true,"href":"https:\/\/jundiai.sp.gov.br\/noticias\/wp-json\/wp\/v2\/users\/100"}],"replies":[{"embeddable":true,"href":"https:\/\/jundiai.sp.gov.br\/noticias\/wp-json\/wp\/v2\/comments?post=326816"}],"version-history":[{"count":5,"href":"https:\/\/jundiai.sp.gov.br\/noticias\/wp-json\/wp\/v2\/posts\/326816\/revisions"}],"predecessor-version":[{"id":326843,"href":"https:\/\/jundiai.sp.gov.br\/noticias\/wp-json\/wp\/v2\/posts\/326816\/revisions\/326843"}],"wp:featuredmedia":[{"embeddable":true,"href":"https:\/\/jundiai.sp.gov.br\/noticias\/wp-json\/wp\/v2\/media\/326840"}],"wp:attachment":[{"href":"https:\/\/jundiai.sp.gov.br\/noticias\/wp-json\/wp\/v2\/media?parent=326816"}],"wp:term":[{"taxonomy":"category","embeddable":true,"href":"https:\/\/jundiai.sp.gov.br\/noticias\/wp-json\/wp\/v2\/categories?post=326816"},{"taxonomy":"post_tag","embeddable":true,"href":"https:\/\/jundiai.sp.gov.br\/noticias\/wp-json\/wp\/v2\/tags?post=326816"},{"taxonomy":"ods","embeddable":true,"href":"https:\/\/jundiai.sp.gov.br\/noticias\/wp-json\/wp\/v2\/ods?post=326816"}],"curies":[{"name":"wp","href":"https:\/\/api.w.org\/{rel}","templated":true}]}}