{"id":327037,"date":"2023-09-19T17:13:03","date_gmt":"2023-09-19T20:13:03","guid":{"rendered":"https:\/\/jundiai.sp.gov.br\/noticias\/?p=327037"},"modified":"2023-09-19T17:15:43","modified_gmt":"2023-09-19T20:15:43","slug":"defesa-civil-alerta-para-aumento-na-temperatura-e-queda-da-umidade-relativa-do-ar","status":"publish","type":"post","link":"https:\/\/jundiai.sp.gov.br\/noticias\/2023\/09\/19\/defesa-civil-alerta-para-aumento-na-temperatura-e-queda-da-umidade-relativa-do-ar\/","title":{"rendered":"Defesa Civil alerta para aumento na temperatura e queda da umidade relativa do ar"},"content":{"rendered":"\n<p>A Defesa Civil do Estado de S\u00e3o Paulo informa que, entre quarta-feira (20) e domingo (24), uma forte massa de ar quente e seca, al\u00e9m de um sistema de alta press\u00e3o que configura um bloqueio atmosf\u00e9rico, chegar\u00e1 a Jundia\u00ed e causar\u00e1 um expressivo aumento nas temperaturas e queda significativa na umidade relativa do ar (URA).<\/p>\n\n\n\n<p>A previs\u00e3o \u00e9 que as temperaturas atinjam a casa dos 38\u00b0C e a URA fique abaixo dos 25%. As condi\u00e7\u00f5es aumentam o risco de inc\u00eandios, principalmente em regi\u00f5es mais vulner\u00e1veis de vegeta\u00e7\u00e3o seca.<\/p>\n\n\n\n<p>\u201cSegundo o Plano de Conting\u00eancia Municipal para Opera\u00e7\u00e3o Estiagem, estaremos em n\u00edvel de aten\u00e7\u00e3o nos pr\u00f3ximos dias. \u00c9 fundamental que as pessoas se mantenham hidratadas, umidifiquem o ambiente, evitem longas exposi\u00e7\u00e3o ao sol e protejam-se com chap\u00e9us, protetores solares, entre outros\u201d, ressalta o Coordenador da Defesa Civil, Coronel Jo\u00e3o Os\u00f3rio Gimenez Germano.<\/p>\n\n\n\n<figure class=\"wp-block-image size-large is-resized\"><img loading=\"lazy\" decoding=\"async\" src=\"https:\/\/jundiai.sp.gov.br\/noticias\/wp-content\/uploads\/sites\/32\/2015\/09\/sol_P6G-720x466.jpg\" alt=\"\" class=\"wp-image-155330\" width=\"841\" height=\"544\" srcset=\"https:\/\/jundiai.sp.gov.br\/noticias\/wp-content\/uploads\/sites\/32\/2015\/09\/sol_P6G-720x466.jpg 720w, https:\/\/jundiai.sp.gov.br\/noticias\/wp-content\/uploads\/sites\/32\/2015\/09\/sol_P6G-300x194.jpg 300w, https:\/\/jundiai.sp.gov.br\/noticias\/wp-content\/uploads\/sites\/32\/2015\/09\/sol_P6G.jpg 1240w\" sizes=\"auto, (max-width: 841px) 100vw, 841px\" \/><figcaption class=\"wp-element-caption\">Jundia\u00ed ter\u00e1 dias de sol, calor e baixa umidade do ar a partir de quarta-feira (20)<\/figcaption><\/figure>\n\n\n\n<p><strong>Alerta Defesa Civil<\/strong><\/p>\n\n\n\n<p>Todo mun\u00edcipe pode cadastrar seu celular, gratuitamente, para receber alertas meteorol\u00f3gicos da Defesa Civil via SMS. Os interessados devem enviar um SMS para o n\u00famero 40199 com C\u00f3digo de Endere\u00e7amento Postal (CEP) de interesse.<\/p>\n\n\n\n<p>Qualquer d\u00favida ou informa\u00e7\u00e3o pode ser tamb\u00e9m obtida na Defesa Civil pelo n\u00famero 4586-0666 ou o 199.<\/p>\n\n\n\n<p><strong>Assessoria de Imprensa<br>Foto: Fot\u00f3grafo PMJ<\/strong><\/p>\n","protected":false},"excerpt":{"rendered":"<p>A Defesa Civil do Estado de S\u00e3o Paulo informa que, entre quarta-feira (20) e domingo (24), uma forte massa de ar quente e seca, al\u00e9m de um sistema de alta press\u00e3o que configura um bloqueio atmosf\u00e9rico, chegar\u00e1 a Jundia\u00ed e causar\u00e1 um expressivo aumento nas temperaturas e queda significativa na umidade relativa do ar (URA). [&hellip;]<\/p>\n","protected":false},"author":90,"featured_media":324973,"comment_status":"closed","ping_status":"0","sticky":false,"template":"","format":"standard","meta":{"footnotes":""},"categories":[2],"tags":[4187,34],"ods":[],"class_list":["post-327037","post","type-post","status-publish","format-standard","has-post-thumbnail","hentry","category-noticias","tag-alerta-defesa-civil","tag-defesa-civil"],"_links":{"self":[{"href":"https:\/\/jundiai.sp.gov.br\/noticias\/wp-json\/wp\/v2\/posts\/327037","targetHints":{"allow":["GET"]}}],"collection":[{"href":"https:\/\/jundiai.sp.gov.br\/noticias\/wp-json\/wp\/v2\/posts"}],"about":[{"href":"https:\/\/jundiai.sp.gov.br\/noticias\/wp-json\/wp\/v2\/types\/post"}],"author":[{"embeddable":true,"href":"https:\/\/jundiai.sp.gov.br\/noticias\/wp-json\/wp\/v2\/users\/90"}],"replies":[{"embeddable":true,"href":"https:\/\/jundiai.sp.gov.br\/noticias\/wp-json\/wp\/v2\/comments?post=327037"}],"version-history":[{"count":3,"href":"https:\/\/jundiai.sp.gov.br\/noticias\/wp-json\/wp\/v2\/posts\/327037\/revisions"}],"predecessor-version":[{"id":327066,"href":"https:\/\/jundiai.sp.gov.br\/noticias\/wp-json\/wp\/v2\/posts\/327037\/revisions\/327066"}],"wp:featuredmedia":[{"embeddable":true,"href":"https:\/\/jundiai.sp.gov.br\/noticias\/wp-json\/wp\/v2\/media\/324973"}],"wp:attachment":[{"href":"https:\/\/jundiai.sp.gov.br\/noticias\/wp-json\/wp\/v2\/media?parent=327037"}],"wp:term":[{"taxonomy":"category","embeddable":true,"href":"https:\/\/jundiai.sp.gov.br\/noticias\/wp-json\/wp\/v2\/categories?post=327037"},{"taxonomy":"post_tag","embeddable":true,"href":"https:\/\/jundiai.sp.gov.br\/noticias\/wp-json\/wp\/v2\/tags?post=327037"},{"taxonomy":"ods","embeddable":true,"href":"https:\/\/jundiai.sp.gov.br\/noticias\/wp-json\/wp\/v2\/ods?post=327037"}],"curies":[{"name":"wp","href":"https:\/\/api.w.org\/{rel}","templated":true}]}}